{"id":5761,"date":"2020-09-15T10:15:32","date_gmt":"2020-09-15T08:15:32","guid":{"rendered":"http:\/\/edicion.fundacionjesusserra.org\/tennis\/?p=5761"},"modified":"2024-04-18T16:09:59","modified_gmt":"2024-04-18T14:09:59","slug":"torna-xtc-2020","status":"publish","type":"post","link":"https:\/\/edicion.fundacionoccident.org\/tennis\/cat\/torna-xtc-2020","title":{"rendered":"Torna l&#8217;Xpress Tennis Cup amb la m\u00e0xima il\u00b7lusi\u00f3!"},"content":{"rendered":"<p>El torneig de tennis base de la Fundaci\u00f3n Occident torna amb energies renovades i ja t\u00e9 noves dates. Despr\u00e9s de posposar la 4a edici\u00f3 del torneig amb l&#8217;objectiu de complir amb les mesures proposades pel Govern en la prevenci\u00f3 de la Covid-19, al final de setembre marcar\u00e0 el tret d&#8217;inici d&#8217;aquesta nova edici\u00f3.<\/p>\n<p>En el moment actual en qu\u00e8 l&#8217;activitat esportiva en general, i la tenn\u00edstica en particular, torna a reprendre, a poc a poc i amb cautela, el seu curs, des de l&#8217;organitzaci\u00f3 del torneig s&#8217;ha acordat la tornada de l&#8217;Xpress Tennis Cup a les 3 comunitats aut\u00f2nomes que formen part del circuit: Comunitat de Madrid, Comunitat Valenciana i Catalunya. Sempre, com no pot ser d&#8217;altra manera, en estricte compliment de les directrius que emeten els organismes oficials.<\/p>\n<p>\u00c9s per aix\u00f2 que s&#8217;implantaran els protocols de prevenci\u00f3 davant de la Covid-19 que marquin les autoritats, vetllant per la seguretat dels assistents en cadascuna de les proves, i que pr\u00f2ximament seran detallades.<\/p>\n<p>Per a la Fundaci\u00f3n Occident sempre ha estat una prioritat poder reubicar les dates per celebrar el torneig en 2020, demostrant la seva aposta pel tennis base, a trav\u00e9s d&#8217;un esdeveniment que fomenta els valors d&#8217;esportivitat i companyerisme entre els m\u00e9s joves.<\/p>\n<p>A continuaci\u00f3, les dates de cadascuna de les fases que formen aquesta festa del tennis base, que en la edici\u00f3 anterior va reunir a 1.500 jugadors, 270 equips i m\u00e9s de 30 clubs i que, per 2020 esperen rebre a m\u00e9s de 2.000 joves tennistes:<\/p>\n<p><span style=\"text-decoration: underline;\"><a href=\"https:\/\/www.fundacionoccident.org\/tennis\/cat\/catalunya-lleida\" target=\"_blank\" rel=\"noopener noreferrer\"><span style=\"color: #000000; text-decoration: underline;\">26\/9: LLEIDA<\/span> \u2013 Club Nataci\u00f3 Lleida<\/a><\/span><\/p>\n<p><span style=\"text-decoration: underline;\"><a href=\"https:\/\/www.fundacionoccident.org\/tennis\/cat\/castello\" target=\"_blank\" rel=\"noopener noreferrer\"><span style=\"color: #000000; text-decoration: underline;\">4\/10: CASTELL\u00d3<\/span> \u2013 CT Castell\u00f3<\/a><\/span><\/p>\n<p><span style=\"text-decoration: underline;\"><a href=\"https:\/\/www.fundacionoccident.org\/tennis\/cat\/catalunya-tarragona\" target=\"_blank\" rel=\"noopener noreferrer\"><span style=\"color: #000000; text-decoration: underline;\">18\/10: TARRAGONA<\/span> \u2013 CT Tarragona<\/a><\/span><\/p>\n<p><span style=\"text-decoration: underline;\"><a href=\"https:\/\/www.fundacionoccident.org\/tennis\/cat\/alacant\" target=\"_blank\" rel=\"noopener noreferrer\"><span style=\"color: #000000; text-decoration: underline;\">24\/10: ALACANT<\/span> \u2013 JC Ferrero \u2013 Equelite<\/a><\/span><\/p>\n<p><span style=\"text-decoration: underline;\"><a href=\"https:\/\/www.fundacionoccident.org\/tennis\/cat\/catalunya-girona\" target=\"_blank\" rel=\"noopener noreferrer\"><span style=\"color: #000000; text-decoration: underline;\">31\/10: GIRONA<\/span> \u2013 CT Llafranc<\/a><\/span><\/p>\n<p><span style=\"text-decoration: underline;\"><a href=\"https:\/\/www.fundacionoccident.org\/cat\/xpress-tennis-cup\/comunitat-madrid\" target=\"_blank\" rel=\"noopener noreferrer\"><span style=\"color: #000000; text-decoration: underline;\">7\/11: MADRID<\/span> <span style=\"color: #000000; text-decoration: underline;\">(Fase pr\u00e8via)<\/span> \u2013 Federaci\u00f3 de Tennis de Madrid-Fuencarral<\/a><\/span><\/p>\n<p><span style=\"text-decoration: underline;\"><a href=\"https:\/\/www.fundacionoccident.org\/cat\/xpress-tennis-cup\/comunitat-madrid\" target=\"_blank\" rel=\"noopener noreferrer\"><span style=\"color: #000000; text-decoration: underline;\">8\/11: FINAL COM. MADRID<\/span> \u2013 Federaci\u00f3 de Tennis de Madrid-Fuencarral<\/a><\/span><\/p>\n<p><span style=\"text-decoration: underline;\"><a href=\"https:\/\/www.fundacionoccident.org\/tennis\/cat\/valencia-fase\" target=\"_blank\" rel=\"noopener noreferrer\"><span style=\"color: #000000; text-decoration: underline;\">21\/11: VAL\u00c8NCIA<\/span> \u2013 Club Espa\u00f1ol de Tennis<\/a><\/span><\/p>\n<p><span style=\"text-decoration: underline;\"><a href=\"https:\/\/www.fundacionoccident.org\/tennis\/cat\/comunitat-valenciana\" target=\"_blank\" rel=\"noopener noreferrer\"><span style=\"color: #000000; text-decoration: underline;\">22\/11: FINAL COM. VALENCIANA<\/span> \u2013 Club Espa\u00f1ol de Tennis<\/a><\/span><\/p>\n<p><span style=\"text-decoration: underline;\"><a href=\"https:\/\/www.fundacionoccident.org\/tennis\/cat\/catalunya-barcelona\" target=\"_blank\" rel=\"noopener noreferrer\"><span style=\"color: #000000; text-decoration: underline;\">28\/11: BARCELONA<\/span> \u2013 Cercle Sabadell\u00e8s<\/a><\/span><\/p>\n<p><span style=\"text-decoration: underline;\"><a href=\"https:\/\/www.fundacionoccident.org\/tennis\/cat\/catalunya\" target=\"_blank\" rel=\"noopener noreferrer\"><span style=\"color: #000000; text-decoration: underline;\">29\/11: FINAL CATALUNYA<\/span> \u2013 Cercle Sabadell\u00e8s<\/a><\/span><\/p>\n<p id=\"tw-target-text\" class=\"tw-data-text tw-text-large XcVN5d tw-ta\" dir=\"ltr\" data-placeholder=\"Traducci\u00f3n\">Arribar a una 4\u00aa edici\u00f3 incrementant el nombre de participants any rere any \u00e9s possible gr\u00e0cies al magn\u00edfic ambient que es genera amb els joves tennistes, entrenadors, familiars i clubs que formen part i, especialment, per aquells clubs que ofereixen les seves instal\u00b7lacions per ser seus i acollir les fases que componen el torneig, demostrant la seva implicaci\u00f3 en un projecte per i per als nens.<\/p>\n<p class=\"tw-data-text tw-text-large XcVN5d tw-ta\" dir=\"ltr\" data-placeholder=\"Traducci\u00f3n\">Finalment, anunciar com a novetat que l&#8217;Xpress Tennis Cup passar\u00e0 a formar part de l&#8217;Circuit de Aficionats de la Reial Federaci\u00f3 Espanyola de Tennis.<\/p>\n<p class=\"tw-data-text tw-text-large XcVN5d tw-ta\" dir=\"ltr\" data-placeholder=\"Traducci\u00f3n\">Torna la festa del tennis base. Torna el Xpress Tennis Cup.<\/p>\n","protected":false},"excerpt":{"rendered":"<p>El torneig de tennis base de la Fundaci\u00f3n Occident torna amb energies renovades i ja t\u00e9 noves dates. Despr\u00e9s de posposar la 4a edici\u00f3 del torneig amb l&#8217;objectiu de complir amb les mesures proposades pel Govern en la prevenci\u00f3 de la Covid-19, al final de&#8230;<\/p>\n","protected":false},"author":8,"featured_media":6199,"comment_status":"open","ping_status":"open","sticky":false,"template":"","format":"standard","meta":{"footnotes":"","_links_to":"","_links_to_target":""},"categories":[63],"tags":[],"class_list":["post-5761","post","type-post","status-publish","format-standard","has-post-thumbnail","hentry","category-xpress-tennis-cup"],"yoast_head":"<!-- This site is optimized with the Yoast SEO plugin v26.3 - https:\/\/yoast.com\/wordpress\/plugins\/seo\/ -->\n<title>Torna la 4a edici\u00f3 del Campionat de Tenis - Xpress Tennis Cup | FJS<\/title>\n<meta name=\"description\" content=\"Arriba la nova edici\u00f3 del Xpess Tennis Cup! Despr\u00e9s de posposar el torneig al mar\u00e7, torna l&#039;esdeveniment organitzat per la Fundaci\u00f3 Jes\u00fas Serra.\" \/>\n<meta name=\"robots\" content=\"index, follow, max-snippet:-1, max-image-preview:large, max-video-preview:-1\" \/>\n<link rel=\"canonical\" href=\"https:\/\/edicion.fundacionoccident.org\/tennis\/wp-json\/wp\/v2\/posts\/5761\" \/>\n<meta property=\"og:locale\" content=\"es_ES\" \/>\n<meta property=\"og:type\" content=\"article\" \/>\n<meta property=\"og:title\" content=\"Torna la 4a edici\u00f3 del Campionat de Tenis - Xpress Tennis Cup | FJS\" \/>\n<meta property=\"og:description\" content=\"Arriba la nova edici\u00f3 del Xpess Tennis Cup! Despr\u00e9s de posposar el torneig al mar\u00e7, torna l&#039;esdeveniment organitzat per la Fundaci\u00f3 Jes\u00fas Serra.\" \/>\n<meta property=\"og:url\" content=\"https:\/\/edicion.fundacionoccident.org\/tennis\/cat\/torna-xtc-2020\" \/>\n<meta property=\"og:site_name\" content=\"Xpress Tennis Cup\" \/>\n<meta property=\"article:published_time\" content=\"2020-09-15T08:15:32+00:00\" \/>\n<meta property=\"article:modified_time\" content=\"2024-04-18T14:09:59+00:00\" \/>\n<meta property=\"og:image\" content=\"https:\/\/edicion.fundacionoccident.org\/tennis\/wp-content\/uploads\/2020\/09\/Imagen-JPEG-95160E3448DF-1-min-2-scaled.jpeg\" \/>\n\t<meta property=\"og:image:width\" content=\"2560\" \/>\n\t<meta property=\"og:image:height\" content=\"1440\" \/>\n\t<meta property=\"og:image:type\" content=\"image\/jpeg\" \/>\n<meta name=\"author\" content=\"YOU FIRST\" \/>\n<meta name=\"twitter:card\" content=\"summary_large_image\" \/>\n<meta name=\"twitter:label1\" content=\"Escrito por\" \/>\n\t<meta name=\"twitter:data1\" content=\"YOU FIRST\" \/>\n\t<meta name=\"twitter:label2\" content=\"Tiempo de lectura\" \/>\n\t<meta name=\"twitter:data2\" content=\"2 minutos\" \/>\n<script type=\"application\/ld+json\" class=\"yoast-schema-graph\">{\"@context\":\"https:\/\/schema.org\",\"@graph\":[{\"@type\":\"WebPage\",\"@id\":\"https:\/\/edicion.fundacionoccident.org\/tennis\/cat\/torna-xtc-2020\",\"url\":\"https:\/\/edicion.fundacionoccident.org\/tennis\/cat\/torna-xtc-2020\",\"name\":\"Torna la 4a edici\u00f3 del Campionat de Tenis - Xpress Tennis Cup | FJS\",\"isPartOf\":{\"@id\":\"https:\/\/edicion.fundacionoccident.org\/tennis\/#website\"},\"primaryImageOfPage\":{\"@id\":\"https:\/\/edicion.fundacionoccident.org\/tennis\/cat\/torna-xtc-2020#primaryimage\"},\"image\":{\"@id\":\"https:\/\/edicion.fundacionoccident.org\/tennis\/cat\/torna-xtc-2020#primaryimage\"},\"thumbnailUrl\":\"https:\/\/edicion.fundacionoccident.org\/tennis\/wp-content\/uploads\/2020\/09\/Imagen-JPEG-95160E3448DF-1-min-2-scaled.jpeg\",\"datePublished\":\"2020-09-15T08:15:32+00:00\",\"dateModified\":\"2024-04-18T14:09:59+00:00\",\"author\":{\"@id\":\"https:\/\/edicion.fundacionoccident.org\/tennis\/#\/schema\/person\/91a1f91e6978155a5e03d29d8ba44ecf\"},\"description\":\"Arriba la nova edici\u00f3 del Xpess Tennis Cup! Despr\u00e9s de posposar el torneig al mar\u00e7, torna l'esdeveniment organitzat per la Fundaci\u00f3 Jes\u00fas Serra.\",\"breadcrumb\":{\"@id\":\"https:\/\/edicion.fundacionoccident.org\/tennis\/cat\/torna-xtc-2020#breadcrumb\"},\"inLanguage\":\"es\",\"potentialAction\":[{\"@type\":\"ReadAction\",\"target\":[\"https:\/\/edicion.fundacionoccident.org\/tennis\/cat\/torna-xtc-2020\"]}]},{\"@type\":\"ImageObject\",\"inLanguage\":\"es\",\"@id\":\"https:\/\/edicion.fundacionoccident.org\/tennis\/cat\/torna-xtc-2020#primaryimage\",\"url\":\"https:\/\/edicion.fundacionoccident.org\/tennis\/wp-content\/uploads\/2020\/09\/Imagen-JPEG-95160E3448DF-1-min-2-scaled.jpeg\",\"contentUrl\":\"https:\/\/edicion.fundacionoccident.org\/tennis\/wp-content\/uploads\/2020\/09\/Imagen-JPEG-95160E3448DF-1-min-2-scaled.jpeg\",\"width\":2560,\"height\":1440},{\"@type\":\"BreadcrumbList\",\"@id\":\"https:\/\/edicion.fundacionoccident.org\/tennis\/cat\/torna-xtc-2020#breadcrumb\",\"itemListElement\":[{\"@type\":\"ListItem\",\"position\":1,\"name\":\"Portada\",\"item\":\"https:\/\/edicion.fundacionoccident.org\/tennis\/\"},{\"@type\":\"ListItem\",\"position\":2,\"name\":\"Torna l&#8217;Xpress Tennis Cup amb la m\u00e0xima il\u00b7lusi\u00f3!\"}]},{\"@type\":\"WebSite\",\"@id\":\"https:\/\/edicion.fundacionoccident.org\/tennis\/#website\",\"url\":\"https:\/\/edicion.fundacionoccident.org\/tennis\/\",\"name\":\"Xpress Tennis Cup\",\"description\":\"Fundaci\u00f3 Jes\u00fas Serra\",\"potentialAction\":[{\"@type\":\"SearchAction\",\"target\":{\"@type\":\"EntryPoint\",\"urlTemplate\":\"https:\/\/edicion.fundacionoccident.org\/tennis\/?s={search_term_string}\"},\"query-input\":{\"@type\":\"PropertyValueSpecification\",\"valueRequired\":true,\"valueName\":\"search_term_string\"}}],\"inLanguage\":\"es\"},{\"@type\":\"Person\",\"@id\":\"https:\/\/edicion.fundacionoccident.org\/tennis\/#\/schema\/person\/91a1f91e6978155a5e03d29d8ba44ecf\",\"name\":\"YOU FIRST\",\"url\":\"https:\/\/edicion.fundacionoccident.org\/tennis\/author\/yourfirst\"}]}<\/script>\n<!-- \/ Yoast SEO plugin. -->","yoast_head_json":{"title":"Torna la 4a edici\u00f3 del Campionat de Tenis - Xpress Tennis Cup | FJS","description":"Arriba la nova edici\u00f3 del Xpess Tennis Cup! Despr\u00e9s de posposar el torneig al mar\u00e7, torna l'esdeveniment organitzat per la Fundaci\u00f3 Jes\u00fas Serra.","robots":{"index":"index","follow":"follow","max-snippet":"max-snippet:-1","max-image-preview":"max-image-preview:large","max-video-preview":"max-video-preview:-1"},"canonical":"https:\/\/edicion.fundacionoccident.org\/tennis\/wp-json\/wp\/v2\/posts\/5761","og_locale":"es_ES","og_type":"article","og_title":"Torna la 4a edici\u00f3 del Campionat de Tenis - Xpress Tennis Cup | FJS","og_description":"Arriba la nova edici\u00f3 del Xpess Tennis Cup! Despr\u00e9s de posposar el torneig al mar\u00e7, torna l'esdeveniment organitzat per la Fundaci\u00f3 Jes\u00fas Serra.","og_url":"https:\/\/edicion.fundacionoccident.org\/tennis\/cat\/torna-xtc-2020","og_site_name":"Xpress Tennis Cup","article_published_time":"2020-09-15T08:15:32+00:00","article_modified_time":"2024-04-18T14:09:59+00:00","og_image":[{"width":2560,"height":1440,"url":"https:\/\/edicion.fundacionoccident.org\/tennis\/wp-content\/uploads\/2020\/09\/Imagen-JPEG-95160E3448DF-1-min-2-scaled.jpeg","type":"image\/jpeg"}],"author":"YOU FIRST","twitter_card":"summary_large_image","twitter_misc":{"Escrito por":"YOU FIRST","Tiempo de lectura":"2 minutos"},"schema":{"@context":"https:\/\/schema.org","@graph":[{"@type":"WebPage","@id":"https:\/\/edicion.fundacionoccident.org\/tennis\/cat\/torna-xtc-2020","url":"https:\/\/edicion.fundacionoccident.org\/tennis\/cat\/torna-xtc-2020","name":"Torna la 4a edici\u00f3 del Campionat de Tenis - Xpress Tennis Cup | FJS","isPartOf":{"@id":"https:\/\/edicion.fundacionoccident.org\/tennis\/#website"},"primaryImageOfPage":{"@id":"https:\/\/edicion.fundacionoccident.org\/tennis\/cat\/torna-xtc-2020#primaryimage"},"image":{"@id":"https:\/\/edicion.fundacionoccident.org\/tennis\/cat\/torna-xtc-2020#primaryimage"},"thumbnailUrl":"https:\/\/edicion.fundacionoccident.org\/tennis\/wp-content\/uploads\/2020\/09\/Imagen-JPEG-95160E3448DF-1-min-2-scaled.jpeg","datePublished":"2020-09-15T08:15:32+00:00","dateModified":"2024-04-18T14:09:59+00:00","author":{"@id":"https:\/\/edicion.fundacionoccident.org\/tennis\/#\/schema\/person\/91a1f91e6978155a5e03d29d8ba44ecf"},"description":"Arriba la nova edici\u00f3 del Xpess Tennis Cup! Despr\u00e9s de posposar el torneig al mar\u00e7, torna l'esdeveniment organitzat per la Fundaci\u00f3 Jes\u00fas Serra.","breadcrumb":{"@id":"https:\/\/edicion.fundacionoccident.org\/tennis\/cat\/torna-xtc-2020#breadcrumb"},"inLanguage":"es","potentialAction":[{"@type":"ReadAction","target":["https:\/\/edicion.fundacionoccident.org\/tennis\/cat\/torna-xtc-2020"]}]},{"@type":"ImageObject","inLanguage":"es","@id":"https:\/\/edicion.fundacionoccident.org\/tennis\/cat\/torna-xtc-2020#primaryimage","url":"https:\/\/edicion.fundacionoccident.org\/tennis\/wp-content\/uploads\/2020\/09\/Imagen-JPEG-95160E3448DF-1-min-2-scaled.jpeg","contentUrl":"https:\/\/edicion.fundacionoccident.org\/tennis\/wp-content\/uploads\/2020\/09\/Imagen-JPEG-95160E3448DF-1-min-2-scaled.jpeg","width":2560,"height":1440},{"@type":"BreadcrumbList","@id":"https:\/\/edicion.fundacionoccident.org\/tennis\/cat\/torna-xtc-2020#breadcrumb","itemListElement":[{"@type":"ListItem","position":1,"name":"Portada","item":"https:\/\/edicion.fundacionoccident.org\/tennis\/"},{"@type":"ListItem","position":2,"name":"Torna l&#8217;Xpress Tennis Cup amb la m\u00e0xima il\u00b7lusi\u00f3!"}]},{"@type":"WebSite","@id":"https:\/\/edicion.fundacionoccident.org\/tennis\/#website","url":"https:\/\/edicion.fundacionoccident.org\/tennis\/","name":"Xpress Tennis Cup","description":"Fundaci\u00f3 Jes\u00fas Serra","potentialAction":[{"@type":"SearchAction","target":{"@type":"EntryPoint","urlTemplate":"https:\/\/edicion.fundacionoccident.org\/tennis\/?s={search_term_string}"},"query-input":{"@type":"PropertyValueSpecification","valueRequired":true,"valueName":"search_term_string"}}],"inLanguage":"es"},{"@type":"Person","@id":"https:\/\/edicion.fundacionoccident.org\/tennis\/#\/schema\/person\/91a1f91e6978155a5e03d29d8ba44ecf","name":"YOU FIRST","url":"https:\/\/edicion.fundacionoccident.org\/tennis\/author\/yourfirst"}]}},"_links":{"self":[{"href":"https:\/\/edicion.fundacionoccident.org\/tennis\/wp-json\/wp\/v2\/posts\/5761","targetHints":{"allow":["GET"]}}],"collection":[{"href":"https:\/\/edicion.fundacionoccident.org\/tennis\/wp-json\/wp\/v2\/posts"}],"about":[{"href":"https:\/\/edicion.fundacionoccident.org\/tennis\/wp-json\/wp\/v2\/types\/post"}],"author":[{"embeddable":true,"href":"https:\/\/edicion.fundacionoccident.org\/tennis\/wp-json\/wp\/v2\/users\/8"}],"replies":[{"embeddable":true,"href":"https:\/\/edicion.fundacionoccident.org\/tennis\/wp-json\/wp\/v2\/comments?post=5761"}],"version-history":[{"count":11,"href":"https:\/\/edicion.fundacionoccident.org\/tennis\/wp-json\/wp\/v2\/posts\/5761\/revisions"}],"predecessor-version":[{"id":8760,"href":"https:\/\/edicion.fundacionoccident.org\/tennis\/wp-json\/wp\/v2\/posts\/5761\/revisions\/8760"}],"wp:featuredmedia":[{"embeddable":true,"href":"https:\/\/edicion.fundacionoccident.org\/tennis\/wp-json\/wp\/v2\/media\/6199"}],"wp:attachment":[{"href":"https:\/\/edicion.fundacionoccident.org\/tennis\/wp-json\/wp\/v2\/media?parent=5761"}],"wp:term":[{"taxonomy":"category","embeddable":true,"href":"https:\/\/edicion.fundacionoccident.org\/tennis\/wp-json\/wp\/v2\/categories?post=5761"},{"taxonomy":"post_tag","embeddable":true,"href":"https:\/\/edicion.fundacionoccident.org\/tennis\/wp-json\/wp\/v2\/tags?post=5761"}],"curies":[{"name":"wp","href":"https:\/\/api.w.org\/{rel}","templated":true}]}}