{"id":5780,"date":"2019-05-24T23:22:19","date_gmt":"2019-05-24T23:22:19","guid":{"rendered":"http:\/\/edicion.fundacionjesusserra.org\/tennis\/?p=5780"},"modified":"2020-08-26T14:34:14","modified_gmt":"2020-08-26T14:34:14","slug":"posposa-tarragona-2019","status":"publish","type":"post","link":"https:\/\/edicion.fundacionoccident.org\/tennis\/cat\/posposa-tarragona-2019","title":{"rendered":"Es posposa la Fase Tarragona"},"content":{"rendered":"<p class=\"x_MsoNormal\">Portem males not\u00edcies per a aquest cap de setmana; amb les pluges caigudes a Tarragona durant tot divendres i les que s&#8217;esperen fins al mat\u00ed de dissabte, ens veiem obligats a posposar la Fase Tarragona del torneig Xpress Tennis Cup de la Fundaci\u00f3n Jes\u00fas Serra.<\/p>\n<p>Volem expressar el nostre agra\u00efment als 30 equips, 190 participants dels 7 clubs de la prov\u00edncia que estaven inscrits en aquesta fase.<\/p>\n<p class=\"x_MsoNormal\"><strong>Esperem informar tan aviat com puguem de la nova data en qu\u00e8 se celebrar\u00e0 la Fase Tarragona del torneig Xpress Tennis Cup i poder tornar a comptar amb la vostra assist\u00e8ncia.<\/strong><\/p>\n","protected":false},"excerpt":{"rendered":"<p>Portem males not\u00edcies per a aquest cap de setmana; amb les pluges caigudes a Tarragona durant tot divendres i les que s&#8217;esperen fins al mat\u00ed de dissabte, ens veiem obligats a posposar la Fase Tarragona del torneig Xpress Tennis Cup de la Fundaci\u00f3n Jes\u00fas Serra&#8230;.<\/p>\n","protected":false},"author":6,"featured_media":4485,"comment_status":"open","ping_status":"open","sticky":false,"template":"","format":"standard","meta":{"footnotes":"","_links_to":"","_links_to_target":""},"categories":[63],"tags":[],"class_list":["post-5780","post","type-post","status-publish","format-standard","has-post-thumbnail","hentry","category-xpress-tennis-cup"],"yoast_head":"<!-- This site is optimized with the Yoast SEO plugin v26.3 - https:\/\/yoast.com\/wordpress\/plugins\/seo\/ -->\n<title>Fase de Tarragona 2019 posposada - Xpress Tennis Cup | FJS<\/title>\n<meta name=\"description\" content=\"A causa d&#039;inclem\u00e8ncies meteorol\u00f2giques, ens veiem obligats a posposar la Fase Tarragona de l&#039;Xpress Tennis Cup de la Fundaci\u00f3 Jes\u00fas Serra.\" \/>\n<meta name=\"robots\" content=\"index, follow, max-snippet:-1, max-image-preview:large, max-video-preview:-1\" \/>\n<link rel=\"canonical\" href=\"https:\/\/edicion.fundacionoccident.org\/tennis\/wp-json\/wp\/v2\/posts\/5780\" \/>\n<meta property=\"og:locale\" content=\"es_ES\" \/>\n<meta property=\"og:type\" content=\"article\" \/>\n<meta property=\"og:title\" content=\"Fase de Tarragona 2019 posposada - Xpress Tennis Cup | FJS\" \/>\n<meta property=\"og:description\" content=\"A causa d&#039;inclem\u00e8ncies meteorol\u00f2giques, ens veiem obligats a posposar la Fase Tarragona de l&#039;Xpress Tennis Cup de la Fundaci\u00f3 Jes\u00fas Serra.\" \/>\n<meta property=\"og:url\" content=\"https:\/\/edicion.fundacionoccident.org\/tennis\/cat\/posposa-tarragona-2019\" \/>\n<meta property=\"og:site_name\" content=\"Xpress Tennis Cup\" \/>\n<meta property=\"article:published_time\" content=\"2019-05-24T23:22:19+00:00\" \/>\n<meta property=\"article:modified_time\" content=\"2020-08-26T14:34:14+00:00\" \/>\n<meta property=\"og:image\" content=\"https:\/\/edicion.fundacionoccident.org\/tennis\/wp-content\/uploads\/2019\/01\/premis.jpg\" \/>\n\t<meta property=\"og:image:width\" content=\"529\" \/>\n\t<meta property=\"og:image:height\" content=\"388\" \/>\n\t<meta property=\"og:image:type\" content=\"image\/jpeg\" \/>\n<meta name=\"author\" content=\"SEOCOM\" \/>\n<meta name=\"twitter:card\" content=\"summary_large_image\" \/>\n<meta name=\"twitter:label1\" content=\"Escrito por\" \/>\n\t<meta name=\"twitter:data1\" content=\"SEOCOM\" \/>\n\t<meta name=\"twitter:label2\" content=\"Tiempo de lectura\" \/>\n\t<meta name=\"twitter:data2\" content=\"1 minuto\" \/>\n<script type=\"application\/ld+json\" class=\"yoast-schema-graph\">{\"@context\":\"https:\/\/schema.org\",\"@graph\":[{\"@type\":\"WebPage\",\"@id\":\"https:\/\/edicion.fundacionoccident.org\/tennis\/cat\/posposa-tarragona-2019\",\"url\":\"https:\/\/edicion.fundacionoccident.org\/tennis\/cat\/posposa-tarragona-2019\",\"name\":\"Fase de Tarragona 2019 posposada - Xpress Tennis Cup | FJS\",\"isPartOf\":{\"@id\":\"https:\/\/edicion.fundacionoccident.org\/tennis\/#website\"},\"primaryImageOfPage\":{\"@id\":\"https:\/\/edicion.fundacionoccident.org\/tennis\/cat\/posposa-tarragona-2019#primaryimage\"},\"image\":{\"@id\":\"https:\/\/edicion.fundacionoccident.org\/tennis\/cat\/posposa-tarragona-2019#primaryimage\"},\"thumbnailUrl\":\"https:\/\/edicion.fundacionoccident.org\/tennis\/wp-content\/uploads\/2019\/01\/premis.jpg\",\"datePublished\":\"2019-05-24T23:22:19+00:00\",\"dateModified\":\"2020-08-26T14:34:14+00:00\",\"author\":{\"@id\":\"https:\/\/edicion.fundacionoccident.org\/tennis\/#\/schema\/person\/027c84aa6e6bff6c391d1500ecb7d9ed\"},\"description\":\"A causa d'inclem\u00e8ncies meteorol\u00f2giques, ens veiem obligats a posposar la Fase Tarragona de l'Xpress Tennis Cup de la Fundaci\u00f3 Jes\u00fas Serra.\",\"breadcrumb\":{\"@id\":\"https:\/\/edicion.fundacionoccident.org\/tennis\/cat\/posposa-tarragona-2019#breadcrumb\"},\"inLanguage\":\"es\",\"potentialAction\":[{\"@type\":\"ReadAction\",\"target\":[\"https:\/\/edicion.fundacionoccident.org\/tennis\/cat\/posposa-tarragona-2019\"]}]},{\"@type\":\"ImageObject\",\"inLanguage\":\"es\",\"@id\":\"https:\/\/edicion.fundacionoccident.org\/tennis\/cat\/posposa-tarragona-2019#primaryimage\",\"url\":\"https:\/\/edicion.fundacionoccident.org\/tennis\/wp-content\/uploads\/2019\/01\/premis.jpg\",\"contentUrl\":\"https:\/\/edicion.fundacionoccident.org\/tennis\/wp-content\/uploads\/2019\/01\/premis.jpg\",\"width\":529,\"height\":388},{\"@type\":\"BreadcrumbList\",\"@id\":\"https:\/\/edicion.fundacionoccident.org\/tennis\/cat\/posposa-tarragona-2019#breadcrumb\",\"itemListElement\":[{\"@type\":\"ListItem\",\"position\":1,\"name\":\"Portada\",\"item\":\"https:\/\/edicion.fundacionoccident.org\/tennis\/\"},{\"@type\":\"ListItem\",\"position\":2,\"name\":\"Es posposa la Fase Tarragona\"}]},{\"@type\":\"WebSite\",\"@id\":\"https:\/\/edicion.fundacionoccident.org\/tennis\/#website\",\"url\":\"https:\/\/edicion.fundacionoccident.org\/tennis\/\",\"name\":\"Xpress Tennis Cup\",\"description\":\"Fundaci\u00f3 Jes\u00fas Serra\",\"potentialAction\":[{\"@type\":\"SearchAction\",\"target\":{\"@type\":\"EntryPoint\",\"urlTemplate\":\"https:\/\/edicion.fundacionoccident.org\/tennis\/?s={search_term_string}\"},\"query-input\":{\"@type\":\"PropertyValueSpecification\",\"valueRequired\":true,\"valueName\":\"search_term_string\"}}],\"inLanguage\":\"es\"},{\"@type\":\"Person\",\"@id\":\"https:\/\/edicion.fundacionoccident.org\/tennis\/#\/schema\/person\/027c84aa6e6bff6c391d1500ecb7d9ed\",\"name\":\"SEOCOM\",\"url\":\"https:\/\/edicion.fundacionoccident.org\/tennis\/author\/tennisfjs\"}]}<\/script>\n<!-- \/ Yoast SEO plugin. -->","yoast_head_json":{"title":"Fase de Tarragona 2019 posposada - Xpress Tennis Cup | FJS","description":"A causa d'inclem\u00e8ncies meteorol\u00f2giques, ens veiem obligats a posposar la Fase Tarragona de l'Xpress Tennis Cup de la Fundaci\u00f3 Jes\u00fas Serra.","robots":{"index":"index","follow":"follow","max-snippet":"max-snippet:-1","max-image-preview":"max-image-preview:large","max-video-preview":"max-video-preview:-1"},"canonical":"https:\/\/edicion.fundacionoccident.org\/tennis\/wp-json\/wp\/v2\/posts\/5780","og_locale":"es_ES","og_type":"article","og_title":"Fase de Tarragona 2019 posposada - Xpress Tennis Cup | FJS","og_description":"A causa d'inclem\u00e8ncies meteorol\u00f2giques, ens veiem obligats a posposar la Fase Tarragona de l'Xpress Tennis Cup de la Fundaci\u00f3 Jes\u00fas Serra.","og_url":"https:\/\/edicion.fundacionoccident.org\/tennis\/cat\/posposa-tarragona-2019","og_site_name":"Xpress Tennis Cup","article_published_time":"2019-05-24T23:22:19+00:00","article_modified_time":"2020-08-26T14:34:14+00:00","og_image":[{"width":529,"height":388,"url":"https:\/\/edicion.fundacionoccident.org\/tennis\/wp-content\/uploads\/2019\/01\/premis.jpg","type":"image\/jpeg"}],"author":"SEOCOM","twitter_card":"summary_large_image","twitter_misc":{"Escrito por":"SEOCOM","Tiempo de lectura":"1 minuto"},"schema":{"@context":"https:\/\/schema.org","@graph":[{"@type":"WebPage","@id":"https:\/\/edicion.fundacionoccident.org\/tennis\/cat\/posposa-tarragona-2019","url":"https:\/\/edicion.fundacionoccident.org\/tennis\/cat\/posposa-tarragona-2019","name":"Fase de Tarragona 2019 posposada - Xpress Tennis Cup | FJS","isPartOf":{"@id":"https:\/\/edicion.fundacionoccident.org\/tennis\/#website"},"primaryImageOfPage":{"@id":"https:\/\/edicion.fundacionoccident.org\/tennis\/cat\/posposa-tarragona-2019#primaryimage"},"image":{"@id":"https:\/\/edicion.fundacionoccident.org\/tennis\/cat\/posposa-tarragona-2019#primaryimage"},"thumbnailUrl":"https:\/\/edicion.fundacionoccident.org\/tennis\/wp-content\/uploads\/2019\/01\/premis.jpg","datePublished":"2019-05-24T23:22:19+00:00","dateModified":"2020-08-26T14:34:14+00:00","author":{"@id":"https:\/\/edicion.fundacionoccident.org\/tennis\/#\/schema\/person\/027c84aa6e6bff6c391d1500ecb7d9ed"},"description":"A causa d'inclem\u00e8ncies meteorol\u00f2giques, ens veiem obligats a posposar la Fase Tarragona de l'Xpress Tennis Cup de la Fundaci\u00f3 Jes\u00fas Serra.","breadcrumb":{"@id":"https:\/\/edicion.fundacionoccident.org\/tennis\/cat\/posposa-tarragona-2019#breadcrumb"},"inLanguage":"es","potentialAction":[{"@type":"ReadAction","target":["https:\/\/edicion.fundacionoccident.org\/tennis\/cat\/posposa-tarragona-2019"]}]},{"@type":"ImageObject","inLanguage":"es","@id":"https:\/\/edicion.fundacionoccident.org\/tennis\/cat\/posposa-tarragona-2019#primaryimage","url":"https:\/\/edicion.fundacionoccident.org\/tennis\/wp-content\/uploads\/2019\/01\/premis.jpg","contentUrl":"https:\/\/edicion.fundacionoccident.org\/tennis\/wp-content\/uploads\/2019\/01\/premis.jpg","width":529,"height":388},{"@type":"BreadcrumbList","@id":"https:\/\/edicion.fundacionoccident.org\/tennis\/cat\/posposa-tarragona-2019#breadcrumb","itemListElement":[{"@type":"ListItem","position":1,"name":"Portada","item":"https:\/\/edicion.fundacionoccident.org\/tennis\/"},{"@type":"ListItem","position":2,"name":"Es posposa la Fase Tarragona"}]},{"@type":"WebSite","@id":"https:\/\/edicion.fundacionoccident.org\/tennis\/#website","url":"https:\/\/edicion.fundacionoccident.org\/tennis\/","name":"Xpress Tennis Cup","description":"Fundaci\u00f3 Jes\u00fas Serra","potentialAction":[{"@type":"SearchAction","target":{"@type":"EntryPoint","urlTemplate":"https:\/\/edicion.fundacionoccident.org\/tennis\/?s={search_term_string}"},"query-input":{"@type":"PropertyValueSpecification","valueRequired":true,"valueName":"search_term_string"}}],"inLanguage":"es"},{"@type":"Person","@id":"https:\/\/edicion.fundacionoccident.org\/tennis\/#\/schema\/person\/027c84aa6e6bff6c391d1500ecb7d9ed","name":"SEOCOM","url":"https:\/\/edicion.fundacionoccident.org\/tennis\/author\/tennisfjs"}]}},"_links":{"self":[{"href":"https:\/\/edicion.fundacionoccident.org\/tennis\/wp-json\/wp\/v2\/posts\/5780","targetHints":{"allow":["GET"]}}],"collection":[{"href":"https:\/\/edicion.fundacionoccident.org\/tennis\/wp-json\/wp\/v2\/posts"}],"about":[{"href":"https:\/\/edicion.fundacionoccident.org\/tennis\/wp-json\/wp\/v2\/types\/post"}],"author":[{"embeddable":true,"href":"https:\/\/edicion.fundacionoccident.org\/tennis\/wp-json\/wp\/v2\/users\/6"}],"replies":[{"embeddable":true,"href":"https:\/\/edicion.fundacionoccident.org\/tennis\/wp-json\/wp\/v2\/comments?post=5780"}],"version-history":[{"count":2,"href":"https:\/\/edicion.fundacionoccident.org\/tennis\/wp-json\/wp\/v2\/posts\/5780\/revisions"}],"predecessor-version":[{"id":5937,"href":"https:\/\/edicion.fundacionoccident.org\/tennis\/wp-json\/wp\/v2\/posts\/5780\/revisions\/5937"}],"wp:featuredmedia":[{"embeddable":true,"href":"https:\/\/edicion.fundacionoccident.org\/tennis\/wp-json\/wp\/v2\/media\/4485"}],"wp:attachment":[{"href":"https:\/\/edicion.fundacionoccident.org\/tennis\/wp-json\/wp\/v2\/media?parent=5780"}],"wp:term":[{"taxonomy":"category","embeddable":true,"href":"https:\/\/edicion.fundacionoccident.org\/tennis\/wp-json\/wp\/v2\/categories?post=5780"},{"taxonomy":"post_tag","embeddable":true,"href":"https:\/\/edicion.fundacionoccident.org\/tennis\/wp-json\/wp\/v2\/tags?post=5780"}],"curies":[{"name":"wp","href":"https:\/\/api.w.org\/{rel}","templated":true}]}}