{"id":5782,"date":"2019-05-17T06:33:00","date_gmt":"2019-05-17T06:33:00","guid":{"rendered":"http:\/\/edicion.fundacionjesusserra.org\/tennis\/?p=5782"},"modified":"2020-08-26T14:42:57","modified_gmt":"2020-08-26T14:42:57","slug":"resum-resultats-gran-final-valencia-2019","status":"publish","type":"post","link":"https:\/\/edicion.fundacionoccident.org\/tennis\/cat\/resum-resultats-gran-final-valencia-2019","title":{"rendered":"Resum i resultats Xpress Tennis Cup &#8211; Gran Final Valencia"},"content":{"rendered":"<p><strong>Gran \u00e8xit de participaci\u00f3 en el primer Torneig Xpress Tennis Cup organitzat per la Fundaci\u00f3n Occident a la Comunitat Valenciana<br \/>\n<\/strong><strong>Les pistes del Club Espa\u00f1ol de Tenis de Val\u00e8ncia van congregar 115 joves tenistes i 24 equips de tota la regi\u00f3.<\/strong><\/p>\n<p>Els dies 11 i 12 de maig es va posar el colof\u00f3 final a l&#8217;Xpress Tennis Cup de la Comunitat Valenciana. Aquesta competici\u00f3 impulsada per la Fundaci\u00f3n Occident, del Grup Catalana Occident, i la firma esportiva Wilson, ha acabat amb gran \u00e8xit la primera incursi\u00f3 en terres llevantines.<\/p>\n<p>Despr\u00e9s dels tornejos disputats a l&#8217;Equelite Sport Academy d&#8217;Alacant i el CT Castell\u00f3, el dissabte 11 de maig les pistes del Club Espa\u00f1ol de Tenis de Val\u00e8ncia van agafar el relleu d&#8217;aquest torneig celebrant la fase provincial, en qu\u00e8 van participar nens i nenes amb edats compreses entre 5 i 12 anys en partits de 20 minuts.<\/p>\n<h1>24 equips i 115 participants<\/h1>\n<p>El diumenge 12 de maig va arribar el plat fort amb la gran final de la Comunitat Valenciana. La van disputar 115 esportistes que formaven part de 24 equips amb m\u00e9s de 300 espectadors a les grades. Tots els finalistes van rebre material esportiu gentilesa de Wilson. Al seu torn, els equips guanyadors i els subcampions van rebre material esportiu Wilson.<\/p>\n<p>Els premis als guanyadors els van lliurar Chimo Garc\u00eda, en representaci\u00f3 del Club Espa\u00f1ol de Tenis i, en representaci\u00f3 de la Fundaci\u00f3n Occident, Marina Fern\u00e1ndez, Joel Ram\u00edrez i Lola Ochoa, esportista paral\u00edmpica.<\/p>\n<p><strong>Activitats l\u00fadiques<\/strong><\/p>\n<p>L&#8217;aspecte l\u00fadic del torneig \u00e9s una de les claus de l&#8217;\u00e8xit. En aquest sentit, a m\u00e9s del campionat tamb\u00e9 es van dur a terme un altre tipus d&#8217;activitats amb l&#8217;objectiu de fomentar els valors de l&#8217;esport, el treball en equip i la solidaritat entre els m\u00e9s joves.<\/p>\n<p>Aix\u00ed, l&#8217;ambient generat converteix el torneig en una gran festa, en qu\u00e8 a m\u00e9s de tenir un estand <strong>Wilson<\/strong> i <strong>Tennis Aid<\/strong>, els assistents han participat en activitats per a tots els p\u00fablics, per mesurar la punteria, jocs amb raquetes gegants, street tennis, tri-tennis, zona chill out, photocall, un taller per pintar cordatge, sortejos i un gran nombre de sorpreses que fan d&#8217;aquest torneig una competici\u00f3 diferent i singular.<\/p>\n<div>\n<h1>Galeria<\/h1>\n<p><a href=\"https:\/\/www.fundacionoccident.org\/tennis\/cat\/galeria-comunitat-valenciana-2019\"><span style=\"text-decoration: underline;\">Totes les imatges i v\u00eddeos \u00bb<\/span><\/a><\/p>\n<h1>Quadre d&#8217;honor<\/h1>\n<p>Tots els guanyadors i finalistes de les diverses categories i modalitats<\/p>\n<p><strong>Categoria sub-10 femen\u00ed<\/strong><br \/>\nGuanyador: CT Benicarl\u00f3<br \/>\nFinalista: CAM Villenense<\/p>\n<p><strong>Categoria sub-10 mascul\u00ed<\/strong><br \/>\nGuanyador: Club de Campo Elche<br \/>\nFinalista: CAM Villenense<\/p>\n<p><strong>Categoria sub-12 femen\u00ed<\/strong><br \/>\nGuanyador: CT Ll\u00edria<br \/>\nFinalista: CT Benicarl\u00f3<\/p>\n<p><strong>Categoria sub-12 mascul\u00ed<\/strong><br \/>\nGuanyador: CT Benicarl\u00f3<br \/>\nFinalista: Club de Campo Elche<\/p>\n<p>&nbsp;<\/p>\n<\/div>\n<h1>Agra\u00efments<\/h1>\n<p>Volem agrair la participaci\u00f3 de tots els equips i la col\u00b7laboraci\u00f3 del <strong>Club Espa\u00f1ol de Tenis<\/strong>.\u00a0Tamb\u00e9 hem de destacar el suport de Wilson, Pombel Smoothies, Nestl\u00e9 Fitness, Solan de Cabras i Tennis Aid en totes les proves del circuit.<br \/>\n<strong>Gr\u00e0cies a tothom!<\/strong><\/p>\n","protected":false},"excerpt":{"rendered":"<p>Gran \u00e8xit de participaci\u00f3 en el primer Torneig Xpress Tennis Cup organitzat per la Fundaci\u00f3n Occident a la Comunitat Valenciana Les pistes del Club Espa\u00f1ol de Tenis de Val\u00e8ncia van congregar 115 joves tenistes i 24 equips de tota la regi\u00f3. Els dies 11 i&#8230;<\/p>\n","protected":false},"author":6,"featured_media":5005,"comment_status":"open","ping_status":"open","sticky":false,"template":"","format":"standard","meta":{"footnotes":"","_links_to":"","_links_to_target":""},"categories":[63],"tags":[],"class_list":["post-5782","post","type-post","status-publish","format-standard","has-post-thumbnail","hentry","category-xpress-tennis-cup"],"yoast_head":"<!-- This site is optimized with the Yoast SEO plugin v26.3 - https:\/\/yoast.com\/wordpress\/plugins\/seo\/ -->\n<title>Resum resultats Gran Final Val\u00e8ncia 2019 - Xpress Tennis Cup | FJS<\/title>\n<meta name=\"description\" content=\"Consulta els resultats de la Gran Final del campionat Xpress Tennis Cup 2019 a Val\u00e8ncia: equips, participants, galeria, quadre d&#039;honor...\" \/>\n<meta name=\"robots\" content=\"index, follow, max-snippet:-1, max-image-preview:large, max-video-preview:-1\" \/>\n<link rel=\"canonical\" href=\"https:\/\/edicion.fundacionoccident.org\/tennis\/wp-json\/wp\/v2\/posts\/5782\" \/>\n<meta property=\"og:locale\" content=\"es_ES\" \/>\n<meta property=\"og:type\" content=\"article\" \/>\n<meta property=\"og:title\" content=\"Resum resultats Gran Final Val\u00e8ncia 2019 - Xpress Tennis Cup | FJS\" \/>\n<meta property=\"og:description\" content=\"Consulta els resultats de la Gran Final del campionat Xpress Tennis Cup 2019 a Val\u00e8ncia: equips, participants, galeria, quadre d&#039;honor...\" \/>\n<meta property=\"og:url\" content=\"https:\/\/edicion.fundacionoccident.org\/tennis\/cat\/resum-resultats-gran-final-valencia-2019\" \/>\n<meta property=\"og:site_name\" content=\"Xpress Tennis Cup\" \/>\n<meta property=\"article:published_time\" content=\"2019-05-17T06:33:00+00:00\" \/>\n<meta property=\"article:modified_time\" content=\"2020-08-26T14:42:57+00:00\" \/>\n<meta property=\"og:image\" content=\"https:\/\/edicion.fundacionoccident.org\/tennis\/wp-content\/uploads\/2019\/05\/image004.jpg\" \/>\n\t<meta property=\"og:image:width\" content=\"1440\" \/>\n\t<meta property=\"og:image:height\" content=\"810\" \/>\n\t<meta property=\"og:image:type\" content=\"image\/jpeg\" \/>\n<meta name=\"author\" content=\"SEOCOM\" \/>\n<meta name=\"twitter:card\" content=\"summary_large_image\" \/>\n<meta name=\"twitter:label1\" content=\"Escrito por\" \/>\n\t<meta name=\"twitter:data1\" content=\"SEOCOM\" \/>\n\t<meta name=\"twitter:label2\" content=\"Tiempo de lectura\" \/>\n\t<meta name=\"twitter:data2\" content=\"2 minutos\" \/>\n<script type=\"application\/ld+json\" class=\"yoast-schema-graph\">{\"@context\":\"https:\/\/schema.org\",\"@graph\":[{\"@type\":\"WebPage\",\"@id\":\"https:\/\/edicion.fundacionoccident.org\/tennis\/cat\/resum-resultats-gran-final-valencia-2019\",\"url\":\"https:\/\/edicion.fundacionoccident.org\/tennis\/cat\/resum-resultats-gran-final-valencia-2019\",\"name\":\"Resum resultats Gran Final Val\u00e8ncia 2019 - Xpress Tennis Cup | FJS\",\"isPartOf\":{\"@id\":\"https:\/\/edicion.fundacionoccident.org\/tennis\/#website\"},\"primaryImageOfPage\":{\"@id\":\"https:\/\/edicion.fundacionoccident.org\/tennis\/cat\/resum-resultats-gran-final-valencia-2019#primaryimage\"},\"image\":{\"@id\":\"https:\/\/edicion.fundacionoccident.org\/tennis\/cat\/resum-resultats-gran-final-valencia-2019#primaryimage\"},\"thumbnailUrl\":\"https:\/\/edicion.fundacionoccident.org\/tennis\/wp-content\/uploads\/2019\/05\/image004.jpg\",\"datePublished\":\"2019-05-17T06:33:00+00:00\",\"dateModified\":\"2020-08-26T14:42:57+00:00\",\"author\":{\"@id\":\"https:\/\/edicion.fundacionoccident.org\/tennis\/#\/schema\/person\/027c84aa6e6bff6c391d1500ecb7d9ed\"},\"description\":\"Consulta els resultats de la Gran Final del campionat Xpress Tennis Cup 2019 a Val\u00e8ncia: equips, participants, galeria, quadre d'honor...\",\"breadcrumb\":{\"@id\":\"https:\/\/edicion.fundacionoccident.org\/tennis\/cat\/resum-resultats-gran-final-valencia-2019#breadcrumb\"},\"inLanguage\":\"es\",\"potentialAction\":[{\"@type\":\"ReadAction\",\"target\":[\"https:\/\/edicion.fundacionoccident.org\/tennis\/cat\/resum-resultats-gran-final-valencia-2019\"]}]},{\"@type\":\"ImageObject\",\"inLanguage\":\"es\",\"@id\":\"https:\/\/edicion.fundacionoccident.org\/tennis\/cat\/resum-resultats-gran-final-valencia-2019#primaryimage\",\"url\":\"https:\/\/edicion.fundacionoccident.org\/tennis\/wp-content\/uploads\/2019\/05\/image004.jpg\",\"contentUrl\":\"https:\/\/edicion.fundacionoccident.org\/tennis\/wp-content\/uploads\/2019\/05\/image004.jpg\",\"width\":1440,\"height\":810,\"caption\":\"Processed with VSCO with a6 preset\"},{\"@type\":\"BreadcrumbList\",\"@id\":\"https:\/\/edicion.fundacionoccident.org\/tennis\/cat\/resum-resultats-gran-final-valencia-2019#breadcrumb\",\"itemListElement\":[{\"@type\":\"ListItem\",\"position\":1,\"name\":\"Portada\",\"item\":\"https:\/\/edicion.fundacionoccident.org\/tennis\/\"},{\"@type\":\"ListItem\",\"position\":2,\"name\":\"Resum i resultats Xpress Tennis Cup &#8211; Gran Final Valencia\"}]},{\"@type\":\"WebSite\",\"@id\":\"https:\/\/edicion.fundacionoccident.org\/tennis\/#website\",\"url\":\"https:\/\/edicion.fundacionoccident.org\/tennis\/\",\"name\":\"Xpress Tennis Cup\",\"description\":\"Fundaci\u00f3 Jes\u00fas Serra\",\"potentialAction\":[{\"@type\":\"SearchAction\",\"target\":{\"@type\":\"EntryPoint\",\"urlTemplate\":\"https:\/\/edicion.fundacionoccident.org\/tennis\/?s={search_term_string}\"},\"query-input\":{\"@type\":\"PropertyValueSpecification\",\"valueRequired\":true,\"valueName\":\"search_term_string\"}}],\"inLanguage\":\"es\"},{\"@type\":\"Person\",\"@id\":\"https:\/\/edicion.fundacionoccident.org\/tennis\/#\/schema\/person\/027c84aa6e6bff6c391d1500ecb7d9ed\",\"name\":\"SEOCOM\",\"url\":\"https:\/\/edicion.fundacionoccident.org\/tennis\/author\/tennisfjs\"}]}<\/script>\n<!-- \/ Yoast SEO plugin. -->","yoast_head_json":{"title":"Resum resultats Gran Final Val\u00e8ncia 2019 - Xpress Tennis Cup | FJS","description":"Consulta els resultats de la Gran Final del campionat Xpress Tennis Cup 2019 a Val\u00e8ncia: equips, participants, galeria, quadre d'honor...","robots":{"index":"index","follow":"follow","max-snippet":"max-snippet:-1","max-image-preview":"max-image-preview:large","max-video-preview":"max-video-preview:-1"},"canonical":"https:\/\/edicion.fundacionoccident.org\/tennis\/wp-json\/wp\/v2\/posts\/5782","og_locale":"es_ES","og_type":"article","og_title":"Resum resultats Gran Final Val\u00e8ncia 2019 - Xpress Tennis Cup | FJS","og_description":"Consulta els resultats de la Gran Final del campionat Xpress Tennis Cup 2019 a Val\u00e8ncia: equips, participants, galeria, quadre d'honor...","og_url":"https:\/\/edicion.fundacionoccident.org\/tennis\/cat\/resum-resultats-gran-final-valencia-2019","og_site_name":"Xpress Tennis Cup","article_published_time":"2019-05-17T06:33:00+00:00","article_modified_time":"2020-08-26T14:42:57+00:00","og_image":[{"width":1440,"height":810,"url":"https:\/\/edicion.fundacionoccident.org\/tennis\/wp-content\/uploads\/2019\/05\/image004.jpg","type":"image\/jpeg"}],"author":"SEOCOM","twitter_card":"summary_large_image","twitter_misc":{"Escrito por":"SEOCOM","Tiempo de lectura":"2 minutos"},"schema":{"@context":"https:\/\/schema.org","@graph":[{"@type":"WebPage","@id":"https:\/\/edicion.fundacionoccident.org\/tennis\/cat\/resum-resultats-gran-final-valencia-2019","url":"https:\/\/edicion.fundacionoccident.org\/tennis\/cat\/resum-resultats-gran-final-valencia-2019","name":"Resum resultats Gran Final Val\u00e8ncia 2019 - Xpress Tennis Cup | FJS","isPartOf":{"@id":"https:\/\/edicion.fundacionoccident.org\/tennis\/#website"},"primaryImageOfPage":{"@id":"https:\/\/edicion.fundacionoccident.org\/tennis\/cat\/resum-resultats-gran-final-valencia-2019#primaryimage"},"image":{"@id":"https:\/\/edicion.fundacionoccident.org\/tennis\/cat\/resum-resultats-gran-final-valencia-2019#primaryimage"},"thumbnailUrl":"https:\/\/edicion.fundacionoccident.org\/tennis\/wp-content\/uploads\/2019\/05\/image004.jpg","datePublished":"2019-05-17T06:33:00+00:00","dateModified":"2020-08-26T14:42:57+00:00","author":{"@id":"https:\/\/edicion.fundacionoccident.org\/tennis\/#\/schema\/person\/027c84aa6e6bff6c391d1500ecb7d9ed"},"description":"Consulta els resultats de la Gran Final del campionat Xpress Tennis Cup 2019 a Val\u00e8ncia: equips, participants, galeria, quadre d'honor...","breadcrumb":{"@id":"https:\/\/edicion.fundacionoccident.org\/tennis\/cat\/resum-resultats-gran-final-valencia-2019#breadcrumb"},"inLanguage":"es","potentialAction":[{"@type":"ReadAction","target":["https:\/\/edicion.fundacionoccident.org\/tennis\/cat\/resum-resultats-gran-final-valencia-2019"]}]},{"@type":"ImageObject","inLanguage":"es","@id":"https:\/\/edicion.fundacionoccident.org\/tennis\/cat\/resum-resultats-gran-final-valencia-2019#primaryimage","url":"https:\/\/edicion.fundacionoccident.org\/tennis\/wp-content\/uploads\/2019\/05\/image004.jpg","contentUrl":"https:\/\/edicion.fundacionoccident.org\/tennis\/wp-content\/uploads\/2019\/05\/image004.jpg","width":1440,"height":810,"caption":"Processed with VSCO with a6 preset"},{"@type":"BreadcrumbList","@id":"https:\/\/edicion.fundacionoccident.org\/tennis\/cat\/resum-resultats-gran-final-valencia-2019#breadcrumb","itemListElement":[{"@type":"ListItem","position":1,"name":"Portada","item":"https:\/\/edicion.fundacionoccident.org\/tennis\/"},{"@type":"ListItem","position":2,"name":"Resum i resultats Xpress Tennis Cup &#8211; Gran Final Valencia"}]},{"@type":"WebSite","@id":"https:\/\/edicion.fundacionoccident.org\/tennis\/#website","url":"https:\/\/edicion.fundacionoccident.org\/tennis\/","name":"Xpress Tennis Cup","description":"Fundaci\u00f3 Jes\u00fas Serra","potentialAction":[{"@type":"SearchAction","target":{"@type":"EntryPoint","urlTemplate":"https:\/\/edicion.fundacionoccident.org\/tennis\/?s={search_term_string}"},"query-input":{"@type":"PropertyValueSpecification","valueRequired":true,"valueName":"search_term_string"}}],"inLanguage":"es"},{"@type":"Person","@id":"https:\/\/edicion.fundacionoccident.org\/tennis\/#\/schema\/person\/027c84aa6e6bff6c391d1500ecb7d9ed","name":"SEOCOM","url":"https:\/\/edicion.fundacionoccident.org\/tennis\/author\/tennisfjs"}]}},"_links":{"self":[{"href":"https:\/\/edicion.fundacionoccident.org\/tennis\/wp-json\/wp\/v2\/posts\/5782","targetHints":{"allow":["GET"]}}],"collection":[{"href":"https:\/\/edicion.fundacionoccident.org\/tennis\/wp-json\/wp\/v2\/posts"}],"about":[{"href":"https:\/\/edicion.fundacionoccident.org\/tennis\/wp-json\/wp\/v2\/types\/post"}],"author":[{"embeddable":true,"href":"https:\/\/edicion.fundacionoccident.org\/tennis\/wp-json\/wp\/v2\/users\/6"}],"replies":[{"embeddable":true,"href":"https:\/\/edicion.fundacionoccident.org\/tennis\/wp-json\/wp\/v2\/comments?post=5782"}],"version-history":[{"count":3,"href":"https:\/\/edicion.fundacionoccident.org\/tennis\/wp-json\/wp\/v2\/posts\/5782\/revisions"}],"predecessor-version":[{"id":5939,"href":"https:\/\/edicion.fundacionoccident.org\/tennis\/wp-json\/wp\/v2\/posts\/5782\/revisions\/5939"}],"wp:featuredmedia":[{"embeddable":true,"href":"https:\/\/edicion.fundacionoccident.org\/tennis\/wp-json\/wp\/v2\/media\/5005"}],"wp:attachment":[{"href":"https:\/\/edicion.fundacionoccident.org\/tennis\/wp-json\/wp\/v2\/media?parent=5782"}],"wp:term":[{"taxonomy":"category","embeddable":true,"href":"https:\/\/edicion.fundacionoccident.org\/tennis\/wp-json\/wp\/v2\/categories?post=5782"},{"taxonomy":"post_tag","embeddable":true,"href":"https:\/\/edicion.fundacionoccident.org\/tennis\/wp-json\/wp\/v2\/tags?post=5782"}],"curies":[{"name":"wp","href":"https:\/\/api.w.org\/{rel}","templated":true}]}}