{"id":5830,"date":"2018-02-01T13:19:44","date_gmt":"2018-02-01T13:19:44","guid":{"rendered":"http:\/\/edicion.fundacionjesusserra.org\/tennis\/?p=5830"},"modified":"2020-07-08T08:59:02","modified_gmt":"2020-07-08T08:59:02","slug":"xpress-tennis-cup-2018-2","status":"publish","type":"post","link":"https:\/\/edicion.fundacionoccident.org\/tennis\/cat\/xpress-tennis-cup-2018-2","title":{"rendered":"Ja tenim dates i seus per a l&#8217;Xpress Tennis Cup 2018"},"content":{"rendered":"<p>Comen\u00e7a el compte enrere per a la segona edici\u00f3 del <strong>Xpress Tennis Cup<\/strong>, el projecte esportiu per al tennis base, impulsat per la <strong>Fundaci\u00f3n Occident<\/strong> del Grup Catalana Occident.<\/p>\n<p><strong>Dates i seus del Xpress Tennis Cup 2018<\/strong><br \/>\nReserveu en el vostre calendari els seg\u00fcents dies, ja que tindr\u00e0s una cita ineludible per participar en el XTC 2018.<\/p>\n<p><strong>Fase Provincial Lleida<\/strong><br \/>\nData: dissabte 21 d&#8217;abril<br \/>\nSeu: CN Lleida<\/p>\n<p><strong>Fase Provincial Tarragona<\/strong><br \/>\nData: dissabte 28 d&#8217;abril<br \/>\nSeu: CT Tarragona<\/p>\n<p><strong>Fase Provincial Girona<\/strong><br \/>\nData: dissabte 5 de maig<br \/>\nSeu: CT Llafranc<\/p>\n<p><strong>Fase Provincial Barcelona<\/strong><br \/>\nData: dissabte 19 de maig<br \/>\nSeu: Cercle Sabadell\u00e8s<\/p>\n<p><strong>La Gran Final<\/strong><br \/>\nData: diumenge 20 de maig<br \/>\nSeu: Cercle Sabadell\u00e8s<\/p>\n<p>En aquesta nova edici\u00f3 el format tant caracter\u00edstic del Xpress Tennis Cup seguir\u00e0 sent el mateix (gran festa del tennis formatiu, modalitat per equips i partits de 20 minuts).<br \/>\nEn aquesta 2a edici\u00f3, esperem poder tornar a repetir l&#8217;\u00e8xit participatiu del 2017, on van participar 804 jugadors \/ es, en 102 equips de 32 clubs diferents.<br \/>\nPer tant, forma i al teu equip, les places s\u00f3n molt limitades.<\/p>\n<p><strong>V\u00eddeo presentaci\u00f3 format Xpress Tennis Cup<\/strong><br \/>\n<a href=\"https:\/\/www.youtube.com\/watch?v=KC0XXREzyEs\" target=\"_blank\" rel=\"noopener noreferrer\"><span style=\"text-decoration: underline;\">Fes-li un cop d&#8217;ull \u00bb<\/span><\/a><\/p>\n<p><strong>Tens algun dubte?<\/strong><br \/>\n<a href=\"\/tennis\/cat\/preguntes-frequents\" target=\"_blank\" rel=\"noopener noreferrer\"><span style=\"text-decoration: underline;\">Preguntes freq\u00fcents \u00bb<\/span><\/a><u><\/u><\/p>\n","protected":false},"excerpt":{"rendered":"<p>Comen\u00e7a el compte enrere per a la segona edici\u00f3 del Xpress Tennis Cup, el projecte esportiu per al tennis base, impulsat per la Fundaci\u00f3n Occident del Grup Catalana Occident. Dates i seus del Xpress Tennis Cup 2018 Reserveu en el vostre calendari els seg\u00fcents dies,&#8230;<\/p>\n","protected":false},"author":6,"featured_media":4865,"comment_status":"open","ping_status":"open","sticky":false,"template":"","format":"standard","meta":{"footnotes":"","_links_to":"","_links_to_target":""},"categories":[63],"tags":[],"class_list":["post-5830","post","type-post","status-publish","format-standard","has-post-thumbnail","hentry","category-xpress-tennis-cup"],"yoast_head":"<!-- This site is optimized with the Yoast SEO plugin v26.3 - https:\/\/yoast.com\/wordpress\/plugins\/seo\/ -->\n<title>Campionat Infantil de Tennis 2018 - Xpress Tennis Cup | FJS<\/title>\n<meta name=\"description\" content=\"Arriba la nova edici\u00f3 del campionat infantil Xpress Tennis Cup 2018 de la Fundaci\u00f3 Jes\u00fas Serra. Mant\u00e9n-te atent a totes les novetats!\" \/>\n<meta name=\"robots\" content=\"index, follow, max-snippet:-1, max-image-preview:large, max-video-preview:-1\" \/>\n<link rel=\"canonical\" href=\"https:\/\/edicion.fundacionoccident.org\/tennis\/wp-json\/wp\/v2\/posts\/5830\" \/>\n<meta property=\"og:locale\" content=\"es_ES\" \/>\n<meta property=\"og:type\" content=\"article\" \/>\n<meta property=\"og:title\" content=\"Campionat Infantil de Tennis 2018 - Xpress Tennis Cup | FJS\" \/>\n<meta property=\"og:description\" content=\"Arriba la nova edici\u00f3 del campionat infantil Xpress Tennis Cup 2018 de la Fundaci\u00f3 Jes\u00fas Serra. Mant\u00e9n-te atent a totes les novetats!\" \/>\n<meta property=\"og:url\" content=\"https:\/\/edicion.fundacionoccident.org\/tennis\/cat\/xpress-tennis-cup-2018-2\" \/>\n<meta property=\"og:site_name\" content=\"Xpress Tennis Cup\" \/>\n<meta property=\"article:published_time\" content=\"2018-02-01T13:19:44+00:00\" \/>\n<meta property=\"article:modified_time\" content=\"2020-07-08T08:59:02+00:00\" \/>\n<meta property=\"og:image\" content=\"https:\/\/edicion.fundacionoccident.org\/tennis\/wp-content\/uploads\/2017\/05\/IMG_1754.jpg\" \/>\n\t<meta property=\"og:image:width\" content=\"766\" \/>\n\t<meta property=\"og:image:height\" content=\"662\" \/>\n\t<meta property=\"og:image:type\" content=\"image\/jpeg\" \/>\n<meta name=\"author\" content=\"SEOCOM\" \/>\n<meta name=\"twitter:card\" content=\"summary_large_image\" \/>\n<meta name=\"twitter:label1\" content=\"Escrito por\" \/>\n\t<meta name=\"twitter:data1\" content=\"SEOCOM\" \/>\n\t<meta name=\"twitter:label2\" content=\"Tiempo de lectura\" \/>\n\t<meta name=\"twitter:data2\" content=\"1 minuto\" \/>\n<script type=\"application\/ld+json\" class=\"yoast-schema-graph\">{\"@context\":\"https:\/\/schema.org\",\"@graph\":[{\"@type\":\"WebPage\",\"@id\":\"https:\/\/edicion.fundacionoccident.org\/tennis\/cat\/xpress-tennis-cup-2018-2\",\"url\":\"https:\/\/edicion.fundacionoccident.org\/tennis\/cat\/xpress-tennis-cup-2018-2\",\"name\":\"Campionat Infantil de Tennis 2018 - Xpress Tennis Cup | FJS\",\"isPartOf\":{\"@id\":\"https:\/\/edicion.fundacionoccident.org\/tennis\/#website\"},\"primaryImageOfPage\":{\"@id\":\"https:\/\/edicion.fundacionoccident.org\/tennis\/cat\/xpress-tennis-cup-2018-2#primaryimage\"},\"image\":{\"@id\":\"https:\/\/edicion.fundacionoccident.org\/tennis\/cat\/xpress-tennis-cup-2018-2#primaryimage\"},\"thumbnailUrl\":\"https:\/\/edicion.fundacionoccident.org\/tennis\/wp-content\/uploads\/2017\/05\/IMG_1754.jpg\",\"datePublished\":\"2018-02-01T13:19:44+00:00\",\"dateModified\":\"2020-07-08T08:59:02+00:00\",\"author\":{\"@id\":\"https:\/\/edicion.fundacionoccident.org\/tennis\/#\/schema\/person\/027c84aa6e6bff6c391d1500ecb7d9ed\"},\"description\":\"Arriba la nova edici\u00f3 del campionat infantil Xpress Tennis Cup 2018 de la Fundaci\u00f3 Jes\u00fas Serra. Mant\u00e9n-te atent a totes les novetats!\",\"breadcrumb\":{\"@id\":\"https:\/\/edicion.fundacionoccident.org\/tennis\/cat\/xpress-tennis-cup-2018-2#breadcrumb\"},\"inLanguage\":\"es\",\"potentialAction\":[{\"@type\":\"ReadAction\",\"target\":[\"https:\/\/edicion.fundacionoccident.org\/tennis\/cat\/xpress-tennis-cup-2018-2\"]}]},{\"@type\":\"ImageObject\",\"inLanguage\":\"es\",\"@id\":\"https:\/\/edicion.fundacionoccident.org\/tennis\/cat\/xpress-tennis-cup-2018-2#primaryimage\",\"url\":\"https:\/\/edicion.fundacionoccident.org\/tennis\/wp-content\/uploads\/2017\/05\/IMG_1754.jpg\",\"contentUrl\":\"https:\/\/edicion.fundacionoccident.org\/tennis\/wp-content\/uploads\/2017\/05\/IMG_1754.jpg\",\"width\":766,\"height\":662},{\"@type\":\"BreadcrumbList\",\"@id\":\"https:\/\/edicion.fundacionoccident.org\/tennis\/cat\/xpress-tennis-cup-2018-2#breadcrumb\",\"itemListElement\":[{\"@type\":\"ListItem\",\"position\":1,\"name\":\"Portada\",\"item\":\"https:\/\/edicion.fundacionoccident.org\/tennis\/\"},{\"@type\":\"ListItem\",\"position\":2,\"name\":\"Ja tenim dates i seus per a l&#8217;Xpress Tennis Cup 2018\"}]},{\"@type\":\"WebSite\",\"@id\":\"https:\/\/edicion.fundacionoccident.org\/tennis\/#website\",\"url\":\"https:\/\/edicion.fundacionoccident.org\/tennis\/\",\"name\":\"Xpress Tennis Cup\",\"description\":\"Fundaci\u00f3 Jes\u00fas Serra\",\"potentialAction\":[{\"@type\":\"SearchAction\",\"target\":{\"@type\":\"EntryPoint\",\"urlTemplate\":\"https:\/\/edicion.fundacionoccident.org\/tennis\/?s={search_term_string}\"},\"query-input\":{\"@type\":\"PropertyValueSpecification\",\"valueRequired\":true,\"valueName\":\"search_term_string\"}}],\"inLanguage\":\"es\"},{\"@type\":\"Person\",\"@id\":\"https:\/\/edicion.fundacionoccident.org\/tennis\/#\/schema\/person\/027c84aa6e6bff6c391d1500ecb7d9ed\",\"name\":\"SEOCOM\",\"url\":\"https:\/\/edicion.fundacionoccident.org\/tennis\/author\/tennisfjs\"}]}<\/script>\n<!-- \/ Yoast SEO plugin. -->","yoast_head_json":{"title":"Campionat Infantil de Tennis 2018 - Xpress Tennis Cup | FJS","description":"Arriba la nova edici\u00f3 del campionat infantil Xpress Tennis Cup 2018 de la Fundaci\u00f3 Jes\u00fas Serra. Mant\u00e9n-te atent a totes les novetats!","robots":{"index":"index","follow":"follow","max-snippet":"max-snippet:-1","max-image-preview":"max-image-preview:large","max-video-preview":"max-video-preview:-1"},"canonical":"https:\/\/edicion.fundacionoccident.org\/tennis\/wp-json\/wp\/v2\/posts\/5830","og_locale":"es_ES","og_type":"article","og_title":"Campionat Infantil de Tennis 2018 - Xpress Tennis Cup | FJS","og_description":"Arriba la nova edici\u00f3 del campionat infantil Xpress Tennis Cup 2018 de la Fundaci\u00f3 Jes\u00fas Serra. Mant\u00e9n-te atent a totes les novetats!","og_url":"https:\/\/edicion.fundacionoccident.org\/tennis\/cat\/xpress-tennis-cup-2018-2","og_site_name":"Xpress Tennis Cup","article_published_time":"2018-02-01T13:19:44+00:00","article_modified_time":"2020-07-08T08:59:02+00:00","og_image":[{"width":766,"height":662,"url":"https:\/\/edicion.fundacionoccident.org\/tennis\/wp-content\/uploads\/2017\/05\/IMG_1754.jpg","type":"image\/jpeg"}],"author":"SEOCOM","twitter_card":"summary_large_image","twitter_misc":{"Escrito por":"SEOCOM","Tiempo de lectura":"1 minuto"},"schema":{"@context":"https:\/\/schema.org","@graph":[{"@type":"WebPage","@id":"https:\/\/edicion.fundacionoccident.org\/tennis\/cat\/xpress-tennis-cup-2018-2","url":"https:\/\/edicion.fundacionoccident.org\/tennis\/cat\/xpress-tennis-cup-2018-2","name":"Campionat Infantil de Tennis 2018 - Xpress Tennis Cup | FJS","isPartOf":{"@id":"https:\/\/edicion.fundacionoccident.org\/tennis\/#website"},"primaryImageOfPage":{"@id":"https:\/\/edicion.fundacionoccident.org\/tennis\/cat\/xpress-tennis-cup-2018-2#primaryimage"},"image":{"@id":"https:\/\/edicion.fundacionoccident.org\/tennis\/cat\/xpress-tennis-cup-2018-2#primaryimage"},"thumbnailUrl":"https:\/\/edicion.fundacionoccident.org\/tennis\/wp-content\/uploads\/2017\/05\/IMG_1754.jpg","datePublished":"2018-02-01T13:19:44+00:00","dateModified":"2020-07-08T08:59:02+00:00","author":{"@id":"https:\/\/edicion.fundacionoccident.org\/tennis\/#\/schema\/person\/027c84aa6e6bff6c391d1500ecb7d9ed"},"description":"Arriba la nova edici\u00f3 del campionat infantil Xpress Tennis Cup 2018 de la Fundaci\u00f3 Jes\u00fas Serra. Mant\u00e9n-te atent a totes les novetats!","breadcrumb":{"@id":"https:\/\/edicion.fundacionoccident.org\/tennis\/cat\/xpress-tennis-cup-2018-2#breadcrumb"},"inLanguage":"es","potentialAction":[{"@type":"ReadAction","target":["https:\/\/edicion.fundacionoccident.org\/tennis\/cat\/xpress-tennis-cup-2018-2"]}]},{"@type":"ImageObject","inLanguage":"es","@id":"https:\/\/edicion.fundacionoccident.org\/tennis\/cat\/xpress-tennis-cup-2018-2#primaryimage","url":"https:\/\/edicion.fundacionoccident.org\/tennis\/wp-content\/uploads\/2017\/05\/IMG_1754.jpg","contentUrl":"https:\/\/edicion.fundacionoccident.org\/tennis\/wp-content\/uploads\/2017\/05\/IMG_1754.jpg","width":766,"height":662},{"@type":"BreadcrumbList","@id":"https:\/\/edicion.fundacionoccident.org\/tennis\/cat\/xpress-tennis-cup-2018-2#breadcrumb","itemListElement":[{"@type":"ListItem","position":1,"name":"Portada","item":"https:\/\/edicion.fundacionoccident.org\/tennis\/"},{"@type":"ListItem","position":2,"name":"Ja tenim dates i seus per a l&#8217;Xpress Tennis Cup 2018"}]},{"@type":"WebSite","@id":"https:\/\/edicion.fundacionoccident.org\/tennis\/#website","url":"https:\/\/edicion.fundacionoccident.org\/tennis\/","name":"Xpress Tennis Cup","description":"Fundaci\u00f3 Jes\u00fas Serra","potentialAction":[{"@type":"SearchAction","target":{"@type":"EntryPoint","urlTemplate":"https:\/\/edicion.fundacionoccident.org\/tennis\/?s={search_term_string}"},"query-input":{"@type":"PropertyValueSpecification","valueRequired":true,"valueName":"search_term_string"}}],"inLanguage":"es"},{"@type":"Person","@id":"https:\/\/edicion.fundacionoccident.org\/tennis\/#\/schema\/person\/027c84aa6e6bff6c391d1500ecb7d9ed","name":"SEOCOM","url":"https:\/\/edicion.fundacionoccident.org\/tennis\/author\/tennisfjs"}]}},"_links":{"self":[{"href":"https:\/\/edicion.fundacionoccident.org\/tennis\/wp-json\/wp\/v2\/posts\/5830","targetHints":{"allow":["GET"]}}],"collection":[{"href":"https:\/\/edicion.fundacionoccident.org\/tennis\/wp-json\/wp\/v2\/posts"}],"about":[{"href":"https:\/\/edicion.fundacionoccident.org\/tennis\/wp-json\/wp\/v2\/types\/post"}],"author":[{"embeddable":true,"href":"https:\/\/edicion.fundacionoccident.org\/tennis\/wp-json\/wp\/v2\/users\/6"}],"replies":[{"embeddable":true,"href":"https:\/\/edicion.fundacionoccident.org\/tennis\/wp-json\/wp\/v2\/comments?post=5830"}],"version-history":[{"count":1,"href":"https:\/\/edicion.fundacionoccident.org\/tennis\/wp-json\/wp\/v2\/posts\/5830\/revisions"}],"predecessor-version":[{"id":5831,"href":"https:\/\/edicion.fundacionoccident.org\/tennis\/wp-json\/wp\/v2\/posts\/5830\/revisions\/5831"}],"wp:featuredmedia":[{"embeddable":true,"href":"https:\/\/edicion.fundacionoccident.org\/tennis\/wp-json\/wp\/v2\/media\/4865"}],"wp:attachment":[{"href":"https:\/\/edicion.fundacionoccident.org\/tennis\/wp-json\/wp\/v2\/media?parent=5830"}],"wp:term":[{"taxonomy":"category","embeddable":true,"href":"https:\/\/edicion.fundacionoccident.org\/tennis\/wp-json\/wp\/v2\/categories?post=5830"},{"taxonomy":"post_tag","embeddable":true,"href":"https:\/\/edicion.fundacionoccident.org\/tennis\/wp-json\/wp\/v2\/tags?post=5830"}],"curies":[{"name":"wp","href":"https:\/\/api.w.org\/{rel}","templated":true}]}}