{"id":7920,"date":"2022-06-14T11:16:14","date_gmt":"2022-06-14T09:16:14","guid":{"rendered":"https:\/\/edicion.fundacionjesusserra.org\/tennis\/?p=7920"},"modified":"2022-06-15T13:38:38","modified_gmt":"2022-06-15T11:38:38","slug":"cap-de-setmana-de-molt-tenis-a-girona-i-tarragona","status":"publish","type":"post","link":"https:\/\/edicion.fundacionoccident.org\/tennis\/cat\/cap-de-setmana-de-molt-tenis-a-girona-i-tarragona","title":{"rendered":"Cap de setmana de molt tenis a Girona i Tarragona"},"content":{"rendered":"<p><strong>Aquest passat cap de setmana es van disputar les fases provincials de Girona i Tarragona de la 6a Edici\u00f3 de la Xpress Tennis Cup. Com en anys anteriors, el CT Llafranc i el CT Tarragona van ser els clubs seu respectivament, posant a disposici\u00f3 del torneig les seves magn\u00edfiques instal\u00b7lacions. <\/strong>M\u00e9s de 270 nens van participar als torneigs que organitza la Fundaci\u00f3n Occident, del Grup Catalana Occident, demostrant que la competici\u00f3 segueix sent una cita obligada per als clubs de la zona, que any rere any es segueixen sumant a la festa del tenis base.<\/p>\n<p>&nbsp;<\/p>\n<h2><strong>Girona<\/strong><\/h2>\n<p><strong>\u00a0<\/strong>El CT Besal\u00fa, el CT Girona, el CT Porqueres, el CT Olot, el CT Costa Brava, el CT Baix Empord\u00e0, i l&#8217;amfitri\u00f3, el CT Llafranc, es van donar cita a les pistes del CT Llafranc on els petits tennistes van demostrar la seva millor versi\u00f3 i van gaudir d\u2019una jornada plena de diversi\u00f3 i molt de tennis.<\/p>\n<p>&nbsp;<\/p>\n<p><strong>Quadre d\u2019honor<\/strong><\/p>\n<p>Tots els guanyadors\/es i finalistes de les diferents categories i modalitats:<\/p>\n<p>&nbsp;<\/p>\n<p style=\"text-align: center;\"><strong>Categoria Sub-10 Femenina<\/strong><\/p>\n<p style=\"text-align: center;\">Guanyador: CT Girona \u201cA\u201d<br \/>\nFinalista: CT Girona \u201cB\u201d<\/p>\n<p style=\"text-align: center;\"><strong>Categoria Sub-10 Mascul\u00ed<\/strong><br \/>\nGuanyador: CT Porqueres<br \/>\nFinalista: CT Girona<\/p>\n<p style=\"text-align: center;\"><strong>Categoria Sub-12 Femenina<\/strong><br \/>\nGuanyador: CT Porqueres<\/p>\n<p style=\"text-align: center;\">Finalista: CT Costa Brava<\/p>\n<p style=\"text-align: center;\"><strong>Categoria Sub-12 Mascul\u00ed<\/strong><br \/>\nGuanyador: CT Porqueres<br \/>\nFinalista: CT Llafranc<\/p>\n<p style=\"text-align: center;\"><strong>Categoria Minitenis<\/strong><br \/>\nFormat no competitiu.<br \/>\nTots els pariticipants van rebre una medalla.<\/p>\n<p>&nbsp;<\/p>\n<p>&nbsp;<\/p>\n<h2><strong>Tarragona<\/strong><\/h2>\n<p><strong>\u00a0<\/strong>La prov\u00edncia tarragonina va tornar a ser un \u00e8xit, acollint fins a 29 equips amb nens i nenes que van gaudir de les diverses activitats a la Fun Zone, i una competici\u00f3 d&#8217;alt nivell emmarcada en una jornada assolellada. Els clubs assistents van ser el CEE Constant\u00ed, el Catllar, el CT Reus Monterols, el CT Tarragona, el CPT Riudoms, el CST Cunit i el Gimn\u00e0stic de Tarragona.<\/p>\n<p>&nbsp;<\/p>\n<p><strong>Quadre d\u2019honor<\/strong><\/p>\n<p>Tots els guanyadors\/es i finalistes de les diferents categories i modalitats:<\/p>\n<p>&nbsp;<\/p>\n<p style=\"text-align: center;\"><strong>Categoria Sub-10 Femenina<\/strong><\/p>\n<p style=\"text-align: center;\">Guanyador: CT Tarragona<br \/>\nFinalista: CT Reus Monterols<\/p>\n<p style=\"text-align: center;\"><strong>Categoria Sub-10 Mascul\u00ed<\/strong><br \/>\nGuanyador: CT Reus Monterols \u201cB\u201d<br \/>\nFinalista: CT Tarragona<\/p>\n<p style=\"text-align: center;\"><strong>Categoria Sub-12 Femenina<\/strong><br \/>\nGuanyador: CT Reus Monterols \u201cB\u201d<br \/>\nFinalista: CT Reus Monterols \u201cA\u201d<\/p>\n<p style=\"text-align: center;\"><strong>Categoria Sub-12 Mascul\u00ed<\/strong><br \/>\nGuanyador: CT Tarragona<br \/>\nFinalista: CTP Riudoms<\/p>\n<p style=\"text-align: center;\"><strong>Categoria Minitenis<\/strong><br \/>\nFormat no competitiu.<br \/>\nTots els participants van rebre una medalla.<\/p>\n<p>&nbsp;<\/p>\n<p>Recordeu que als equips campions i subcampions de cada categoria us esperen el diumenge 19 de juny a la Gran Final de Catalunya, l&#8217;\u00faltima cita del circuit de 2022 que tindr\u00e0 lloc al Cercle Sabadell\u00e8s.<\/p>\n<p>\u00a1Ens veiem a la pista!<\/p>\n<p>&nbsp;<\/p>\n","protected":false},"excerpt":{"rendered":"<p>Aquest passat cap de setmana es van disputar les fases provincials de Girona i Tarragona de la 6a Edici\u00f3 de la Xpress Tennis Cup. Com en anys anteriors, el CT Llafranc i el CT Tarragona van ser els clubs seu respectivament, posant a disposici\u00f3 del&#8230;<\/p>\n","protected":false},"author":18,"featured_media":7923,"comment_status":"closed","ping_status":"closed","sticky":false,"template":"","format":"standard","meta":{"footnotes":"","_links_to":"","_links_to_target":""},"categories":[63],"tags":[],"class_list":["post-7920","post","type-post","status-publish","format-standard","has-post-thumbnail","hentry","category-xpress-tennis-cup"],"yoast_head":"<!-- This site is optimized with the Yoast SEO plugin v26.3 - https:\/\/yoast.com\/wordpress\/plugins\/seo\/ -->\n<title>Cap de setmana de molt tenis a Girona i Tarragona - Xpress Tennis Cup<\/title>\n<meta name=\"robots\" content=\"index, follow, max-snippet:-1, max-image-preview:large, max-video-preview:-1\" \/>\n<link rel=\"canonical\" href=\"https:\/\/edicion.fundacionoccident.org\/tennis\/wp-json\/wp\/v2\/posts\/7920\" \/>\n<meta property=\"og:locale\" content=\"es_ES\" \/>\n<meta property=\"og:type\" content=\"article\" \/>\n<meta property=\"og:title\" content=\"Cap de setmana de molt tenis a Girona i Tarragona - Xpress Tennis Cup\" \/>\n<meta property=\"og:description\" content=\"Aquest passat cap de setmana es van disputar les fases provincials de Girona i Tarragona de la 6a Edici\u00f3 de la Xpress Tennis Cup. Com en anys anteriors, el CT Llafranc i el CT Tarragona van ser els clubs seu respectivament, posant a disposici\u00f3 del...\" \/>\n<meta property=\"og:url\" content=\"https:\/\/edicion.fundacionoccident.org\/tennis\/cat\/cap-de-setmana-de-molt-tenis-a-girona-i-tarragona\" \/>\n<meta property=\"og:site_name\" content=\"Xpress Tennis Cup\" \/>\n<meta property=\"article:published_time\" content=\"2022-06-14T09:16:14+00:00\" \/>\n<meta property=\"article:modified_time\" content=\"2022-06-15T11:38:38+00:00\" \/>\n<meta property=\"og:image\" content=\"https:\/\/edicion.fundacionoccident.org\/tennis\/wp-content\/uploads\/2022\/06\/tarragona-1.jpg\" \/>\n\t<meta property=\"og:image:width\" content=\"1600\" \/>\n\t<meta property=\"og:image:height\" content=\"1067\" \/>\n\t<meta property=\"og:image:type\" content=\"image\/jpeg\" \/>\n<meta name=\"author\" content=\"sofia\" \/>\n<meta name=\"twitter:card\" content=\"summary_large_image\" \/>\n<meta name=\"twitter:label1\" content=\"Escrito por\" \/>\n\t<meta name=\"twitter:data1\" content=\"sofia\" \/>\n\t<meta name=\"twitter:label2\" content=\"Tiempo de lectura\" \/>\n\t<meta name=\"twitter:data2\" content=\"2 minutos\" \/>\n<script type=\"application\/ld+json\" class=\"yoast-schema-graph\">{\"@context\":\"https:\/\/schema.org\",\"@graph\":[{\"@type\":\"WebPage\",\"@id\":\"https:\/\/edicion.fundacionoccident.org\/tennis\/cat\/cap-de-setmana-de-molt-tenis-a-girona-i-tarragona\",\"url\":\"https:\/\/edicion.fundacionoccident.org\/tennis\/cat\/cap-de-setmana-de-molt-tenis-a-girona-i-tarragona\",\"name\":\"Cap de setmana de molt tenis a Girona i Tarragona - Xpress Tennis Cup\",\"isPartOf\":{\"@id\":\"https:\/\/edicion.fundacionoccident.org\/tennis\/#website\"},\"primaryImageOfPage\":{\"@id\":\"https:\/\/edicion.fundacionoccident.org\/tennis\/cat\/cap-de-setmana-de-molt-tenis-a-girona-i-tarragona#primaryimage\"},\"image\":{\"@id\":\"https:\/\/edicion.fundacionoccident.org\/tennis\/cat\/cap-de-setmana-de-molt-tenis-a-girona-i-tarragona#primaryimage\"},\"thumbnailUrl\":\"https:\/\/edicion.fundacionoccident.org\/tennis\/wp-content\/uploads\/2022\/06\/tarragona-1.jpg\",\"datePublished\":\"2022-06-14T09:16:14+00:00\",\"dateModified\":\"2022-06-15T11:38:38+00:00\",\"author\":{\"@id\":\"https:\/\/edicion.fundacionoccident.org\/tennis\/#\/schema\/person\/3998ed957eca855b849039b6a942bfea\"},\"breadcrumb\":{\"@id\":\"https:\/\/edicion.fundacionoccident.org\/tennis\/cat\/cap-de-setmana-de-molt-tenis-a-girona-i-tarragona#breadcrumb\"},\"inLanguage\":\"es\",\"potentialAction\":[{\"@type\":\"ReadAction\",\"target\":[\"https:\/\/edicion.fundacionoccident.org\/tennis\/cat\/cap-de-setmana-de-molt-tenis-a-girona-i-tarragona\"]}]},{\"@type\":\"ImageObject\",\"inLanguage\":\"es\",\"@id\":\"https:\/\/edicion.fundacionoccident.org\/tennis\/cat\/cap-de-setmana-de-molt-tenis-a-girona-i-tarragona#primaryimage\",\"url\":\"https:\/\/edicion.fundacionoccident.org\/tennis\/wp-content\/uploads\/2022\/06\/tarragona-1.jpg\",\"contentUrl\":\"https:\/\/edicion.fundacionoccident.org\/tennis\/wp-content\/uploads\/2022\/06\/tarragona-1.jpg\",\"width\":1600,\"height\":1067},{\"@type\":\"BreadcrumbList\",\"@id\":\"https:\/\/edicion.fundacionoccident.org\/tennis\/cat\/cap-de-setmana-de-molt-tenis-a-girona-i-tarragona#breadcrumb\",\"itemListElement\":[{\"@type\":\"ListItem\",\"position\":1,\"name\":\"Portada\",\"item\":\"https:\/\/edicion.fundacionoccident.org\/tennis\/\"},{\"@type\":\"ListItem\",\"position\":2,\"name\":\"Cap de setmana de molt tenis a Girona i Tarragona\"}]},{\"@type\":\"WebSite\",\"@id\":\"https:\/\/edicion.fundacionoccident.org\/tennis\/#website\",\"url\":\"https:\/\/edicion.fundacionoccident.org\/tennis\/\",\"name\":\"Xpress Tennis Cup\",\"description\":\"Fundaci\u00f3 Jes\u00fas Serra\",\"potentialAction\":[{\"@type\":\"SearchAction\",\"target\":{\"@type\":\"EntryPoint\",\"urlTemplate\":\"https:\/\/edicion.fundacionoccident.org\/tennis\/?s={search_term_string}\"},\"query-input\":{\"@type\":\"PropertyValueSpecification\",\"valueRequired\":true,\"valueName\":\"search_term_string\"}}],\"inLanguage\":\"es\"},{\"@type\":\"Person\",\"@id\":\"https:\/\/edicion.fundacionoccident.org\/tennis\/#\/schema\/person\/3998ed957eca855b849039b6a942bfea\",\"name\":\"sofia\",\"url\":\"https:\/\/edicion.fundacionoccident.org\/tennis\/author\/sofia\"}]}<\/script>\n<!-- \/ Yoast SEO plugin. -->","yoast_head_json":{"title":"Cap de setmana de molt tenis a Girona i Tarragona - Xpress Tennis Cup","robots":{"index":"index","follow":"follow","max-snippet":"max-snippet:-1","max-image-preview":"max-image-preview:large","max-video-preview":"max-video-preview:-1"},"canonical":"https:\/\/edicion.fundacionoccident.org\/tennis\/wp-json\/wp\/v2\/posts\/7920","og_locale":"es_ES","og_type":"article","og_title":"Cap de setmana de molt tenis a Girona i Tarragona - Xpress Tennis Cup","og_description":"Aquest passat cap de setmana es van disputar les fases provincials de Girona i Tarragona de la 6a Edici\u00f3 de la Xpress Tennis Cup. Com en anys anteriors, el CT Llafranc i el CT Tarragona van ser els clubs seu respectivament, posant a disposici\u00f3 del...","og_url":"https:\/\/edicion.fundacionoccident.org\/tennis\/cat\/cap-de-setmana-de-molt-tenis-a-girona-i-tarragona","og_site_name":"Xpress Tennis Cup","article_published_time":"2022-06-14T09:16:14+00:00","article_modified_time":"2022-06-15T11:38:38+00:00","og_image":[{"width":1600,"height":1067,"url":"https:\/\/edicion.fundacionoccident.org\/tennis\/wp-content\/uploads\/2022\/06\/tarragona-1.jpg","type":"image\/jpeg"}],"author":"sofia","twitter_card":"summary_large_image","twitter_misc":{"Escrito por":"sofia","Tiempo de lectura":"2 minutos"},"schema":{"@context":"https:\/\/schema.org","@graph":[{"@type":"WebPage","@id":"https:\/\/edicion.fundacionoccident.org\/tennis\/cat\/cap-de-setmana-de-molt-tenis-a-girona-i-tarragona","url":"https:\/\/edicion.fundacionoccident.org\/tennis\/cat\/cap-de-setmana-de-molt-tenis-a-girona-i-tarragona","name":"Cap de setmana de molt tenis a Girona i Tarragona - Xpress Tennis Cup","isPartOf":{"@id":"https:\/\/edicion.fundacionoccident.org\/tennis\/#website"},"primaryImageOfPage":{"@id":"https:\/\/edicion.fundacionoccident.org\/tennis\/cat\/cap-de-setmana-de-molt-tenis-a-girona-i-tarragona#primaryimage"},"image":{"@id":"https:\/\/edicion.fundacionoccident.org\/tennis\/cat\/cap-de-setmana-de-molt-tenis-a-girona-i-tarragona#primaryimage"},"thumbnailUrl":"https:\/\/edicion.fundacionoccident.org\/tennis\/wp-content\/uploads\/2022\/06\/tarragona-1.jpg","datePublished":"2022-06-14T09:16:14+00:00","dateModified":"2022-06-15T11:38:38+00:00","author":{"@id":"https:\/\/edicion.fundacionoccident.org\/tennis\/#\/schema\/person\/3998ed957eca855b849039b6a942bfea"},"breadcrumb":{"@id":"https:\/\/edicion.fundacionoccident.org\/tennis\/cat\/cap-de-setmana-de-molt-tenis-a-girona-i-tarragona#breadcrumb"},"inLanguage":"es","potentialAction":[{"@type":"ReadAction","target":["https:\/\/edicion.fundacionoccident.org\/tennis\/cat\/cap-de-setmana-de-molt-tenis-a-girona-i-tarragona"]}]},{"@type":"ImageObject","inLanguage":"es","@id":"https:\/\/edicion.fundacionoccident.org\/tennis\/cat\/cap-de-setmana-de-molt-tenis-a-girona-i-tarragona#primaryimage","url":"https:\/\/edicion.fundacionoccident.org\/tennis\/wp-content\/uploads\/2022\/06\/tarragona-1.jpg","contentUrl":"https:\/\/edicion.fundacionoccident.org\/tennis\/wp-content\/uploads\/2022\/06\/tarragona-1.jpg","width":1600,"height":1067},{"@type":"BreadcrumbList","@id":"https:\/\/edicion.fundacionoccident.org\/tennis\/cat\/cap-de-setmana-de-molt-tenis-a-girona-i-tarragona#breadcrumb","itemListElement":[{"@type":"ListItem","position":1,"name":"Portada","item":"https:\/\/edicion.fundacionoccident.org\/tennis\/"},{"@type":"ListItem","position":2,"name":"Cap de setmana de molt tenis a Girona i Tarragona"}]},{"@type":"WebSite","@id":"https:\/\/edicion.fundacionoccident.org\/tennis\/#website","url":"https:\/\/edicion.fundacionoccident.org\/tennis\/","name":"Xpress Tennis Cup","description":"Fundaci\u00f3 Jes\u00fas Serra","potentialAction":[{"@type":"SearchAction","target":{"@type":"EntryPoint","urlTemplate":"https:\/\/edicion.fundacionoccident.org\/tennis\/?s={search_term_string}"},"query-input":{"@type":"PropertyValueSpecification","valueRequired":true,"valueName":"search_term_string"}}],"inLanguage":"es"},{"@type":"Person","@id":"https:\/\/edicion.fundacionoccident.org\/tennis\/#\/schema\/person\/3998ed957eca855b849039b6a942bfea","name":"sofia","url":"https:\/\/edicion.fundacionoccident.org\/tennis\/author\/sofia"}]}},"_links":{"self":[{"href":"https:\/\/edicion.fundacionoccident.org\/tennis\/wp-json\/wp\/v2\/posts\/7920","targetHints":{"allow":["GET"]}}],"collection":[{"href":"https:\/\/edicion.fundacionoccident.org\/tennis\/wp-json\/wp\/v2\/posts"}],"about":[{"href":"https:\/\/edicion.fundacionoccident.org\/tennis\/wp-json\/wp\/v2\/types\/post"}],"author":[{"embeddable":true,"href":"https:\/\/edicion.fundacionoccident.org\/tennis\/wp-json\/wp\/v2\/users\/18"}],"replies":[{"embeddable":true,"href":"https:\/\/edicion.fundacionoccident.org\/tennis\/wp-json\/wp\/v2\/comments?post=7920"}],"version-history":[{"count":1,"href":"https:\/\/edicion.fundacionoccident.org\/tennis\/wp-json\/wp\/v2\/posts\/7920\/revisions"}],"predecessor-version":[{"id":7921,"href":"https:\/\/edicion.fundacionoccident.org\/tennis\/wp-json\/wp\/v2\/posts\/7920\/revisions\/7921"}],"wp:featuredmedia":[{"embeddable":true,"href":"https:\/\/edicion.fundacionoccident.org\/tennis\/wp-json\/wp\/v2\/media\/7923"}],"wp:attachment":[{"href":"https:\/\/edicion.fundacionoccident.org\/tennis\/wp-json\/wp\/v2\/media?parent=7920"}],"wp:term":[{"taxonomy":"category","embeddable":true,"href":"https:\/\/edicion.fundacionoccident.org\/tennis\/wp-json\/wp\/v2\/categories?post=7920"},{"taxonomy":"post_tag","embeddable":true,"href":"https:\/\/edicion.fundacionoccident.org\/tennis\/wp-json\/wp\/v2\/tags?post=7920"}],"curies":[{"name":"wp","href":"https:\/\/api.w.org\/{rel}","templated":true}]}}