{"id":2944,"date":"2017-04-25T10:32:19","date_gmt":"2017-04-25T10:32:19","guid":{"rendered":"http:\/\/edicion.fundacionjesusserra.org\/tennis\/?p=2944"},"modified":"2020-12-29T13:29:57","modified_gmt":"2020-12-29T12:29:57","slug":"fase-girona","status":"publish","type":"post","link":"https:\/\/edicion.fundacionoccident.org\/tennis\/fase-girona","title":{"rendered":"Fase Gerona &#8211; Xpress Tennis Cup"},"content":{"rendered":"<p>El s\u00e1bado 6 de mayo se disputar\u00e1 la Fase de Girona de la <strong>Xpress Tennis Cup \u2013 Fundaci\u00f3n Jes\u00fas Serra<\/strong> en las fant\u00e1sticas instalaciones del Club Tennis Llafranc. Esta prueba significar\u00e1 el pistoletazo de salida en Girona de la nueva iniciativa deportiva de la Fundaci\u00f3n Jes\u00fas Serra para dar un impulso al tenis formativo.<\/p>\n<h1><b><span style=\"font-size: large;\">V\u00eddeo de presentaci\u00f3n<br \/>\n<img loading=\"lazy\" decoding=\"async\" class=\"alignright wp-image-2904 size-medium\" src=\"http:\/\/www.fundacionoccident.org\/tennis\/wp-content\/uploads\/2017\/04\/WhatsApp-Image-2017-04-24-at-11.21.22-169x300.jpeg\" alt=\"\" width=\"169\" height=\"300\" srcset=\"https:\/\/edicion.fundacionoccident.org\/tennis\/wp-content\/uploads\/2017\/04\/WhatsApp-Image-2017-04-24-at-11.21.22-169x300.jpeg 169w, https:\/\/edicion.fundacionoccident.org\/tennis\/wp-content\/uploads\/2017\/04\/WhatsApp-Image-2017-04-24-at-11.21.22-576x1024.jpeg 576w, https:\/\/edicion.fundacionoccident.org\/tennis\/wp-content\/uploads\/2017\/04\/WhatsApp-Image-2017-04-24-at-11.21.22-700x1244.jpeg 700w, https:\/\/edicion.fundacionoccident.org\/tennis\/wp-content\/uploads\/2017\/04\/WhatsApp-Image-2017-04-24-at-11.21.22.jpeg 720w\" sizes=\"auto, (max-width: 169px) 100vw, 169px\" \/><\/span><\/b><\/h1>\n<p>En un minuto, te presentamos la Xpress Tennis Cup<br \/>\n<a href=\"https:\/\/www.youtube.com\/watch?v=KC0XXREzyEs\" target=\"_blank\" rel=\"noopener noreferrer\"><span style=\"text-decoration: underline;\">Video presentaci\u00f3\u00a0\u00bb<\/span><\/a><\/p>\n<h1><span style=\"font-size: large;\"><b>Xpress Tennis Cup<\/b><\/span><\/h1>\n<p>Xpress Tennis Cup se disputar\u00e1 el 22 de abril en Lleida (CN Lleida), el 6 de mayo en Girona (Club Tennis Llafranc), el 13 de mayo en Tarragona (Club Tennis Tarragona) y el 27 de mayo en Barcelona (CEM Tennis Vall d&#8217;Hebron).<\/p>\n<p>En cada una de las fases se llevar\u00e1n a cabo las fases clasificatorias de las categor\u00edas sub-10 y sub-12 y la fase provincial de minitenis. Adem\u00e1s, en torno al torneo, se llevar\u00e1n a cabo actividades y din\u00e1micas que tienen el objetivo de fomentar los valores del deporte, el esfuerzo personal, el trabajo en equipo y la solidaridad entre j\u00f3venes.<\/p>\n<h1><b><span style=\"font-size: large;\">La Gran Final<\/span><\/b><\/h1>\n<p>El 28 de mayo, en Barcelona (CEM Tennis Vall d&#8217;Hebron), se disputar\u00e1 la Gran Final ,en la cual tendr\u00e1n una plaza asegurada los equipos campeones y subcampeones de cada una de las categor\u00edas y modalidades de las fases provinciales disputadas.<\/p>\n<h1><b><span style=\"font-size: large;\">M\u00e1s all\u00e1 de las pistas<img loading=\"lazy\" decoding=\"async\" class=\"alignright wp-image-2903 size-medium\" src=\"http:\/\/www.fundacionoccident.org\/tennis\/wp-content\/uploads\/2017\/04\/IMG_0374-300x200.jpg\" alt=\"\" width=\"300\" height=\"200\" srcset=\"https:\/\/edicion.fundacionoccident.org\/tennis\/wp-content\/uploads\/2017\/04\/IMG_0374-300x200.jpg 300w, https:\/\/edicion.fundacionoccident.org\/tennis\/wp-content\/uploads\/2017\/04\/IMG_0374-768x512.jpg 768w, https:\/\/edicion.fundacionoccident.org\/tennis\/wp-content\/uploads\/2017\/04\/IMG_0374-1024x683.jpg 1024w, https:\/\/edicion.fundacionoccident.org\/tennis\/wp-content\/uploads\/2017\/04\/IMG_0374-700x467.jpg 700w\" sizes=\"auto, (max-width: 300px) 100vw, 300px\" \/><\/span><\/b><\/h1>\n<p>En nuestro particular village contaremos con carpas de nuestros colaboradores y actividades para todos los p\u00fablicos (desde c\u00f3mo medir tu punter\u00eda hasta actividades de valores, lounge, photocall, entrevistas a los m\u00e1s peque\u00f1os, DJ en directo, speaker&#8230;).<\/p>\n<p>Cabe destacar, tambi\u00e9n, que en la Xpress Tennis Cup estar\u00e1 presente la asociaci\u00f3n ben\u00e9fica <strong>Tennis Aid<\/strong>, donde los asistentes podr\u00e1n llevar material de tenis que no utilicen y depositarlo a favor de Tennis Aid, que se encargar\u00e1 de hacerlo llegar a aquellos que m\u00e1s lo necesitan.<\/p>\n<p><strong>Wilson<\/strong> tambi\u00e9n tuvo su propio stand en el village, donde dispon\u00eda de raquetas de test y tambi\u00e9n de una \u00abruleta loca\u00bb donde los asistentes pudieron conseguir fant\u00e1sticos premios<\/p>\n<h1><b><span style=\"font-size: large;\">Rasgo diferencial <img loading=\"lazy\" decoding=\"async\" class=\"alignright wp-image-2889 size-medium\" src=\"http:\/\/www.fundacionoccident.org\/tennis\/wp-content\/uploads\/2017\/04\/IMG_0657-300x200.jpg\" alt=\"\" width=\"300\" height=\"200\" srcset=\"https:\/\/edicion.fundacionoccident.org\/tennis\/wp-content\/uploads\/2017\/04\/IMG_0657-300x200.jpg 300w, https:\/\/edicion.fundacionoccident.org\/tennis\/wp-content\/uploads\/2017\/04\/IMG_0657-768x512.jpg 768w, https:\/\/edicion.fundacionoccident.org\/tennis\/wp-content\/uploads\/2017\/04\/IMG_0657-1024x683.jpg 1024w, https:\/\/edicion.fundacionoccident.org\/tennis\/wp-content\/uploads\/2017\/04\/IMG_0657-700x467.jpg 700w\" sizes=\"auto, (max-width: 300px) 100vw, 300px\" \/><br \/>\n<\/span><\/b><\/h1>\n<p>Sistema de juego de la Xpress Tennis Cup<br \/>\n&#8211; Duraci\u00f3n partidos: 20 minutos<br \/>\n&#8211; Rondas: En cada ronda se disputar\u00e1 1 partido individual y 1 partido de dobles<br \/>\n&#8211; Sistema rotaci\u00f3n jugadores: durante el partido, el jugador\/pareja que gana el punto disputa el siguiente punto (m\u00e1ximo 2 puntos seguidos) y el jugador\/pareja que pierde el punto, se cambia por su compa\u00f1ero\/pareja de equipo.<\/p>\n<h1><b><span style=\"font-size: large;\">Informaci\u00f3n general Fase Girona<\/span><\/b><\/h1>\n<p><a href=\"https:\/\/www.fundacionoccident.org\/xpress-tennis-cup\/cataluna-girona\"><span style=\"text-decoration: underline;\">Toda la informaci\u00f3n \u00bb<\/span><\/a><\/p>\n<h1><span style=\"font-size: large;\"><b>Preguntas Frecuentes<\/b><\/span><\/h1>\n<p><a href=\"http:\/\/www.fundacionoccident.org\/tennis\/faq\" target=\"_blank\" rel=\"noopener noreferrer\"><span style=\"text-decoration: underline;\">Toda la informaci\u00f3n \u00bb<\/span><\/a><\/p>\n<div>\n<div>\n<h1><span style=\"font-size: large;\"><b>Mira c\u00f3mo nos lo pasamos en Lleida<\/b><\/span><\/h1>\n<p>Todo el resumen e im\u00e1genes<br \/>\n<u><a href=\"https:\/\/www.fundacionoccident.org\/tennis\/resumen-resultados-lleida\" target=\"_blank\" rel=\"noopener noreferrer\">Toda la informaci\u00f3n \u00bb<\/a><\/u><\/p>\n<h1><\/h1>\n<\/div>\n<\/div>\n","protected":false},"excerpt":{"rendered":"<p>El s\u00e1bado 6 de mayo se disputar\u00e1 la Fase de Girona de la Xpress Tennis Cup \u2013 Fundaci\u00f3n Jes\u00fas Serra en las fant\u00e1sticas instalaciones del Club Tennis Llafranc. Esta prueba significar\u00e1 el pistoletazo de salida en Girona de la nueva iniciativa deportiva de la Fundaci\u00f3n&#8230;<\/p>\n","protected":false},"author":6,"featured_media":2903,"comment_status":"open","ping_status":"open","sticky":false,"template":"","format":"standard","meta":{"footnotes":"","_links_to":"","_links_to_target":""},"categories":[50],"tags":[],"class_list":["post-2944","post","type-post","status-publish","format-standard","has-post-thumbnail","hentry","category-xtc"],"yoast_head":"<!-- This site is optimized with the Yoast SEO plugin v26.3 - https:\/\/yoast.com\/wordpress\/plugins\/seo\/ -->\n<title>Fase Girona del Campeonato - Xpress Tennis Cup | FJS<\/title>\n<meta name=\"description\" content=\"Consulta toda la informaci\u00f3n sobre la fase de Girona del Campeonato de Tenis Xpress Tennis Cup, organizado por la Fundaci\u00f3n Jes\u00fas Serra.\" \/>\n<meta name=\"robots\" content=\"index, follow, max-snippet:-1, max-image-preview:large, max-video-preview:-1\" \/>\n<link rel=\"canonical\" href=\"https:\/\/edicion.fundacionoccident.org\/tennis\/wp-json\/wp\/v2\/posts\/2944\" \/>\n<meta property=\"og:locale\" content=\"es_ES\" \/>\n<meta property=\"og:type\" content=\"article\" \/>\n<meta property=\"og:title\" content=\"Fase Girona del Campeonato - Xpress Tennis Cup | FJS\" \/>\n<meta property=\"og:description\" content=\"Consulta toda la informaci\u00f3n sobre la fase de Girona del Campeonato de Tenis Xpress Tennis Cup, organizado por la Fundaci\u00f3n Jes\u00fas Serra.\" \/>\n<meta property=\"og:url\" content=\"https:\/\/edicion.fundacionoccident.org\/tennis\/fase-girona\" \/>\n<meta property=\"og:site_name\" content=\"Xpress Tennis Cup\" \/>\n<meta property=\"article:published_time\" content=\"2017-04-25T10:32:19+00:00\" \/>\n<meta property=\"article:modified_time\" content=\"2020-12-29T12:29:57+00:00\" \/>\n<meta property=\"og:image\" content=\"https:\/\/edicion.fundacionoccident.org\/tennis\/wp-content\/uploads\/2017\/04\/IMG_0374-1024x683.jpg\" \/>\n\t<meta property=\"og:image:width\" content=\"1024\" \/>\n\t<meta property=\"og:image:height\" content=\"683\" \/>\n\t<meta property=\"og:image:type\" content=\"image\/jpeg\" \/>\n<meta name=\"author\" content=\"SEOCOM\" \/>\n<meta name=\"twitter:card\" content=\"summary_large_image\" \/>\n<meta name=\"twitter:label1\" content=\"Escrito por\" \/>\n\t<meta name=\"twitter:data1\" content=\"SEOCOM\" \/>\n\t<meta name=\"twitter:label2\" content=\"Tiempo de lectura\" \/>\n\t<meta name=\"twitter:data2\" content=\"2 minutos\" \/>\n<script type=\"application\/ld+json\" class=\"yoast-schema-graph\">{\"@context\":\"https:\/\/schema.org\",\"@graph\":[{\"@type\":\"WebPage\",\"@id\":\"https:\/\/edicion.fundacionoccident.org\/tennis\/fase-girona\",\"url\":\"https:\/\/edicion.fundacionoccident.org\/tennis\/fase-girona\",\"name\":\"Fase Girona del Campeonato - Xpress Tennis Cup | FJS\",\"isPartOf\":{\"@id\":\"https:\/\/edicion.fundacionoccident.org\/tennis\/#website\"},\"primaryImageOfPage\":{\"@id\":\"https:\/\/edicion.fundacionoccident.org\/tennis\/fase-girona#primaryimage\"},\"image\":{\"@id\":\"https:\/\/edicion.fundacionoccident.org\/tennis\/fase-girona#primaryimage\"},\"thumbnailUrl\":\"https:\/\/edicion.fundacionoccident.org\/tennis\/wp-content\/uploads\/2017\/04\/IMG_0374.jpg\",\"datePublished\":\"2017-04-25T10:32:19+00:00\",\"dateModified\":\"2020-12-29T12:29:57+00:00\",\"author\":{\"@id\":\"https:\/\/edicion.fundacionoccident.org\/tennis\/#\/schema\/person\/027c84aa6e6bff6c391d1500ecb7d9ed\"},\"description\":\"Consulta toda la informaci\u00f3n sobre la fase de Girona del Campeonato de Tenis Xpress Tennis Cup, organizado por la Fundaci\u00f3n Jes\u00fas Serra.\",\"breadcrumb\":{\"@id\":\"https:\/\/edicion.fundacionoccident.org\/tennis\/fase-girona#breadcrumb\"},\"inLanguage\":\"es\",\"potentialAction\":[{\"@type\":\"ReadAction\",\"target\":[\"https:\/\/edicion.fundacionoccident.org\/tennis\/fase-girona\"]}]},{\"@type\":\"ImageObject\",\"inLanguage\":\"es\",\"@id\":\"https:\/\/edicion.fundacionoccident.org\/tennis\/fase-girona#primaryimage\",\"url\":\"https:\/\/edicion.fundacionoccident.org\/tennis\/wp-content\/uploads\/2017\/04\/IMG_0374.jpg\",\"contentUrl\":\"https:\/\/edicion.fundacionoccident.org\/tennis\/wp-content\/uploads\/2017\/04\/IMG_0374.jpg\",\"width\":5184,\"height\":3456},{\"@type\":\"BreadcrumbList\",\"@id\":\"https:\/\/edicion.fundacionoccident.org\/tennis\/fase-girona#breadcrumb\",\"itemListElement\":[{\"@type\":\"ListItem\",\"position\":1,\"name\":\"Portada\",\"item\":\"https:\/\/edicion.fundacionoccident.org\/tennis\/\"},{\"@type\":\"ListItem\",\"position\":2,\"name\":\"Fase Gerona &#8211; Xpress Tennis Cup\"}]},{\"@type\":\"WebSite\",\"@id\":\"https:\/\/edicion.fundacionoccident.org\/tennis\/#website\",\"url\":\"https:\/\/edicion.fundacionoccident.org\/tennis\/\",\"name\":\"Xpress Tennis Cup\",\"description\":\"Fundaci\u00f3 Jes\u00fas Serra\",\"potentialAction\":[{\"@type\":\"SearchAction\",\"target\":{\"@type\":\"EntryPoint\",\"urlTemplate\":\"https:\/\/edicion.fundacionoccident.org\/tennis\/?s={search_term_string}\"},\"query-input\":{\"@type\":\"PropertyValueSpecification\",\"valueRequired\":true,\"valueName\":\"search_term_string\"}}],\"inLanguage\":\"es\"},{\"@type\":\"Person\",\"@id\":\"https:\/\/edicion.fundacionoccident.org\/tennis\/#\/schema\/person\/027c84aa6e6bff6c391d1500ecb7d9ed\",\"name\":\"SEOCOM\",\"url\":\"https:\/\/edicion.fundacionoccident.org\/tennis\/author\/tennisfjs\"}]}<\/script>\n<!-- \/ Yoast SEO plugin. -->","yoast_head_json":{"title":"Fase Girona del Campeonato - Xpress Tennis Cup | FJS","description":"Consulta toda la informaci\u00f3n sobre la fase de Girona del Campeonato de Tenis Xpress Tennis Cup, organizado por la Fundaci\u00f3n Jes\u00fas Serra.","robots":{"index":"index","follow":"follow","max-snippet":"max-snippet:-1","max-image-preview":"max-image-preview:large","max-video-preview":"max-video-preview:-1"},"canonical":"https:\/\/edicion.fundacionoccident.org\/tennis\/wp-json\/wp\/v2\/posts\/2944","og_locale":"es_ES","og_type":"article","og_title":"Fase Girona del Campeonato - Xpress Tennis Cup | FJS","og_description":"Consulta toda la informaci\u00f3n sobre la fase de Girona del Campeonato de Tenis Xpress Tennis Cup, organizado por la Fundaci\u00f3n Jes\u00fas Serra.","og_url":"https:\/\/edicion.fundacionoccident.org\/tennis\/fase-girona","og_site_name":"Xpress Tennis Cup","article_published_time":"2017-04-25T10:32:19+00:00","article_modified_time":"2020-12-29T12:29:57+00:00","og_image":[{"width":1024,"height":683,"url":"https:\/\/edicion.fundacionoccident.org\/tennis\/wp-content\/uploads\/2017\/04\/IMG_0374-1024x683.jpg","type":"image\/jpeg"}],"author":"SEOCOM","twitter_card":"summary_large_image","twitter_misc":{"Escrito por":"SEOCOM","Tiempo de lectura":"2 minutos"},"schema":{"@context":"https:\/\/schema.org","@graph":[{"@type":"WebPage","@id":"https:\/\/edicion.fundacionoccident.org\/tennis\/fase-girona","url":"https:\/\/edicion.fundacionoccident.org\/tennis\/fase-girona","name":"Fase Girona del Campeonato - Xpress Tennis Cup | FJS","isPartOf":{"@id":"https:\/\/edicion.fundacionoccident.org\/tennis\/#website"},"primaryImageOfPage":{"@id":"https:\/\/edicion.fundacionoccident.org\/tennis\/fase-girona#primaryimage"},"image":{"@id":"https:\/\/edicion.fundacionoccident.org\/tennis\/fase-girona#primaryimage"},"thumbnailUrl":"https:\/\/edicion.fundacionoccident.org\/tennis\/wp-content\/uploads\/2017\/04\/IMG_0374.jpg","datePublished":"2017-04-25T10:32:19+00:00","dateModified":"2020-12-29T12:29:57+00:00","author":{"@id":"https:\/\/edicion.fundacionoccident.org\/tennis\/#\/schema\/person\/027c84aa6e6bff6c391d1500ecb7d9ed"},"description":"Consulta toda la informaci\u00f3n sobre la fase de Girona del Campeonato de Tenis Xpress Tennis Cup, organizado por la Fundaci\u00f3n Jes\u00fas Serra.","breadcrumb":{"@id":"https:\/\/edicion.fundacionoccident.org\/tennis\/fase-girona#breadcrumb"},"inLanguage":"es","potentialAction":[{"@type":"ReadAction","target":["https:\/\/edicion.fundacionoccident.org\/tennis\/fase-girona"]}]},{"@type":"ImageObject","inLanguage":"es","@id":"https:\/\/edicion.fundacionoccident.org\/tennis\/fase-girona#primaryimage","url":"https:\/\/edicion.fundacionoccident.org\/tennis\/wp-content\/uploads\/2017\/04\/IMG_0374.jpg","contentUrl":"https:\/\/edicion.fundacionoccident.org\/tennis\/wp-content\/uploads\/2017\/04\/IMG_0374.jpg","width":5184,"height":3456},{"@type":"BreadcrumbList","@id":"https:\/\/edicion.fundacionoccident.org\/tennis\/fase-girona#breadcrumb","itemListElement":[{"@type":"ListItem","position":1,"name":"Portada","item":"https:\/\/edicion.fundacionoccident.org\/tennis\/"},{"@type":"ListItem","position":2,"name":"Fase Gerona &#8211; Xpress Tennis Cup"}]},{"@type":"WebSite","@id":"https:\/\/edicion.fundacionoccident.org\/tennis\/#website","url":"https:\/\/edicion.fundacionoccident.org\/tennis\/","name":"Xpress Tennis Cup","description":"Fundaci\u00f3 Jes\u00fas Serra","potentialAction":[{"@type":"SearchAction","target":{"@type":"EntryPoint","urlTemplate":"https:\/\/edicion.fundacionoccident.org\/tennis\/?s={search_term_string}"},"query-input":{"@type":"PropertyValueSpecification","valueRequired":true,"valueName":"search_term_string"}}],"inLanguage":"es"},{"@type":"Person","@id":"https:\/\/edicion.fundacionoccident.org\/tennis\/#\/schema\/person\/027c84aa6e6bff6c391d1500ecb7d9ed","name":"SEOCOM","url":"https:\/\/edicion.fundacionoccident.org\/tennis\/author\/tennisfjs"}]}},"_links":{"self":[{"href":"https:\/\/edicion.fundacionoccident.org\/tennis\/wp-json\/wp\/v2\/posts\/2944","targetHints":{"allow":["GET"]}}],"collection":[{"href":"https:\/\/edicion.fundacionoccident.org\/tennis\/wp-json\/wp\/v2\/posts"}],"about":[{"href":"https:\/\/edicion.fundacionoccident.org\/tennis\/wp-json\/wp\/v2\/types\/post"}],"author":[{"embeddable":true,"href":"https:\/\/edicion.fundacionoccident.org\/tennis\/wp-json\/wp\/v2\/users\/6"}],"replies":[{"embeddable":true,"href":"https:\/\/edicion.fundacionoccident.org\/tennis\/wp-json\/wp\/v2\/comments?post=2944"}],"version-history":[{"count":15,"href":"https:\/\/edicion.fundacionoccident.org\/tennis\/wp-json\/wp\/v2\/posts\/2944\/revisions"}],"predecessor-version":[{"id":6761,"href":"https:\/\/edicion.fundacionoccident.org\/tennis\/wp-json\/wp\/v2\/posts\/2944\/revisions\/6761"}],"wp:featuredmedia":[{"embeddable":true,"href":"https:\/\/edicion.fundacionoccident.org\/tennis\/wp-json\/wp\/v2\/media\/2903"}],"wp:attachment":[{"href":"https:\/\/edicion.fundacionoccident.org\/tennis\/wp-json\/wp\/v2\/media?parent=2944"}],"wp:term":[{"taxonomy":"category","embeddable":true,"href":"https:\/\/edicion.fundacionoccident.org\/tennis\/wp-json\/wp\/v2\/categories?post=2944"},{"taxonomy":"post_tag","embeddable":true,"href":"https:\/\/edicion.fundacionoccident.org\/tennis\/wp-json\/wp\/v2\/tags?post=2944"}],"curies":[{"name":"wp","href":"https:\/\/api.w.org\/{rel}","templated":true}]}}