{"id":3973,"date":"2019-04-09T18:00:14","date_gmt":"2019-04-09T18:00:14","guid":{"rendered":"http:\/\/edicion.fundacionjesusserra.org\/tennis\/\/?p=3973"},"modified":"2024-04-30T08:50:04","modified_gmt":"2024-04-30T06:50:04","slug":"llega-valencia-2019","status":"publish","type":"post","link":"https:\/\/edicion.fundacionoccident.org\/tennis\/llega-valencia-2019","title":{"rendered":"Xpress Tennis Cup llega a Valencia"},"content":{"rendered":"<p>La <span style=\"text-decoration: underline;\"><a href=\"https:\/\/www.fundacionoccident.org\/conocenos\" target=\"_blank\" rel=\"noopener noreferrer\">Fundaci\u00f3n Jes\u00fas Serra<\/a><\/span>,\u00a0del Grupo Catalana Occidente, organiza la 3\u00aa edici\u00f3n de Xpress Tennis Cup, que c\u00f3mo novedad, este a\u00f1o se celebrar\u00e1 en la Comunidad Valenciana.\u00a0<strong><br \/>\n<\/strong>Tres fases provinciales (Alicante, Castell\u00f3n y Valencia) formar\u00e1n el Xpress Tennis Cup de la Comunidad Valenciana y culminar\u00e1 con una Gran Final entre los equipos finalistas de las diferentes fases provinciales.<\/p>\n<h2><strong>Siguiente parada: Valencia<\/strong><\/h2>\n<p><strong>El pr\u00f3ximo 11 de mayo, el Xpress Tennis Cup llega a Valencia, que contar\u00e1 como sede oficial en la prestigiosa <span style=\"text-decoration: underline;\">Club Espa\u00f1ol de Tenis \u00a0(Valencia).<\/span><\/strong><\/p>\n<p>La Fundaci\u00f3n Jes\u00fas Serra, del Grupo Catalana Occidente, y la firma de equipaci\u00f3n deportiva <span style=\"text-decoration: underline;\"><a href=\"https:\/\/www.wilson.com\/es-es\" target=\"_blank\" rel=\"noopener noreferrer\">Wilson<\/a><\/span> han puesto en marcha la 3\u00aa edici\u00f3n de Xpress Tennis Cup, un proyecto deportivo cuyo objetivo es impulsar el tenis base. En concreto, el campeonato est\u00e1 dirigido a ni\u00f1os y ni\u00f1as, con edades comprendidas entre los 5 y 12 a\u00f1os, y que formen parte de un club de tenis.<\/p>\n<p>Como novedad este a\u00f1o, el torneo contar\u00e1 con un total de tres circuitos diferenciados (Catalu\u00f1a, Comunidad de Madrid y Comunidad Valenciana) en los que ni\u00f1os y ni\u00f1as representar\u00e1n por equipos a sus respectivos clubs en el <a href=\"http:\/\/www.fundacionoccident.org\/tennis\" target=\"_blank\" rel=\"noopener noreferrer\"><span style=\"text-decoration: underline;\">innovador formato de partidos de 20 minutos<\/span><\/a>. Est\u00e1 previsto que en esta edici\u00f3n participen m\u00e1s de 2.500 jugadores y 270 equipos de clubs de tenis de las tres comunidades aut\u00f3nomas.<\/p>\n<h2><strong>Un formato diferente<\/strong><\/h2>\n<p>Sistema de juego diferencial:<br \/>\n<strong>&#8211; Torneo xpress:<\/strong> todo el torneo se disputa en 4 horas<br \/>\n<strong>&#8211; Duraci\u00f3n partidos:<\/strong> 20 minutos (round robin)<br \/>\n<strong>&#8211; Rondas:<\/strong> Cada ronda se disputar\u00e1 1 partido individual y 1 partido de dobles<br \/>\n<strong>&#8211; Rotaci\u00f3n jugadores:<\/strong> durante el partido, el jugador\/pareja que gana el punto, disputa el siguiente punto (m\u00e1ximo 2 puntos seguidos) y el jugador\/pareja que pierde el punto, se cambia por su compa\u00f1ero\/pareja de equipo.<\/p>\n<p><strong>Preguntas frecuentes:<\/strong> <a href=\"http:\/\/www.fundacionoccident.org\/tennis\/faq\" target=\"_blank\" rel=\"noopener noreferrer\"><span style=\"text-decoration: underline;\">Toda la informaci\u00f3n \u00bb<\/span><\/a><\/p>\n<h2>\u00a1Inscripciones gratuitas!<\/h2>\n<p>Ya ha empezado el plazo de inscripci\u00f3n para participar en las diferentes fases y sedes del Xpress Tennis Cup.<br \/>\nAnimamos a todos los clubes de tenis a formalizar la inscripci\u00f3n y as\u00ed, poder reservar una plaza para vuestros equipos.<br \/>\nRecordamos las <strong>inscripciones son gratuitas y las plazas muy limitadas.<\/strong>\u00a0\u00a1Reserva tu plaza!<br \/>\n<span style=\"text-decoration: underline;\"><a href=\"http:\/\/www.fundacionoccident.org\/tennis\/participa\">Formulario Inscripci\u00f3n \u00bb<\/a><\/span><\/p>\n<h2><strong>M\u00e1s all\u00e1 de las pistas<\/strong><\/h2>\n<p>Adem\u00e1s, alrededor del torneo, <a href=\"http:\/\/www.fundacionoccident.org\/tennis\/mas-alla-de-las-pistas\" target=\"_blank\" rel=\"noopener noreferrer\"><span style=\"text-decoration: underline;\">se llevar\u00e1n a cabo diferentes actividades<\/span><\/a>. En la Fun Zone se podr\u00e1n probar los \u00faltimos modelos de las raquetas Wilson, as\u00ed como jugar al tenis con las Gigant Rackets, enfrentarse al Tritennis o poner a prueba su punter\u00eda.<\/p>\n<p>Un a\u00f1o m\u00e1s, <a href=\"http:\/\/www.fundacionoccident.org\/tennis\/cat\/solidaritat\" target=\"_blank\" rel=\"noopener noreferrer\"><strong>Tennis Aid<\/strong><\/a>\u00a0tambi\u00e9n estar\u00e1 presente en uno de los stands del village. En \u00e9l los\u00a0participantes y acompa\u00f1antes pudieron adquirir material como camisetas, pulseras en beneficio a esta asociaci\u00f3n.<\/p>\n<p>Adem\u00e1s, los equipos finalistas y ganadores, de las fases provinciales y de la gran final de cada comunidad, recibir\u00e1n material deportivo Wilson.<\/p>\n<h2><strong>Sedes y fechas Comunidad Valenciana<\/strong><\/h2>\n<p><strong>I Fase provincial:\u00a0<\/strong><span style=\"text-decoration: underline;\"><a href=\"http:\/\/www.fundacionoccident.org\/tennis\/alicante\">Juan Carlos Ferrero &#8211; Equelite Sport Academy \u00a0(Alicante) &#8211; 30 de marzo<\/a><\/span><br \/>\n<strong>II \u00a0Fase provincial:\u00a0<\/strong><span style=\"text-decoration: underline;\"><a href=\"http:\/\/www.fundacionoccident.org\/tennis\/castellon\">Club Tennis Castell\u00f3n (Castell\u00f3n) &#8211; 27 de abril<\/a><\/span><br \/>\n<strong>III Fase provincial:\u00a0<\/strong><span style=\"text-decoration: underline;\">Club Espa\u00f1ol de Tenis \u00a0(Valencia) &#8211; 11 de mayo<\/span><br \/>\n<strong>Gran final Comunidad Valenciana:\u00a0<\/strong><span style=\"text-decoration: underline;\"><a href=\"http:\/\/www.fundacionoccident.org\/tennis\/comunidad-valenciana\">Club Espa\u00f1ol de Tenis \u00a0(Valencia) &#8211; 12 de mayo<\/a><\/span><\/p>\n<h2><strong>\u00a1As\u00ed nos lo pasamos en la edici\u00f3n anterior!<\/strong><\/h2>\n<p>&nbsp;<\/p>\n<p style=\"text-align: center;\"><iframe loading=\"lazy\" src=\"https:\/\/www.youtube.com\/embed\/-CITRZ80ldI\" width=\"560\" height=\"315\" frameborder=\"0\" allowfullscreen=\"allowfullscreen\"><\/iframe><\/p>\n<p>&nbsp;<\/p>\n<h2>\u00a1Haz tu equipo!<\/h2>\n<p>Te animamos a formar tu equipo y reservar, cuanto antes, una plaza para vuestros equipos.<br \/>\nRecordamos las <strong>inscripciones son gratuitas y las plazas muy limitadas.<\/strong><br \/>\n<span style=\"text-decoration: underline;\"><a href=\"http:\/\/www.fundacionoccident.org\/tennis\/participa\">Formulario Inscripcion \u00bb<\/a><\/span><\/p>\n","protected":false},"excerpt":{"rendered":"<p>La Fundaci\u00f3n Jes\u00fas Serra,\u00a0del Grupo Catalana Occidente, organiza la 3\u00aa edici\u00f3n de Xpress Tennis Cup, que c\u00f3mo novedad, este a\u00f1o se celebrar\u00e1 en la Comunidad Valenciana.\u00a0 Tres fases provinciales (Alicante, Castell\u00f3n y Valencia) formar\u00e1n el Xpress Tennis Cup de la Comunidad Valenciana y culminar\u00e1 con&#8230;<\/p>\n","protected":false},"author":6,"featured_media":3918,"comment_status":"open","ping_status":"open","sticky":false,"template":"","format":"standard","meta":{"footnotes":"","_links_to":"","_links_to_target":""},"categories":[50],"tags":[],"class_list":["post-3973","post","type-post","status-publish","format-standard","has-post-thumbnail","hentry","category-xtc"],"yoast_head":"<!-- This site is optimized with the Yoast SEO plugin v26.3 - https:\/\/yoast.com\/wordpress\/plugins\/seo\/ -->\n<title>La 3\u00aa edici\u00f3n llega a Valencia 2019 - Xpress Tennis Cup<\/title>\n<meta name=\"description\" content=\"La tercera edici\u00f3n del Xpress Tennis Cup, organizado por la Fundaci\u00f3n Jes\u00fas Serra, celebrar\u00e1 tres fases provinciales y una final en Valencia.\" \/>\n<meta name=\"robots\" content=\"index, follow, max-snippet:-1, max-image-preview:large, max-video-preview:-1\" \/>\n<link rel=\"canonical\" href=\"https:\/\/edicion.fundacionoccident.org\/tennis\/wp-json\/wp\/v2\/posts\/3973\" \/>\n<meta property=\"og:locale\" content=\"es_ES\" \/>\n<meta property=\"og:type\" content=\"article\" \/>\n<meta property=\"og:title\" content=\"La 3\u00aa edici\u00f3n llega a Valencia 2019 - Xpress Tennis Cup\" \/>\n<meta property=\"og:description\" content=\"La tercera edici\u00f3n del Xpress Tennis Cup, organizado por la Fundaci\u00f3n Jes\u00fas Serra, celebrar\u00e1 tres fases provinciales y una final en Valencia.\" \/>\n<meta property=\"og:url\" content=\"https:\/\/edicion.fundacionoccident.org\/tennis\/llega-valencia-2019\" \/>\n<meta property=\"og:site_name\" content=\"Xpress Tennis Cup\" \/>\n<meta property=\"article:published_time\" content=\"2019-04-09T18:00:14+00:00\" \/>\n<meta property=\"article:modified_time\" content=\"2024-04-30T06:50:04+00:00\" \/>\n<meta property=\"og:image\" content=\"https:\/\/edicion.fundacionoccident.org\/tennis\/wp-content\/uploads\/2019\/02\/Barcelona-1024x683.jpg\" \/>\n\t<meta property=\"og:image:width\" content=\"1024\" \/>\n\t<meta property=\"og:image:height\" content=\"683\" \/>\n\t<meta property=\"og:image:type\" content=\"image\/jpeg\" \/>\n<meta name=\"author\" content=\"SEOCOM\" \/>\n<meta name=\"twitter:card\" content=\"summary_large_image\" \/>\n<meta name=\"twitter:label1\" content=\"Escrito por\" \/>\n\t<meta name=\"twitter:data1\" content=\"SEOCOM\" \/>\n\t<meta name=\"twitter:label2\" content=\"Tiempo de lectura\" \/>\n\t<meta name=\"twitter:data2\" content=\"3 minutos\" \/>\n<script type=\"application\/ld+json\" class=\"yoast-schema-graph\">{\"@context\":\"https:\/\/schema.org\",\"@graph\":[{\"@type\":\"WebPage\",\"@id\":\"https:\/\/edicion.fundacionoccident.org\/tennis\/llega-valencia-2019\",\"url\":\"https:\/\/edicion.fundacionoccident.org\/tennis\/llega-valencia-2019\",\"name\":\"La 3\u00aa edici\u00f3n llega a Valencia 2019 - Xpress Tennis Cup\",\"isPartOf\":{\"@id\":\"https:\/\/edicion.fundacionoccident.org\/tennis\/#website\"},\"primaryImageOfPage\":{\"@id\":\"https:\/\/edicion.fundacionoccident.org\/tennis\/llega-valencia-2019#primaryimage\"},\"image\":{\"@id\":\"https:\/\/edicion.fundacionoccident.org\/tennis\/llega-valencia-2019#primaryimage\"},\"thumbnailUrl\":\"https:\/\/edicion.fundacionoccident.org\/tennis\/wp-content\/uploads\/2019\/02\/Barcelona.jpg\",\"datePublished\":\"2019-04-09T18:00:14+00:00\",\"dateModified\":\"2024-04-30T06:50:04+00:00\",\"author\":{\"@id\":\"https:\/\/edicion.fundacionoccident.org\/tennis\/#\/schema\/person\/027c84aa6e6bff6c391d1500ecb7d9ed\"},\"description\":\"La tercera edici\u00f3n del Xpress Tennis Cup, organizado por la Fundaci\u00f3n Jes\u00fas Serra, celebrar\u00e1 tres fases provinciales y una final en Valencia.\",\"breadcrumb\":{\"@id\":\"https:\/\/edicion.fundacionoccident.org\/tennis\/llega-valencia-2019#breadcrumb\"},\"inLanguage\":\"es\",\"potentialAction\":[{\"@type\":\"ReadAction\",\"target\":[\"https:\/\/edicion.fundacionoccident.org\/tennis\/llega-valencia-2019\"]}]},{\"@type\":\"ImageObject\",\"inLanguage\":\"es\",\"@id\":\"https:\/\/edicion.fundacionoccident.org\/tennis\/llega-valencia-2019#primaryimage\",\"url\":\"https:\/\/edicion.fundacionoccident.org\/tennis\/wp-content\/uploads\/2019\/02\/Barcelona.jpg\",\"contentUrl\":\"https:\/\/edicion.fundacionoccident.org\/tennis\/wp-content\/uploads\/2019\/02\/Barcelona.jpg\",\"width\":4898,\"height\":3266},{\"@type\":\"BreadcrumbList\",\"@id\":\"https:\/\/edicion.fundacionoccident.org\/tennis\/llega-valencia-2019#breadcrumb\",\"itemListElement\":[{\"@type\":\"ListItem\",\"position\":1,\"name\":\"Portada\",\"item\":\"https:\/\/edicion.fundacionoccident.org\/tennis\/\"},{\"@type\":\"ListItem\",\"position\":2,\"name\":\"Xpress Tennis Cup llega a Valencia\"}]},{\"@type\":\"WebSite\",\"@id\":\"https:\/\/edicion.fundacionoccident.org\/tennis\/#website\",\"url\":\"https:\/\/edicion.fundacionoccident.org\/tennis\/\",\"name\":\"Xpress Tennis Cup\",\"description\":\"Fundaci\u00f3 Jes\u00fas Serra\",\"potentialAction\":[{\"@type\":\"SearchAction\",\"target\":{\"@type\":\"EntryPoint\",\"urlTemplate\":\"https:\/\/edicion.fundacionoccident.org\/tennis\/?s={search_term_string}\"},\"query-input\":{\"@type\":\"PropertyValueSpecification\",\"valueRequired\":true,\"valueName\":\"search_term_string\"}}],\"inLanguage\":\"es\"},{\"@type\":\"Person\",\"@id\":\"https:\/\/edicion.fundacionoccident.org\/tennis\/#\/schema\/person\/027c84aa6e6bff6c391d1500ecb7d9ed\",\"name\":\"SEOCOM\",\"url\":\"https:\/\/edicion.fundacionoccident.org\/tennis\/author\/tennisfjs\"}]}<\/script>\n<!-- \/ Yoast SEO plugin. -->","yoast_head_json":{"title":"La 3\u00aa edici\u00f3n llega a Valencia 2019 - Xpress Tennis Cup","description":"La tercera edici\u00f3n del Xpress Tennis Cup, organizado por la Fundaci\u00f3n Jes\u00fas Serra, celebrar\u00e1 tres fases provinciales y una final en Valencia.","robots":{"index":"index","follow":"follow","max-snippet":"max-snippet:-1","max-image-preview":"max-image-preview:large","max-video-preview":"max-video-preview:-1"},"canonical":"https:\/\/edicion.fundacionoccident.org\/tennis\/wp-json\/wp\/v2\/posts\/3973","og_locale":"es_ES","og_type":"article","og_title":"La 3\u00aa edici\u00f3n llega a Valencia 2019 - Xpress Tennis Cup","og_description":"La tercera edici\u00f3n del Xpress Tennis Cup, organizado por la Fundaci\u00f3n Jes\u00fas Serra, celebrar\u00e1 tres fases provinciales y una final en Valencia.","og_url":"https:\/\/edicion.fundacionoccident.org\/tennis\/llega-valencia-2019","og_site_name":"Xpress Tennis Cup","article_published_time":"2019-04-09T18:00:14+00:00","article_modified_time":"2024-04-30T06:50:04+00:00","og_image":[{"width":1024,"height":683,"url":"https:\/\/edicion.fundacionoccident.org\/tennis\/wp-content\/uploads\/2019\/02\/Barcelona-1024x683.jpg","type":"image\/jpeg"}],"author":"SEOCOM","twitter_card":"summary_large_image","twitter_misc":{"Escrito por":"SEOCOM","Tiempo de lectura":"3 minutos"},"schema":{"@context":"https:\/\/schema.org","@graph":[{"@type":"WebPage","@id":"https:\/\/edicion.fundacionoccident.org\/tennis\/llega-valencia-2019","url":"https:\/\/edicion.fundacionoccident.org\/tennis\/llega-valencia-2019","name":"La 3\u00aa edici\u00f3n llega a Valencia 2019 - Xpress Tennis Cup","isPartOf":{"@id":"https:\/\/edicion.fundacionoccident.org\/tennis\/#website"},"primaryImageOfPage":{"@id":"https:\/\/edicion.fundacionoccident.org\/tennis\/llega-valencia-2019#primaryimage"},"image":{"@id":"https:\/\/edicion.fundacionoccident.org\/tennis\/llega-valencia-2019#primaryimage"},"thumbnailUrl":"https:\/\/edicion.fundacionoccident.org\/tennis\/wp-content\/uploads\/2019\/02\/Barcelona.jpg","datePublished":"2019-04-09T18:00:14+00:00","dateModified":"2024-04-30T06:50:04+00:00","author":{"@id":"https:\/\/edicion.fundacionoccident.org\/tennis\/#\/schema\/person\/027c84aa6e6bff6c391d1500ecb7d9ed"},"description":"La tercera edici\u00f3n del Xpress Tennis Cup, organizado por la Fundaci\u00f3n Jes\u00fas Serra, celebrar\u00e1 tres fases provinciales y una final en Valencia.","breadcrumb":{"@id":"https:\/\/edicion.fundacionoccident.org\/tennis\/llega-valencia-2019#breadcrumb"},"inLanguage":"es","potentialAction":[{"@type":"ReadAction","target":["https:\/\/edicion.fundacionoccident.org\/tennis\/llega-valencia-2019"]}]},{"@type":"ImageObject","inLanguage":"es","@id":"https:\/\/edicion.fundacionoccident.org\/tennis\/llega-valencia-2019#primaryimage","url":"https:\/\/edicion.fundacionoccident.org\/tennis\/wp-content\/uploads\/2019\/02\/Barcelona.jpg","contentUrl":"https:\/\/edicion.fundacionoccident.org\/tennis\/wp-content\/uploads\/2019\/02\/Barcelona.jpg","width":4898,"height":3266},{"@type":"BreadcrumbList","@id":"https:\/\/edicion.fundacionoccident.org\/tennis\/llega-valencia-2019#breadcrumb","itemListElement":[{"@type":"ListItem","position":1,"name":"Portada","item":"https:\/\/edicion.fundacionoccident.org\/tennis\/"},{"@type":"ListItem","position":2,"name":"Xpress Tennis Cup llega a Valencia"}]},{"@type":"WebSite","@id":"https:\/\/edicion.fundacionoccident.org\/tennis\/#website","url":"https:\/\/edicion.fundacionoccident.org\/tennis\/","name":"Xpress Tennis Cup","description":"Fundaci\u00f3 Jes\u00fas Serra","potentialAction":[{"@type":"SearchAction","target":{"@type":"EntryPoint","urlTemplate":"https:\/\/edicion.fundacionoccident.org\/tennis\/?s={search_term_string}"},"query-input":{"@type":"PropertyValueSpecification","valueRequired":true,"valueName":"search_term_string"}}],"inLanguage":"es"},{"@type":"Person","@id":"https:\/\/edicion.fundacionoccident.org\/tennis\/#\/schema\/person\/027c84aa6e6bff6c391d1500ecb7d9ed","name":"SEOCOM","url":"https:\/\/edicion.fundacionoccident.org\/tennis\/author\/tennisfjs"}]}},"_links":{"self":[{"href":"https:\/\/edicion.fundacionoccident.org\/tennis\/wp-json\/wp\/v2\/posts\/3973","targetHints":{"allow":["GET"]}}],"collection":[{"href":"https:\/\/edicion.fundacionoccident.org\/tennis\/wp-json\/wp\/v2\/posts"}],"about":[{"href":"https:\/\/edicion.fundacionoccident.org\/tennis\/wp-json\/wp\/v2\/types\/post"}],"author":[{"embeddable":true,"href":"https:\/\/edicion.fundacionoccident.org\/tennis\/wp-json\/wp\/v2\/users\/6"}],"replies":[{"embeddable":true,"href":"https:\/\/edicion.fundacionoccident.org\/tennis\/wp-json\/wp\/v2\/comments?post=3973"}],"version-history":[{"count":6,"href":"https:\/\/edicion.fundacionoccident.org\/tennis\/wp-json\/wp\/v2\/posts\/3973\/revisions"}],"predecessor-version":[{"id":8831,"href":"https:\/\/edicion.fundacionoccident.org\/tennis\/wp-json\/wp\/v2\/posts\/3973\/revisions\/8831"}],"wp:featuredmedia":[{"embeddable":true,"href":"https:\/\/edicion.fundacionoccident.org\/tennis\/wp-json\/wp\/v2\/media\/3918"}],"wp:attachment":[{"href":"https:\/\/edicion.fundacionoccident.org\/tennis\/wp-json\/wp\/v2\/media?parent=3973"}],"wp:term":[{"taxonomy":"category","embeddable":true,"href":"https:\/\/edicion.fundacionoccident.org\/tennis\/wp-json\/wp\/v2\/categories?post=3973"},{"taxonomy":"post_tag","embeddable":true,"href":"https:\/\/edicion.fundacionoccident.org\/tennis\/wp-json\/wp\/v2\/tags?post=3973"}],"curies":[{"name":"wp","href":"https:\/\/api.w.org\/{rel}","templated":true}]}}