{"id":4100,"date":"2019-05-17T06:33:00","date_gmt":"2019-05-17T06:33:00","guid":{"rendered":"http:\/\/edicion.fundacionjesusserra.org\/tennis\/\/?p=4100"},"modified":"2020-07-07T13:53:52","modified_gmt":"2020-07-07T13:53:52","slug":"resumen-resultados-gran-final-valencia-2019","status":"publish","type":"post","link":"https:\/\/edicion.fundacionoccident.org\/tennis\/resumen-resultados-gran-final-valencia-2019","title":{"rendered":"Resumen y resultados Xpress Tennis Cup &#8211; Gran Final Valencia"},"content":{"rendered":"<p><strong>Gran \u00e9xito de participaci\u00f3n en el primer Torneo Xpress Tennis Cup organizado por la Fundaci\u00f3n Jes\u00fas Serra en la Comunidad Valenciana<br \/>\n<\/strong><strong>Las pistas del Club Espa\u00f1ol de Tenis de Valencia congregaron a 115 j\u00f3venes tenistas y 24 equipos de toda la regi\u00f3n.<\/strong><\/p>\n<p>Los d\u00edas 11 y 12 de mayo se puso el colof\u00f3n final al Xpress Tennis Cup de la Comunidad Valenciana. Esta competici\u00f3n impulsada por la Fundaci\u00f3n Jes\u00fas Serra, del Grupo Catalana Occidente, y la firma deportiva Wilson, ha concluido con gran \u00e9xito su primera incursi\u00f3n en tierras levantinas.<\/p>\n<p>Despu\u00e9s de los torneos celebrados en el Equelite Sport Academy de Alicante y el CT Castell\u00f3n, el s\u00e1bado 11 de mayo las pistas del Club Espa\u00f1ol de Tenis de Valencia tom\u00f3 el testigo de este torneo celebrando la fase provincial y en el que participaron ni\u00f1os y ni\u00f1as con edades comprendidas entre 5 y 12 a\u00f1os en partidos de 20 minutos.<\/p>\n<h1>24 equipos y 115 participantes<\/h1>\n<p>El domingo 12 de mayo lleg\u00f3 el plato fuerte con la gran final de la Comunidad Valenciana. La disputaron 115 ni\u00f1os que formaban parte de 24 equipos con m\u00e1s de 300 espectadores en las gradas. Todos los finalistas recibieron material deportivo cortes\u00eda de Wilson. A su vez, los equipos ganadores\u00a0y los subcampeones recibieron material deportivo Wilson.<\/p>\n<p>Los premios a los ganadores fueron entregados por Chimo Garc\u00eda, en representaci\u00f3n del Club Espa\u00f1ol de Tenis y, en representaci\u00f3n de la Fundaci\u00f3n Jes\u00fas Serra, Marina Fern\u00e1ndez, Joel Ramirez y Lola Ochoa, deportista paral\u00edmpica.<\/p>\n<p><strong>Actividades l\u00fadicas<\/strong><\/p>\n<p>El aspecto l\u00fadico del torneo es una de las claves de su \u00e9xito. En este sentido, adem\u00e1s del campeonato tambi\u00e9n se realizaron otro tipo de actividades con el objetivo de fomentar los valores del deporte, el trabajo en equipo y la solidaridad entre los m\u00e1s j\u00f3venes.<\/p>\n<p>As\u00ed, el ambiente generado convierte el torneo en una gran fiesta, d\u00f3nde adem\u00e1s de contar con un stand <strong>Wilson<\/strong> y <strong>Tennis Aid<\/strong>, los asistentes han participado en actividades para todos los p\u00fablicos, desde medir tu punter\u00eda, juegos con raquetas gigantes, street tenis, tri-tennis, zona chill out, photocall, un taller para pintar cordaje, sorteos y un sinf\u00edn de sorpresas que hacen de este torneo un evento diferente y singular<\/p>\n<div>\n<h1>Galer\u00eda<\/h1>\n<p><a href=\"http:\/\/www.fundacionoccident.org\/tennis\/galeria-comunidad-valenciana-2019\"><span style=\"text-decoration: underline;\">Todas las im\u00e1genes y videos\u00a0\u00bb<\/span><\/a><\/p>\n<h1>Cuadro de honor<\/h1>\n<p>Todos los ganadores\/as y finalistas de las diferentes categor\u00edas y modalidades<\/p>\n<p><strong>Categor\u00eda Sub-10 Femenino<\/strong><br \/>\nGanador: CT Benicarl\u00f3<br \/>\nFinalista: CAM Villenense<\/p>\n<p><strong>Categor\u00eda Sub-10 Masculino<\/strong><br \/>\nGanador: Club de Campo Elche<br \/>\nFinalista: CAM Villenense<\/p>\n<p><strong>Categor\u00eda Sub-12 Femenino<\/strong><br \/>\nGanador: CT Lliria<br \/>\nFinalista: CT Benicarl\u00f3<\/p>\n<p><strong>Categor\u00eda Sub-12 Masculino<\/strong><br \/>\nGanador: CT Benicarl\u00f3<br \/>\nFinalista: Club de Campo Elche<\/p>\n<p>&nbsp;<\/p>\n<\/div>\n<h1>Agradecimientos<\/h1>\n<p>Agradecer la participaci\u00f3n de todos los equipos y la colaboraci\u00f3n del\u00a0<strong>Club Espa\u00f1ol de Tenis<\/strong>.\u00a0Tambi\u00e9n descacar el apoyo de Wilson, Pombel Smoothies, Nestle Fitness, Solan de Cabras y TennisAid en todas las pruebas del circuito.<br \/>\n<strong>\u00a1Gracias a todas y todos!<\/strong><\/p>\n","protected":false},"excerpt":{"rendered":"<p>Gran \u00e9xito de participaci\u00f3n en el primer Torneo Xpress Tennis Cup organizado por la Fundaci\u00f3n Jes\u00fas Serra en la Comunidad Valenciana Las pistas del Club Espa\u00f1ol de Tenis de Valencia congregaron a 115 j\u00f3venes tenistas y 24 equipos de toda la regi\u00f3n. Los d\u00edas 11&#8230;<\/p>\n","protected":false},"author":6,"featured_media":4102,"comment_status":"open","ping_status":"open","sticky":false,"template":"","format":"standard","meta":{"footnotes":"","_links_to":"","_links_to_target":""},"categories":[50],"tags":[],"class_list":["post-4100","post","type-post","status-publish","format-standard","has-post-thumbnail","hentry","category-xtc"],"yoast_head":"<!-- This site is optimized with the Yoast SEO plugin v26.3 - https:\/\/yoast.com\/wordpress\/plugins\/seo\/ -->\n<title>esumen Resultados Gran Final Valencia 2019 - Xpress Tennis Cup | FJS<\/title>\n<meta name=\"description\" content=\"Consulta los resultados de la Gran Final del campeonato Xpress Tennis Cup 2019 en Valencia: equipos, participantes, galer\u00eda, cuadro de honor...\" \/>\n<meta name=\"robots\" content=\"index, follow, max-snippet:-1, max-image-preview:large, max-video-preview:-1\" \/>\n<link rel=\"canonical\" href=\"https:\/\/edicion.fundacionoccident.org\/tennis\/wp-json\/wp\/v2\/posts\/4100\" \/>\n<meta property=\"og:locale\" content=\"es_ES\" \/>\n<meta property=\"og:type\" content=\"article\" \/>\n<meta property=\"og:title\" content=\"esumen Resultados Gran Final Valencia 2019 - Xpress Tennis Cup | FJS\" \/>\n<meta property=\"og:description\" content=\"Consulta los resultados de la Gran Final del campeonato Xpress Tennis Cup 2019 en Valencia: equipos, participantes, galer\u00eda, cuadro de honor...\" \/>\n<meta property=\"og:url\" content=\"https:\/\/edicion.fundacionoccident.org\/tennis\/resumen-resultados-gran-final-valencia-2019\" \/>\n<meta property=\"og:site_name\" content=\"Xpress Tennis Cup\" \/>\n<meta property=\"article:published_time\" content=\"2019-05-17T06:33:00+00:00\" \/>\n<meta property=\"article:modified_time\" content=\"2020-07-07T13:53:52+00:00\" \/>\n<meta property=\"og:image\" content=\"https:\/\/edicion.fundacionoccident.org\/tennis\/wp-content\/uploads\/2019\/05\/image004.jpg\" \/>\n\t<meta property=\"og:image:width\" content=\"1440\" \/>\n\t<meta property=\"og:image:height\" content=\"810\" \/>\n\t<meta property=\"og:image:type\" content=\"image\/jpeg\" \/>\n<meta name=\"author\" content=\"SEOCOM\" \/>\n<meta name=\"twitter:card\" content=\"summary_large_image\" \/>\n<meta name=\"twitter:label1\" content=\"Escrito por\" \/>\n\t<meta name=\"twitter:data1\" content=\"SEOCOM\" \/>\n\t<meta name=\"twitter:label2\" content=\"Tiempo de lectura\" \/>\n\t<meta name=\"twitter:data2\" content=\"3 minutos\" \/>\n<script type=\"application\/ld+json\" class=\"yoast-schema-graph\">{\"@context\":\"https:\/\/schema.org\",\"@graph\":[{\"@type\":\"WebPage\",\"@id\":\"https:\/\/edicion.fundacionoccident.org\/tennis\/resumen-resultados-gran-final-valencia-2019\",\"url\":\"https:\/\/edicion.fundacionoccident.org\/tennis\/resumen-resultados-gran-final-valencia-2019\",\"name\":\"esumen Resultados Gran Final Valencia 2019 - Xpress Tennis Cup | FJS\",\"isPartOf\":{\"@id\":\"https:\/\/edicion.fundacionoccident.org\/tennis\/#website\"},\"primaryImageOfPage\":{\"@id\":\"https:\/\/edicion.fundacionoccident.org\/tennis\/resumen-resultados-gran-final-valencia-2019#primaryimage\"},\"image\":{\"@id\":\"https:\/\/edicion.fundacionoccident.org\/tennis\/resumen-resultados-gran-final-valencia-2019#primaryimage\"},\"thumbnailUrl\":\"https:\/\/edicion.fundacionoccident.org\/tennis\/wp-content\/uploads\/2019\/05\/image004.jpg\",\"datePublished\":\"2019-05-17T06:33:00+00:00\",\"dateModified\":\"2020-07-07T13:53:52+00:00\",\"author\":{\"@id\":\"https:\/\/edicion.fundacionoccident.org\/tennis\/#\/schema\/person\/027c84aa6e6bff6c391d1500ecb7d9ed\"},\"description\":\"Consulta los resultados de la Gran Final del campeonato Xpress Tennis Cup 2019 en Valencia: equipos, participantes, galer\u00eda, cuadro de honor...\",\"breadcrumb\":{\"@id\":\"https:\/\/edicion.fundacionoccident.org\/tennis\/resumen-resultados-gran-final-valencia-2019#breadcrumb\"},\"inLanguage\":\"es\",\"potentialAction\":[{\"@type\":\"ReadAction\",\"target\":[\"https:\/\/edicion.fundacionoccident.org\/tennis\/resumen-resultados-gran-final-valencia-2019\"]}]},{\"@type\":\"ImageObject\",\"inLanguage\":\"es\",\"@id\":\"https:\/\/edicion.fundacionoccident.org\/tennis\/resumen-resultados-gran-final-valencia-2019#primaryimage\",\"url\":\"https:\/\/edicion.fundacionoccident.org\/tennis\/wp-content\/uploads\/2019\/05\/image004.jpg\",\"contentUrl\":\"https:\/\/edicion.fundacionoccident.org\/tennis\/wp-content\/uploads\/2019\/05\/image004.jpg\",\"width\":1440,\"height\":810,\"caption\":\"Processed with VSCO with a6 preset\"},{\"@type\":\"BreadcrumbList\",\"@id\":\"https:\/\/edicion.fundacionoccident.org\/tennis\/resumen-resultados-gran-final-valencia-2019#breadcrumb\",\"itemListElement\":[{\"@type\":\"ListItem\",\"position\":1,\"name\":\"Portada\",\"item\":\"https:\/\/edicion.fundacionoccident.org\/tennis\/\"},{\"@type\":\"ListItem\",\"position\":2,\"name\":\"Resumen y resultados Xpress Tennis Cup &#8211; Gran Final Valencia\"}]},{\"@type\":\"WebSite\",\"@id\":\"https:\/\/edicion.fundacionoccident.org\/tennis\/#website\",\"url\":\"https:\/\/edicion.fundacionoccident.org\/tennis\/\",\"name\":\"Xpress Tennis Cup\",\"description\":\"Fundaci\u00f3 Jes\u00fas Serra\",\"potentialAction\":[{\"@type\":\"SearchAction\",\"target\":{\"@type\":\"EntryPoint\",\"urlTemplate\":\"https:\/\/edicion.fundacionoccident.org\/tennis\/?s={search_term_string}\"},\"query-input\":{\"@type\":\"PropertyValueSpecification\",\"valueRequired\":true,\"valueName\":\"search_term_string\"}}],\"inLanguage\":\"es\"},{\"@type\":\"Person\",\"@id\":\"https:\/\/edicion.fundacionoccident.org\/tennis\/#\/schema\/person\/027c84aa6e6bff6c391d1500ecb7d9ed\",\"name\":\"SEOCOM\",\"url\":\"https:\/\/edicion.fundacionoccident.org\/tennis\/author\/tennisfjs\"}]}<\/script>\n<!-- \/ Yoast SEO plugin. -->","yoast_head_json":{"title":"esumen Resultados Gran Final Valencia 2019 - Xpress Tennis Cup | FJS","description":"Consulta los resultados de la Gran Final del campeonato Xpress Tennis Cup 2019 en Valencia: equipos, participantes, galer\u00eda, cuadro de honor...","robots":{"index":"index","follow":"follow","max-snippet":"max-snippet:-1","max-image-preview":"max-image-preview:large","max-video-preview":"max-video-preview:-1"},"canonical":"https:\/\/edicion.fundacionoccident.org\/tennis\/wp-json\/wp\/v2\/posts\/4100","og_locale":"es_ES","og_type":"article","og_title":"esumen Resultados Gran Final Valencia 2019 - Xpress Tennis Cup | FJS","og_description":"Consulta los resultados de la Gran Final del campeonato Xpress Tennis Cup 2019 en Valencia: equipos, participantes, galer\u00eda, cuadro de honor...","og_url":"https:\/\/edicion.fundacionoccident.org\/tennis\/resumen-resultados-gran-final-valencia-2019","og_site_name":"Xpress Tennis Cup","article_published_time":"2019-05-17T06:33:00+00:00","article_modified_time":"2020-07-07T13:53:52+00:00","og_image":[{"width":1440,"height":810,"url":"https:\/\/edicion.fundacionoccident.org\/tennis\/wp-content\/uploads\/2019\/05\/image004.jpg","type":"image\/jpeg"}],"author":"SEOCOM","twitter_card":"summary_large_image","twitter_misc":{"Escrito por":"SEOCOM","Tiempo de lectura":"3 minutos"},"schema":{"@context":"https:\/\/schema.org","@graph":[{"@type":"WebPage","@id":"https:\/\/edicion.fundacionoccident.org\/tennis\/resumen-resultados-gran-final-valencia-2019","url":"https:\/\/edicion.fundacionoccident.org\/tennis\/resumen-resultados-gran-final-valencia-2019","name":"esumen Resultados Gran Final Valencia 2019 - Xpress Tennis Cup | FJS","isPartOf":{"@id":"https:\/\/edicion.fundacionoccident.org\/tennis\/#website"},"primaryImageOfPage":{"@id":"https:\/\/edicion.fundacionoccident.org\/tennis\/resumen-resultados-gran-final-valencia-2019#primaryimage"},"image":{"@id":"https:\/\/edicion.fundacionoccident.org\/tennis\/resumen-resultados-gran-final-valencia-2019#primaryimage"},"thumbnailUrl":"https:\/\/edicion.fundacionoccident.org\/tennis\/wp-content\/uploads\/2019\/05\/image004.jpg","datePublished":"2019-05-17T06:33:00+00:00","dateModified":"2020-07-07T13:53:52+00:00","author":{"@id":"https:\/\/edicion.fundacionoccident.org\/tennis\/#\/schema\/person\/027c84aa6e6bff6c391d1500ecb7d9ed"},"description":"Consulta los resultados de la Gran Final del campeonato Xpress Tennis Cup 2019 en Valencia: equipos, participantes, galer\u00eda, cuadro de honor...","breadcrumb":{"@id":"https:\/\/edicion.fundacionoccident.org\/tennis\/resumen-resultados-gran-final-valencia-2019#breadcrumb"},"inLanguage":"es","potentialAction":[{"@type":"ReadAction","target":["https:\/\/edicion.fundacionoccident.org\/tennis\/resumen-resultados-gran-final-valencia-2019"]}]},{"@type":"ImageObject","inLanguage":"es","@id":"https:\/\/edicion.fundacionoccident.org\/tennis\/resumen-resultados-gran-final-valencia-2019#primaryimage","url":"https:\/\/edicion.fundacionoccident.org\/tennis\/wp-content\/uploads\/2019\/05\/image004.jpg","contentUrl":"https:\/\/edicion.fundacionoccident.org\/tennis\/wp-content\/uploads\/2019\/05\/image004.jpg","width":1440,"height":810,"caption":"Processed with VSCO with a6 preset"},{"@type":"BreadcrumbList","@id":"https:\/\/edicion.fundacionoccident.org\/tennis\/resumen-resultados-gran-final-valencia-2019#breadcrumb","itemListElement":[{"@type":"ListItem","position":1,"name":"Portada","item":"https:\/\/edicion.fundacionoccident.org\/tennis\/"},{"@type":"ListItem","position":2,"name":"Resumen y resultados Xpress Tennis Cup &#8211; Gran Final Valencia"}]},{"@type":"WebSite","@id":"https:\/\/edicion.fundacionoccident.org\/tennis\/#website","url":"https:\/\/edicion.fundacionoccident.org\/tennis\/","name":"Xpress Tennis Cup","description":"Fundaci\u00f3 Jes\u00fas Serra","potentialAction":[{"@type":"SearchAction","target":{"@type":"EntryPoint","urlTemplate":"https:\/\/edicion.fundacionoccident.org\/tennis\/?s={search_term_string}"},"query-input":{"@type":"PropertyValueSpecification","valueRequired":true,"valueName":"search_term_string"}}],"inLanguage":"es"},{"@type":"Person","@id":"https:\/\/edicion.fundacionoccident.org\/tennis\/#\/schema\/person\/027c84aa6e6bff6c391d1500ecb7d9ed","name":"SEOCOM","url":"https:\/\/edicion.fundacionoccident.org\/tennis\/author\/tennisfjs"}]}},"_links":{"self":[{"href":"https:\/\/edicion.fundacionoccident.org\/tennis\/wp-json\/wp\/v2\/posts\/4100","targetHints":{"allow":["GET"]}}],"collection":[{"href":"https:\/\/edicion.fundacionoccident.org\/tennis\/wp-json\/wp\/v2\/posts"}],"about":[{"href":"https:\/\/edicion.fundacionoccident.org\/tennis\/wp-json\/wp\/v2\/types\/post"}],"author":[{"embeddable":true,"href":"https:\/\/edicion.fundacionoccident.org\/tennis\/wp-json\/wp\/v2\/users\/6"}],"replies":[{"embeddable":true,"href":"https:\/\/edicion.fundacionoccident.org\/tennis\/wp-json\/wp\/v2\/comments?post=4100"}],"version-history":[{"count":4,"href":"https:\/\/edicion.fundacionoccident.org\/tennis\/wp-json\/wp\/v2\/posts\/4100\/revisions"}],"predecessor-version":[{"id":4648,"href":"https:\/\/edicion.fundacionoccident.org\/tennis\/wp-json\/wp\/v2\/posts\/4100\/revisions\/4648"}],"wp:featuredmedia":[{"embeddable":true,"href":"https:\/\/edicion.fundacionoccident.org\/tennis\/wp-json\/wp\/v2\/media\/4102"}],"wp:attachment":[{"href":"https:\/\/edicion.fundacionoccident.org\/tennis\/wp-json\/wp\/v2\/media?parent=4100"}],"wp:term":[{"taxonomy":"category","embeddable":true,"href":"https:\/\/edicion.fundacionoccident.org\/tennis\/wp-json\/wp\/v2\/categories?post=4100"},{"taxonomy":"post_tag","embeddable":true,"href":"https:\/\/edicion.fundacionoccident.org\/tennis\/wp-json\/wp\/v2\/tags?post=4100"}],"curies":[{"name":"wp","href":"https:\/\/api.w.org\/{rel}","templated":true}]}}