{"id":4194,"date":"2019-07-02T13:37:22","date_gmt":"2019-07-02T13:37:22","guid":{"rendered":"http:\/\/edicion.fundacionjesusserra.org\/tennis\/\/?p=4194"},"modified":"2020-07-07T13:53:51","modified_gmt":"2020-07-07T13:53:51","slug":"finaliza-xpress-tennis-cup-2019","status":"publish","type":"post","link":"https:\/\/edicion.fundacionoccident.org\/tennis\/finaliza-xpress-tennis-cup-2019","title":{"rendered":"M\u00e1s de 1.500 participantes en el Xpress Tennis Cup"},"content":{"rendered":"<p><strong>R\u00e9cord de participaci\u00f3n en la 3\u00aa edici\u00f3n de Xpress Tennis Cup de la Fundaci\u00f3n Jes\u00fas Serra<\/strong><\/p>\n<p>El campeonato, con un formato innovador, se consolida como una de las citas importantes dentro del calendario del tenis base a nivel nacional tras alcanzar los 1.500 participantes.<\/p>\n<p><strong>La Fundaci\u00f3n Jes\u00fas Serra, del Grupo Catalana Occidente, y la firma de equipaci\u00f3n deportiva Wilson han cerrado con otro gran \u00e9xito la 3\u00aa edici\u00f3n de Xpress Tennis Cup<\/strong>, un proyecto deportivo cuyo objetivo es impulsar el tenis entre los ni\u00f1os y ni\u00f1as de 5 a 12 a\u00f1os, y que, a\u00f1o tras a\u00f1o aumenta la participaci\u00f3n de j\u00f3venes tenistas.<\/p>\n<p>As\u00ed, durante los meses de marzo a junio, <strong>m\u00e1s de 1.500 jugadores<\/strong> de Comunidad Valenciana, Catalu\u00f1a y la Comunidad de Madrid han representado a su club de tenis en este torneo caracterizado por su innovador formato de partidos cortos de 20 minutos. Este sistema de competici\u00f3n es muy participativo y potencia la deportividad.<\/p>\n<p>En total, <strong>270 equipos de estas tres comunidades compartieron su pasi\u00f3n por el tenis y asimilaron los valores asociados al deporte<\/strong>, como son el trabajo en equipo, el esfuerzo y la constancia. Tras las fases provinciales celebradas en cada una de las comunidades aut\u00f3nomas, se celebr\u00f3 una gran final en cada una de ellas.<\/p>\n<p>Club Tenis Lliria en categor\u00eda sub12 femenina, Club Tenis Benicarl\u00f3 en sub12 masculina, Club Tenis Benicarl\u00f3 en sub10 femenina y Club de Campo Elche en sub10 masculina se alzaron como campeones en la gran final valenciana disputada el pasado 12 de mayo en el Club Espa\u00f1ol de Tenis de Valencia. Por su parte, Club Nataci\u00f3 Lleida en sub12 femenina, Club Tennis Lleida en sub12 masculina, Club Nataci\u00f3 Lleida en sub10 femenina y Club Tennis Sabadell en sub10 masculina se impusieron en la gran final catalana que se jug\u00f3 en el Cercle Sabadell\u00e8s de Barcelona el 16 de junio. Y, por \u00faltimo, Complejo Deportivo RACE en sub12 femenina, Complejo Deportivo RACE en sub12 masculina y Rozas Club en sub10 masculina alcanzaron la victoria en la final madrile\u00f1a que se disput\u00f3 en el Complejo Deportivo RACE de Madrid el 23 de junio. Como premio, tanto los equipos finalistas como los ganadores de las fases provinciales y de la gran final de cada comunidad aut\u00f3noma, han sido obsequiados con material deportivo Wilson valorado en un total de 25.000 \u20ac durante todo el torneo.<\/p>\n<p>El aspecto l\u00fadico es uno de los valores diferenciales de Xpress Tennis Cup. Los participantes han disfrutado en cada una de las sedes de un village con carpas de los colaboradores, actividades para todos los p\u00fablicos, lounge, photocall, entrevistas entretenidas a los m\u00e1s peque\u00f1os, dj en directo y speaker. Incluso en todas aquellas sedes que el calendario de competici\u00f3n lo permiti\u00f3, pudieron disfrutar de la exhibici\u00f3n de tenis en silla de ruedas de Quico Tur, uno de los mejores jugadores del pa\u00eds.<\/p>\n<p>La vicepresidenta de la Fundaci\u00f3n Jes\u00fas Serra, Laura Halpern, celebr\u00f3 la buena acogida de la tercera edici\u00f3n de la Xpress Tennis Cup que ha llegado por primera vez a la Comunidad de Madrid y la Comunidad Valenciana y record\u00f3 que \u201cesta competici\u00f3n cerr\u00f3 su primera edici\u00f3n con 550 participantes y este a\u00f1o hemos casi duplicado esta cifra, llegando a 1.500 jugadores. Sin duda, un dato que refleja la consolidaci\u00f3n de este campeonato como cita importante del tenis base\u201d.<\/p>\n<div>\n<h1>Galer\u00eda<\/h1>\n<p><strong>Comunidad de Madrid:<\/strong> <span style=\"text-decoration: underline;\"><a href=\"http:\/\/www.fundacionoccident.org\/tennis\/galeria-comunidad-madrid-2019\">Todas las im\u00e1genes y videos\u00a0\u00bb<\/a><br \/>\n<\/span><strong>Comunidad Valenciana:<\/strong> <span style=\"text-decoration: underline;\"><a href=\"http:\/\/www.fundacionoccident.org\/tennis\/galeria-comunidad-valenciana-2019\">Todas las im\u00e1genes y videos\u00a0\u00bb<\/a><br \/>\n<\/span><strong>Catalu\u00f1a:\u00a0<\/strong><span style=\"text-decoration: underline;\"><a href=\"http:\/\/www.fundacionoccident.org\/tennis\/galeria-cataluna-2019\">Todas las im\u00e1genes y videos\u00a0\u00bb<\/a><br \/>\n<\/span><\/p>\n<\/div>\n","protected":false},"excerpt":{"rendered":"<p>R\u00e9cord de participaci\u00f3n en la 3\u00aa edici\u00f3n de Xpress Tennis Cup de la Fundaci\u00f3n Jes\u00fas Serra El campeonato, con un formato innovador, se consolida como una de las citas importantes dentro del calendario del tenis base a nivel nacional tras alcanzar los 1.500 participantes. La&#8230;<\/p>\n","protected":false},"author":6,"featured_media":4195,"comment_status":"open","ping_status":"open","sticky":false,"template":"","format":"standard","meta":{"footnotes":"","_links_to":"","_links_to_target":""},"categories":[50],"tags":[],"class_list":["post-4194","post","type-post","status-publish","format-standard","has-post-thumbnail","hentry","category-xtc"],"yoast_head":"<!-- This site is optimized with the Yoast SEO plugin v26.3 - https:\/\/yoast.com\/wordpress\/plugins\/seo\/ -->\n<title>R\u00e9cord de Participaci\u00f3n en la 3\u00aa Edici\u00f3n - Xpress Tennis Cup | FJS<\/title>\n<meta name=\"description\" content=\"El Xpress Tennis Cup 2019 de la Fundaci\u00f3n Jes\u00fas Serra cerr\u00f3 con gran \u00e9xito de participaci\u00f3n, batiendo el r\u00e9cord respecto a anteriores ediciones.\" \/>\n<meta name=\"robots\" content=\"index, follow, max-snippet:-1, max-image-preview:large, max-video-preview:-1\" \/>\n<link rel=\"canonical\" href=\"https:\/\/edicion.fundacionoccident.org\/tennis\/wp-json\/wp\/v2\/posts\/4194\" \/>\n<meta property=\"og:locale\" content=\"es_ES\" \/>\n<meta property=\"og:type\" content=\"article\" \/>\n<meta property=\"og:title\" content=\"R\u00e9cord de Participaci\u00f3n en la 3\u00aa Edici\u00f3n - Xpress Tennis Cup | FJS\" \/>\n<meta property=\"og:description\" content=\"El Xpress Tennis Cup 2019 de la Fundaci\u00f3n Jes\u00fas Serra cerr\u00f3 con gran \u00e9xito de participaci\u00f3n, batiendo el r\u00e9cord respecto a anteriores ediciones.\" \/>\n<meta property=\"og:url\" content=\"https:\/\/edicion.fundacionoccident.org\/tennis\/finaliza-xpress-tennis-cup-2019\" \/>\n<meta property=\"og:site_name\" content=\"Xpress Tennis Cup\" \/>\n<meta property=\"article:published_time\" content=\"2019-07-02T13:37:22+00:00\" \/>\n<meta property=\"article:modified_time\" content=\"2020-07-07T13:53:51+00:00\" \/>\n<meta property=\"og:image\" content=\"https:\/\/edicion.fundacionoccident.org\/tennis\/wp-content\/uploads\/2019\/09\/ndp-madrid-1.jpg\" \/>\n\t<meta property=\"og:image:width\" content=\"1626\" \/>\n\t<meta property=\"og:image:height\" content=\"915\" \/>\n\t<meta property=\"og:image:type\" content=\"image\/jpeg\" \/>\n<meta name=\"author\" content=\"SEOCOM\" \/>\n<meta name=\"twitter:card\" content=\"summary_large_image\" \/>\n<meta name=\"twitter:label1\" content=\"Escrito por\" \/>\n\t<meta name=\"twitter:data1\" content=\"SEOCOM\" \/>\n\t<meta name=\"twitter:label2\" content=\"Tiempo de lectura\" \/>\n\t<meta name=\"twitter:data2\" content=\"3 minutos\" \/>\n<script type=\"application\/ld+json\" class=\"yoast-schema-graph\">{\"@context\":\"https:\/\/schema.org\",\"@graph\":[{\"@type\":\"WebPage\",\"@id\":\"https:\/\/edicion.fundacionoccident.org\/tennis\/finaliza-xpress-tennis-cup-2019\",\"url\":\"https:\/\/edicion.fundacionoccident.org\/tennis\/finaliza-xpress-tennis-cup-2019\",\"name\":\"R\u00e9cord de Participaci\u00f3n en la 3\u00aa Edici\u00f3n - Xpress Tennis Cup | FJS\",\"isPartOf\":{\"@id\":\"https:\/\/edicion.fundacionoccident.org\/tennis\/#website\"},\"primaryImageOfPage\":{\"@id\":\"https:\/\/edicion.fundacionoccident.org\/tennis\/finaliza-xpress-tennis-cup-2019#primaryimage\"},\"image\":{\"@id\":\"https:\/\/edicion.fundacionoccident.org\/tennis\/finaliza-xpress-tennis-cup-2019#primaryimage\"},\"thumbnailUrl\":\"https:\/\/edicion.fundacionoccident.org\/tennis\/wp-content\/uploads\/2019\/09\/ndp-madrid-1.jpg\",\"datePublished\":\"2019-07-02T13:37:22+00:00\",\"dateModified\":\"2020-07-07T13:53:51+00:00\",\"author\":{\"@id\":\"https:\/\/edicion.fundacionoccident.org\/tennis\/#\/schema\/person\/027c84aa6e6bff6c391d1500ecb7d9ed\"},\"description\":\"El Xpress Tennis Cup 2019 de la Fundaci\u00f3n Jes\u00fas Serra cerr\u00f3 con gran \u00e9xito de participaci\u00f3n, batiendo el r\u00e9cord respecto a anteriores ediciones.\",\"breadcrumb\":{\"@id\":\"https:\/\/edicion.fundacionoccident.org\/tennis\/finaliza-xpress-tennis-cup-2019#breadcrumb\"},\"inLanguage\":\"es\",\"potentialAction\":[{\"@type\":\"ReadAction\",\"target\":[\"https:\/\/edicion.fundacionoccident.org\/tennis\/finaliza-xpress-tennis-cup-2019\"]}]},{\"@type\":\"ImageObject\",\"inLanguage\":\"es\",\"@id\":\"https:\/\/edicion.fundacionoccident.org\/tennis\/finaliza-xpress-tennis-cup-2019#primaryimage\",\"url\":\"https:\/\/edicion.fundacionoccident.org\/tennis\/wp-content\/uploads\/2019\/09\/ndp-madrid-1.jpg\",\"contentUrl\":\"https:\/\/edicion.fundacionoccident.org\/tennis\/wp-content\/uploads\/2019\/09\/ndp-madrid-1.jpg\",\"width\":1626,\"height\":915,\"caption\":\"Processed with VSCO with a6 preset\"},{\"@type\":\"BreadcrumbList\",\"@id\":\"https:\/\/edicion.fundacionoccident.org\/tennis\/finaliza-xpress-tennis-cup-2019#breadcrumb\",\"itemListElement\":[{\"@type\":\"ListItem\",\"position\":1,\"name\":\"Portada\",\"item\":\"https:\/\/edicion.fundacionoccident.org\/tennis\/\"},{\"@type\":\"ListItem\",\"position\":2,\"name\":\"M\u00e1s de 1.500 participantes en el Xpress Tennis Cup\"}]},{\"@type\":\"WebSite\",\"@id\":\"https:\/\/edicion.fundacionoccident.org\/tennis\/#website\",\"url\":\"https:\/\/edicion.fundacionoccident.org\/tennis\/\",\"name\":\"Xpress Tennis Cup\",\"description\":\"Fundaci\u00f3 Jes\u00fas Serra\",\"potentialAction\":[{\"@type\":\"SearchAction\",\"target\":{\"@type\":\"EntryPoint\",\"urlTemplate\":\"https:\/\/edicion.fundacionoccident.org\/tennis\/?s={search_term_string}\"},\"query-input\":{\"@type\":\"PropertyValueSpecification\",\"valueRequired\":true,\"valueName\":\"search_term_string\"}}],\"inLanguage\":\"es\"},{\"@type\":\"Person\",\"@id\":\"https:\/\/edicion.fundacionoccident.org\/tennis\/#\/schema\/person\/027c84aa6e6bff6c391d1500ecb7d9ed\",\"name\":\"SEOCOM\",\"url\":\"https:\/\/edicion.fundacionoccident.org\/tennis\/author\/tennisfjs\"}]}<\/script>\n<!-- \/ Yoast SEO plugin. -->","yoast_head_json":{"title":"R\u00e9cord de Participaci\u00f3n en la 3\u00aa Edici\u00f3n - Xpress Tennis Cup | FJS","description":"El Xpress Tennis Cup 2019 de la Fundaci\u00f3n Jes\u00fas Serra cerr\u00f3 con gran \u00e9xito de participaci\u00f3n, batiendo el r\u00e9cord respecto a anteriores ediciones.","robots":{"index":"index","follow":"follow","max-snippet":"max-snippet:-1","max-image-preview":"max-image-preview:large","max-video-preview":"max-video-preview:-1"},"canonical":"https:\/\/edicion.fundacionoccident.org\/tennis\/wp-json\/wp\/v2\/posts\/4194","og_locale":"es_ES","og_type":"article","og_title":"R\u00e9cord de Participaci\u00f3n en la 3\u00aa Edici\u00f3n - Xpress Tennis Cup | FJS","og_description":"El Xpress Tennis Cup 2019 de la Fundaci\u00f3n Jes\u00fas Serra cerr\u00f3 con gran \u00e9xito de participaci\u00f3n, batiendo el r\u00e9cord respecto a anteriores ediciones.","og_url":"https:\/\/edicion.fundacionoccident.org\/tennis\/finaliza-xpress-tennis-cup-2019","og_site_name":"Xpress Tennis Cup","article_published_time":"2019-07-02T13:37:22+00:00","article_modified_time":"2020-07-07T13:53:51+00:00","og_image":[{"width":1626,"height":915,"url":"https:\/\/edicion.fundacionoccident.org\/tennis\/wp-content\/uploads\/2019\/09\/ndp-madrid-1.jpg","type":"image\/jpeg"}],"author":"SEOCOM","twitter_card":"summary_large_image","twitter_misc":{"Escrito por":"SEOCOM","Tiempo de lectura":"3 minutos"},"schema":{"@context":"https:\/\/schema.org","@graph":[{"@type":"WebPage","@id":"https:\/\/edicion.fundacionoccident.org\/tennis\/finaliza-xpress-tennis-cup-2019","url":"https:\/\/edicion.fundacionoccident.org\/tennis\/finaliza-xpress-tennis-cup-2019","name":"R\u00e9cord de Participaci\u00f3n en la 3\u00aa Edici\u00f3n - Xpress Tennis Cup | FJS","isPartOf":{"@id":"https:\/\/edicion.fundacionoccident.org\/tennis\/#website"},"primaryImageOfPage":{"@id":"https:\/\/edicion.fundacionoccident.org\/tennis\/finaliza-xpress-tennis-cup-2019#primaryimage"},"image":{"@id":"https:\/\/edicion.fundacionoccident.org\/tennis\/finaliza-xpress-tennis-cup-2019#primaryimage"},"thumbnailUrl":"https:\/\/edicion.fundacionoccident.org\/tennis\/wp-content\/uploads\/2019\/09\/ndp-madrid-1.jpg","datePublished":"2019-07-02T13:37:22+00:00","dateModified":"2020-07-07T13:53:51+00:00","author":{"@id":"https:\/\/edicion.fundacionoccident.org\/tennis\/#\/schema\/person\/027c84aa6e6bff6c391d1500ecb7d9ed"},"description":"El Xpress Tennis Cup 2019 de la Fundaci\u00f3n Jes\u00fas Serra cerr\u00f3 con gran \u00e9xito de participaci\u00f3n, batiendo el r\u00e9cord respecto a anteriores ediciones.","breadcrumb":{"@id":"https:\/\/edicion.fundacionoccident.org\/tennis\/finaliza-xpress-tennis-cup-2019#breadcrumb"},"inLanguage":"es","potentialAction":[{"@type":"ReadAction","target":["https:\/\/edicion.fundacionoccident.org\/tennis\/finaliza-xpress-tennis-cup-2019"]}]},{"@type":"ImageObject","inLanguage":"es","@id":"https:\/\/edicion.fundacionoccident.org\/tennis\/finaliza-xpress-tennis-cup-2019#primaryimage","url":"https:\/\/edicion.fundacionoccident.org\/tennis\/wp-content\/uploads\/2019\/09\/ndp-madrid-1.jpg","contentUrl":"https:\/\/edicion.fundacionoccident.org\/tennis\/wp-content\/uploads\/2019\/09\/ndp-madrid-1.jpg","width":1626,"height":915,"caption":"Processed with VSCO with a6 preset"},{"@type":"BreadcrumbList","@id":"https:\/\/edicion.fundacionoccident.org\/tennis\/finaliza-xpress-tennis-cup-2019#breadcrumb","itemListElement":[{"@type":"ListItem","position":1,"name":"Portada","item":"https:\/\/edicion.fundacionoccident.org\/tennis\/"},{"@type":"ListItem","position":2,"name":"M\u00e1s de 1.500 participantes en el Xpress Tennis Cup"}]},{"@type":"WebSite","@id":"https:\/\/edicion.fundacionoccident.org\/tennis\/#website","url":"https:\/\/edicion.fundacionoccident.org\/tennis\/","name":"Xpress Tennis Cup","description":"Fundaci\u00f3 Jes\u00fas Serra","potentialAction":[{"@type":"SearchAction","target":{"@type":"EntryPoint","urlTemplate":"https:\/\/edicion.fundacionoccident.org\/tennis\/?s={search_term_string}"},"query-input":{"@type":"PropertyValueSpecification","valueRequired":true,"valueName":"search_term_string"}}],"inLanguage":"es"},{"@type":"Person","@id":"https:\/\/edicion.fundacionoccident.org\/tennis\/#\/schema\/person\/027c84aa6e6bff6c391d1500ecb7d9ed","name":"SEOCOM","url":"https:\/\/edicion.fundacionoccident.org\/tennis\/author\/tennisfjs"}]}},"_links":{"self":[{"href":"https:\/\/edicion.fundacionoccident.org\/tennis\/wp-json\/wp\/v2\/posts\/4194","targetHints":{"allow":["GET"]}}],"collection":[{"href":"https:\/\/edicion.fundacionoccident.org\/tennis\/wp-json\/wp\/v2\/posts"}],"about":[{"href":"https:\/\/edicion.fundacionoccident.org\/tennis\/wp-json\/wp\/v2\/types\/post"}],"author":[{"embeddable":true,"href":"https:\/\/edicion.fundacionoccident.org\/tennis\/wp-json\/wp\/v2\/users\/6"}],"replies":[{"embeddable":true,"href":"https:\/\/edicion.fundacionoccident.org\/tennis\/wp-json\/wp\/v2\/comments?post=4194"}],"version-history":[{"count":4,"href":"https:\/\/edicion.fundacionoccident.org\/tennis\/wp-json\/wp\/v2\/posts\/4194\/revisions"}],"predecessor-version":[{"id":5765,"href":"https:\/\/edicion.fundacionoccident.org\/tennis\/wp-json\/wp\/v2\/posts\/4194\/revisions\/5765"}],"wp:featuredmedia":[{"embeddable":true,"href":"https:\/\/edicion.fundacionoccident.org\/tennis\/wp-json\/wp\/v2\/media\/4195"}],"wp:attachment":[{"href":"https:\/\/edicion.fundacionoccident.org\/tennis\/wp-json\/wp\/v2\/media?parent=4194"}],"wp:term":[{"taxonomy":"category","embeddable":true,"href":"https:\/\/edicion.fundacionoccident.org\/tennis\/wp-json\/wp\/v2\/categories?post=4194"},{"taxonomy":"post_tag","embeddable":true,"href":"https:\/\/edicion.fundacionoccident.org\/tennis\/wp-json\/wp\/v2\/tags?post=4194"}],"curies":[{"name":"wp","href":"https:\/\/api.w.org\/{rel}","templated":true}]}}