{"id":5464,"date":"2020-09-15T10:15:32","date_gmt":"2020-09-15T08:15:32","guid":{"rendered":"https:\/\/xpresstenniscup.com\/?p=4277"},"modified":"2024-04-30T08:52:29","modified_gmt":"2024-04-30T06:52:29","slug":"vuelve-xtc-2020","status":"publish","type":"post","link":"https:\/\/edicion.fundacionoccident.org\/tennis\/vuelve-xtc-2020","title":{"rendered":"Vuelve el Xpress Tennis Cup con la m\u00e1xima ilusi\u00f3n"},"content":{"rendered":"<p>El torneo de tenis base de la Fundaci\u00f3n Jes\u00fas Serra regresa con energ\u00edas renovadas y ya tiene nuevas fechas. Tras posponer la 4\u00aa edici\u00f3n del torneo en marzo con el objetivo de cumplir con las medidas propuestas por el Gobierno en la prevenci\u00f3n de la Covid-19, el final de septiembre marcar\u00e1 el pistoletazo de inicio de esta nueva edici\u00f3n.<\/p>\n<p>En el momento actual en el que la actividad deportiva en general, y la ten\u00edstica en particular, vuelve a retomar, poco a poco y con cautela, su curso, desde la organizaci\u00f3n del torneo se ha acordado la vuelta del Xpress Tennis Cup a las 3 comunidades aut\u00f3nomas que forman parte del circuito: Comunidad de Madrid, Comunidad Valenciana y Catalu\u00f1a. Siempre, como no puede ser de otra manera, en estricto cumplimiento de las directrices que emiten los organismos oficiales.<\/p>\n<p>Es por ello que se implantar\u00e1n los protocolos de prevenci\u00f3n frente a la Covid-19 que marquen las autoridades, velando por la seguridad de los asistentes en cada una de las pruebas, y que pr\u00f3ximamente ser\u00e1n detalladas.<\/p>\n<p>Para la Fundaci\u00f3n Jes\u00fas Serra siempre ha sido una prioridad poder reubicar las fechas para celebrar el torneo en 2020, demostrando su clara apuesta por el tenis base, mediante un evento que fomenta los valores de deportividad y compa\u00f1erismo entre los m\u00e1s j\u00f3venes.<\/p>\n<p>A continuaci\u00f3n, las fechas de cada una de las fases que componen esta fiesta del tenis base, que en la edici\u00f3n anterior reuni\u00f3 a 1.500 jugadores, 270 equipos y m\u00e1s de 30 clubs y que, para 2020 esperan recibir a m\u00e1s de 2.000 j\u00f3venes tenistas:<\/p>\n<p><span style=\"text-decoration: underline;\"><a href=\"https:\/\/www.fundacionoccident.org\/tennis\/cataluna-lleida\" target=\"_blank\" rel=\"noopener noreferrer\"><span style=\"color: #000000; text-decoration: underline;\">26\/9: LLEIDA<\/span> \u2013 Club Nataci\u00f3 Lleida<\/a><\/span><\/p>\n<p><span style=\"text-decoration: underline;\"><a href=\"https:\/\/www.fundacionoccident.org\/tennis\/castellon\" target=\"_blank\" rel=\"noopener noreferrer\"><span style=\"color: #000000; text-decoration: underline;\">4\/10: CASTELL\u00d3N<\/span> \u2013 CT Castell\u00f3n<\/a><\/span><\/p>\n<p><span style=\"text-decoration: underline;\"><a href=\"https:\/\/www.fundacionoccident.org\/tennis\/cataluna-tarragona\" target=\"_blank\" rel=\"noopener noreferrer\"><span style=\"color: #000000; text-decoration: underline;\">18\/10: TARRAGONA<\/span> \u2013 CT Tarragona<\/a><\/span><\/p>\n<p><span style=\"text-decoration: underline;\"><a href=\"https:\/\/www.fundacionoccident.org\/tennis\/alicante\" target=\"_blank\" rel=\"noopener noreferrer\"><span style=\"color: #000000; text-decoration: underline;\">24\/10: ALICANTE<\/span> \u2013 JC Ferrero \u2013 Equelite<\/a><\/span><\/p>\n<p><span style=\"text-decoration: underline;\"><a href=\"https:\/\/www.fundacionoccident.org\/tennis\/cataluna-girona\" target=\"_blank\" rel=\"noopener noreferrer\"><span style=\"color: #000000; text-decoration: underline;\">31\/10: GIRONA<\/span> \u2013 CT Llafranc<\/a><\/span><\/p>\n<p><a href=\"https:\/\/www.fundacionoccident.org\/xpress-tennis-cup\/madrid\" target=\"_blank\" rel=\"noopener noreferrer\"><span style=\"text-decoration: underline;\"><span style=\"color: #000000; text-decoration: underline;\">7\/11: MADRID (Fase previa)<\/span> \u2013 Federaci\u00f3n de Tenis de Madrid-Fuencarral<\/span><\/a><\/p>\n<p><span style=\"text-decoration: underline;\"><a href=\"https:\/\/www.fundacionoccident.org\/xpress-tennis-cup\/madrid\" target=\"_blank\" rel=\"noopener noreferrer\"><span style=\"color: #000000; text-decoration: underline;\">8\/11: FINAL COM. MADRID<\/span> \u2013 Federaci\u00f3n de Tenis de Madrid-Fuencarral<\/a><\/span><\/p>\n<p><span style=\"text-decoration: underline;\"><span style=\"color: #000000; text-decoration: underline;\">21\/11: VALENCIA<\/span> \u2013 Club Espa\u00f1ol de Tenis<\/span><\/p>\n<p><span style=\"text-decoration: underline;\"><a href=\"https:\/\/www.fundacionoccident.org\/tennis\/comunidad-valenciana\" target=\"_blank\" rel=\"noopener noreferrer\"><span style=\"color: #000000; text-decoration: underline;\">22\/11: FINAL COM. VALENCIANA<\/span> \u2013 Club Espa\u00f1ol de Tenis<\/a><\/span><\/p>\n<p><span style=\"text-decoration: underline;\"><a href=\"https:\/\/www.fundacionoccident.org\/tennis\/cataluna-barcelona\" target=\"_blank\" rel=\"noopener noreferrer\"><span style=\"color: #000000; text-decoration: underline;\">28\/11: BARCELONA<\/span> \u2013 Cercle Sabadell\u00e8s<\/a><\/span><\/p>\n<p><span style=\"text-decoration: underline;\"><a href=\"https:\/\/www.fundacionoccident.org\/tennis\/cataluna\" target=\"_blank\" rel=\"noopener noreferrer\"><span style=\"color: #000000; text-decoration: underline;\">29\/11: FINAL CATALU\u00d1A<\/span> \u2013 Cercle Sabadell\u00e8s<\/a><\/span><\/p>\n<p>Llegar a una 4\u00aa edici\u00f3n incrementando el n\u00famero de participantes a\u00f1o tras a\u00f1o es posible gracias al magn\u00edfico ambiente que se genera con los j\u00f3venes tenistas, entrenadores, familiares y clubes que forman parte y, en especial, por aquellos clubs que ofrecen sus instalaciones para ser sedes y acoger las fases que componen el torneo, demostrando su implicaci\u00f3n en un proyecto por y para los ni\u00f1os.<\/p>\n<p>Por \u00faltimo, anunciar como novedad que el Xpress Tennis Cup pasar\u00e1 a formar parte del Circuito de Aficionados de la Real Federaci\u00f3n Espa\u00f1ola de Tenis.<\/p>\n<p>Vuelve la fiesta del tenis base. Vuelve el Xpress Tennis Cup.<\/p>\n","protected":false},"excerpt":{"rendered":"<p>El torneo de tenis base de la Fundaci\u00f3n Jes\u00fas Serra regresa con energ\u00edas renovadas y ya tiene nuevas fechas. Tras posponer la 4\u00aa edici\u00f3n del torneo en marzo con el objetivo de cumplir con las medidas propuestas por el Gobierno en la prevenci\u00f3n de la&#8230;<\/p>\n","protected":false},"author":8,"featured_media":6199,"comment_status":"open","ping_status":"open","sticky":false,"template":"","format":"standard","meta":{"footnotes":"","_links_to":"","_links_to_target":""},"categories":[50],"tags":[],"class_list":["post-5464","post","type-post","status-publish","format-standard","has-post-thumbnail","hentry","category-xtc"],"yoast_head":"<!-- This site is optimized with the Yoast SEO plugin v26.3 - https:\/\/yoast.com\/wordpress\/plugins\/seo\/ -->\n<title>Vuelve la 4a edici\u00f3n del Campeonato de Tenis - Xpress Tennis Cup | FJS<\/title>\n<meta name=\"description\" content=\"\u00a1Llega la nueva edici\u00f3n del Xpess Tennis Cup! Despu\u00e9s de posponer el torneo en marzo, llega el evento organizado por la Fundaci\u00f3n Jes\u00fas Serra.\" \/>\n<meta name=\"robots\" content=\"index, follow, max-snippet:-1, max-image-preview:large, max-video-preview:-1\" \/>\n<link rel=\"canonical\" href=\"https:\/\/edicion.fundacionoccident.org\/tennis\/wp-json\/wp\/v2\/posts\/5464\" \/>\n<meta property=\"og:locale\" content=\"es_ES\" \/>\n<meta property=\"og:type\" content=\"article\" \/>\n<meta property=\"og:title\" content=\"Vuelve la 4a edici\u00f3n del Campeonato de Tenis - Xpress Tennis Cup | FJS\" \/>\n<meta property=\"og:description\" content=\"\u00a1Llega la nueva edici\u00f3n del Xpess Tennis Cup! Despu\u00e9s de posponer el torneo en marzo, llega el evento organizado por la Fundaci\u00f3n Jes\u00fas Serra.\" \/>\n<meta property=\"og:url\" content=\"https:\/\/edicion.fundacionoccident.org\/tennis\/vuelve-xtc-2020\" \/>\n<meta property=\"og:site_name\" content=\"Xpress Tennis Cup\" \/>\n<meta property=\"article:published_time\" content=\"2020-09-15T08:15:32+00:00\" \/>\n<meta property=\"article:modified_time\" content=\"2024-04-30T06:52:29+00:00\" \/>\n<meta property=\"og:image\" content=\"https:\/\/edicion.fundacionoccident.org\/tennis\/wp-content\/uploads\/2020\/09\/Imagen-JPEG-95160E3448DF-1-min-2-scaled.jpeg\" \/>\n\t<meta property=\"og:image:width\" content=\"2560\" \/>\n\t<meta property=\"og:image:height\" content=\"1440\" \/>\n\t<meta property=\"og:image:type\" content=\"image\/jpeg\" \/>\n<meta name=\"author\" content=\"YOU FIRST\" \/>\n<meta name=\"twitter:card\" content=\"summary_large_image\" \/>\n<meta name=\"twitter:label1\" content=\"Escrito por\" \/>\n\t<meta name=\"twitter:data1\" content=\"YOU FIRST\" \/>\n\t<meta name=\"twitter:label2\" content=\"Tiempo de lectura\" \/>\n\t<meta name=\"twitter:data2\" content=\"2 minutos\" \/>\n<script type=\"application\/ld+json\" class=\"yoast-schema-graph\">{\"@context\":\"https:\/\/schema.org\",\"@graph\":[{\"@type\":\"WebPage\",\"@id\":\"https:\/\/edicion.fundacionoccident.org\/tennis\/vuelve-xtc-2020\",\"url\":\"https:\/\/edicion.fundacionoccident.org\/tennis\/vuelve-xtc-2020\",\"name\":\"Vuelve la 4a edici\u00f3n del Campeonato de Tenis - Xpress Tennis Cup | FJS\",\"isPartOf\":{\"@id\":\"https:\/\/edicion.fundacionoccident.org\/tennis\/#website\"},\"primaryImageOfPage\":{\"@id\":\"https:\/\/edicion.fundacionoccident.org\/tennis\/vuelve-xtc-2020#primaryimage\"},\"image\":{\"@id\":\"https:\/\/edicion.fundacionoccident.org\/tennis\/vuelve-xtc-2020#primaryimage\"},\"thumbnailUrl\":\"https:\/\/edicion.fundacionoccident.org\/tennis\/wp-content\/uploads\/2020\/09\/Imagen-JPEG-95160E3448DF-1-min-2-scaled.jpeg\",\"datePublished\":\"2020-09-15T08:15:32+00:00\",\"dateModified\":\"2024-04-30T06:52:29+00:00\",\"author\":{\"@id\":\"https:\/\/edicion.fundacionoccident.org\/tennis\/#\/schema\/person\/91a1f91e6978155a5e03d29d8ba44ecf\"},\"description\":\"\u00a1Llega la nueva edici\u00f3n del Xpess Tennis Cup! Despu\u00e9s de posponer el torneo en marzo, llega el evento organizado por la Fundaci\u00f3n Jes\u00fas Serra.\",\"breadcrumb\":{\"@id\":\"https:\/\/edicion.fundacionoccident.org\/tennis\/vuelve-xtc-2020#breadcrumb\"},\"inLanguage\":\"es\",\"potentialAction\":[{\"@type\":\"ReadAction\",\"target\":[\"https:\/\/edicion.fundacionoccident.org\/tennis\/vuelve-xtc-2020\"]}]},{\"@type\":\"ImageObject\",\"inLanguage\":\"es\",\"@id\":\"https:\/\/edicion.fundacionoccident.org\/tennis\/vuelve-xtc-2020#primaryimage\",\"url\":\"https:\/\/edicion.fundacionoccident.org\/tennis\/wp-content\/uploads\/2020\/09\/Imagen-JPEG-95160E3448DF-1-min-2-scaled.jpeg\",\"contentUrl\":\"https:\/\/edicion.fundacionoccident.org\/tennis\/wp-content\/uploads\/2020\/09\/Imagen-JPEG-95160E3448DF-1-min-2-scaled.jpeg\",\"width\":2560,\"height\":1440},{\"@type\":\"BreadcrumbList\",\"@id\":\"https:\/\/edicion.fundacionoccident.org\/tennis\/vuelve-xtc-2020#breadcrumb\",\"itemListElement\":[{\"@type\":\"ListItem\",\"position\":1,\"name\":\"Portada\",\"item\":\"https:\/\/edicion.fundacionoccident.org\/tennis\/\"},{\"@type\":\"ListItem\",\"position\":2,\"name\":\"Vuelve el Xpress Tennis Cup con la m\u00e1xima ilusi\u00f3n\"}]},{\"@type\":\"WebSite\",\"@id\":\"https:\/\/edicion.fundacionoccident.org\/tennis\/#website\",\"url\":\"https:\/\/edicion.fundacionoccident.org\/tennis\/\",\"name\":\"Xpress Tennis Cup\",\"description\":\"Fundaci\u00f3 Jes\u00fas Serra\",\"potentialAction\":[{\"@type\":\"SearchAction\",\"target\":{\"@type\":\"EntryPoint\",\"urlTemplate\":\"https:\/\/edicion.fundacionoccident.org\/tennis\/?s={search_term_string}\"},\"query-input\":{\"@type\":\"PropertyValueSpecification\",\"valueRequired\":true,\"valueName\":\"search_term_string\"}}],\"inLanguage\":\"es\"},{\"@type\":\"Person\",\"@id\":\"https:\/\/edicion.fundacionoccident.org\/tennis\/#\/schema\/person\/91a1f91e6978155a5e03d29d8ba44ecf\",\"name\":\"YOU FIRST\",\"url\":\"https:\/\/edicion.fundacionoccident.org\/tennis\/author\/yourfirst\"}]}<\/script>\n<!-- \/ Yoast SEO plugin. -->","yoast_head_json":{"title":"Vuelve la 4a edici\u00f3n del Campeonato de Tenis - Xpress Tennis Cup | FJS","description":"\u00a1Llega la nueva edici\u00f3n del Xpess Tennis Cup! Despu\u00e9s de posponer el torneo en marzo, llega el evento organizado por la Fundaci\u00f3n Jes\u00fas Serra.","robots":{"index":"index","follow":"follow","max-snippet":"max-snippet:-1","max-image-preview":"max-image-preview:large","max-video-preview":"max-video-preview:-1"},"canonical":"https:\/\/edicion.fundacionoccident.org\/tennis\/wp-json\/wp\/v2\/posts\/5464","og_locale":"es_ES","og_type":"article","og_title":"Vuelve la 4a edici\u00f3n del Campeonato de Tenis - Xpress Tennis Cup | FJS","og_description":"\u00a1Llega la nueva edici\u00f3n del Xpess Tennis Cup! Despu\u00e9s de posponer el torneo en marzo, llega el evento organizado por la Fundaci\u00f3n Jes\u00fas Serra.","og_url":"https:\/\/edicion.fundacionoccident.org\/tennis\/vuelve-xtc-2020","og_site_name":"Xpress Tennis Cup","article_published_time":"2020-09-15T08:15:32+00:00","article_modified_time":"2024-04-30T06:52:29+00:00","og_image":[{"width":2560,"height":1440,"url":"https:\/\/edicion.fundacionoccident.org\/tennis\/wp-content\/uploads\/2020\/09\/Imagen-JPEG-95160E3448DF-1-min-2-scaled.jpeg","type":"image\/jpeg"}],"author":"YOU FIRST","twitter_card":"summary_large_image","twitter_misc":{"Escrito por":"YOU FIRST","Tiempo de lectura":"2 minutos"},"schema":{"@context":"https:\/\/schema.org","@graph":[{"@type":"WebPage","@id":"https:\/\/edicion.fundacionoccident.org\/tennis\/vuelve-xtc-2020","url":"https:\/\/edicion.fundacionoccident.org\/tennis\/vuelve-xtc-2020","name":"Vuelve la 4a edici\u00f3n del Campeonato de Tenis - Xpress Tennis Cup | FJS","isPartOf":{"@id":"https:\/\/edicion.fundacionoccident.org\/tennis\/#website"},"primaryImageOfPage":{"@id":"https:\/\/edicion.fundacionoccident.org\/tennis\/vuelve-xtc-2020#primaryimage"},"image":{"@id":"https:\/\/edicion.fundacionoccident.org\/tennis\/vuelve-xtc-2020#primaryimage"},"thumbnailUrl":"https:\/\/edicion.fundacionoccident.org\/tennis\/wp-content\/uploads\/2020\/09\/Imagen-JPEG-95160E3448DF-1-min-2-scaled.jpeg","datePublished":"2020-09-15T08:15:32+00:00","dateModified":"2024-04-30T06:52:29+00:00","author":{"@id":"https:\/\/edicion.fundacionoccident.org\/tennis\/#\/schema\/person\/91a1f91e6978155a5e03d29d8ba44ecf"},"description":"\u00a1Llega la nueva edici\u00f3n del Xpess Tennis Cup! Despu\u00e9s de posponer el torneo en marzo, llega el evento organizado por la Fundaci\u00f3n Jes\u00fas Serra.","breadcrumb":{"@id":"https:\/\/edicion.fundacionoccident.org\/tennis\/vuelve-xtc-2020#breadcrumb"},"inLanguage":"es","potentialAction":[{"@type":"ReadAction","target":["https:\/\/edicion.fundacionoccident.org\/tennis\/vuelve-xtc-2020"]}]},{"@type":"ImageObject","inLanguage":"es","@id":"https:\/\/edicion.fundacionoccident.org\/tennis\/vuelve-xtc-2020#primaryimage","url":"https:\/\/edicion.fundacionoccident.org\/tennis\/wp-content\/uploads\/2020\/09\/Imagen-JPEG-95160E3448DF-1-min-2-scaled.jpeg","contentUrl":"https:\/\/edicion.fundacionoccident.org\/tennis\/wp-content\/uploads\/2020\/09\/Imagen-JPEG-95160E3448DF-1-min-2-scaled.jpeg","width":2560,"height":1440},{"@type":"BreadcrumbList","@id":"https:\/\/edicion.fundacionoccident.org\/tennis\/vuelve-xtc-2020#breadcrumb","itemListElement":[{"@type":"ListItem","position":1,"name":"Portada","item":"https:\/\/edicion.fundacionoccident.org\/tennis\/"},{"@type":"ListItem","position":2,"name":"Vuelve el Xpress Tennis Cup con la m\u00e1xima ilusi\u00f3n"}]},{"@type":"WebSite","@id":"https:\/\/edicion.fundacionoccident.org\/tennis\/#website","url":"https:\/\/edicion.fundacionoccident.org\/tennis\/","name":"Xpress Tennis Cup","description":"Fundaci\u00f3 Jes\u00fas Serra","potentialAction":[{"@type":"SearchAction","target":{"@type":"EntryPoint","urlTemplate":"https:\/\/edicion.fundacionoccident.org\/tennis\/?s={search_term_string}"},"query-input":{"@type":"PropertyValueSpecification","valueRequired":true,"valueName":"search_term_string"}}],"inLanguage":"es"},{"@type":"Person","@id":"https:\/\/edicion.fundacionoccident.org\/tennis\/#\/schema\/person\/91a1f91e6978155a5e03d29d8ba44ecf","name":"YOU FIRST","url":"https:\/\/edicion.fundacionoccident.org\/tennis\/author\/yourfirst"}]}},"_links":{"self":[{"href":"https:\/\/edicion.fundacionoccident.org\/tennis\/wp-json\/wp\/v2\/posts\/5464","targetHints":{"allow":["GET"]}}],"collection":[{"href":"https:\/\/edicion.fundacionoccident.org\/tennis\/wp-json\/wp\/v2\/posts"}],"about":[{"href":"https:\/\/edicion.fundacionoccident.org\/tennis\/wp-json\/wp\/v2\/types\/post"}],"author":[{"embeddable":true,"href":"https:\/\/edicion.fundacionoccident.org\/tennis\/wp-json\/wp\/v2\/users\/8"}],"replies":[{"embeddable":true,"href":"https:\/\/edicion.fundacionoccident.org\/tennis\/wp-json\/wp\/v2\/comments?post=5464"}],"version-history":[{"count":8,"href":"https:\/\/edicion.fundacionoccident.org\/tennis\/wp-json\/wp\/v2\/posts\/5464\/revisions"}],"predecessor-version":[{"id":8834,"href":"https:\/\/edicion.fundacionoccident.org\/tennis\/wp-json\/wp\/v2\/posts\/5464\/revisions\/8834"}],"wp:featuredmedia":[{"embeddable":true,"href":"https:\/\/edicion.fundacionoccident.org\/tennis\/wp-json\/wp\/v2\/media\/6199"}],"wp:attachment":[{"href":"https:\/\/edicion.fundacionoccident.org\/tennis\/wp-json\/wp\/v2\/media?parent=5464"}],"wp:term":[{"taxonomy":"category","embeddable":true,"href":"https:\/\/edicion.fundacionoccident.org\/tennis\/wp-json\/wp\/v2\/categories?post=5464"},{"taxonomy":"post_tag","embeddable":true,"href":"https:\/\/edicion.fundacionoccident.org\/tennis\/wp-json\/wp\/v2\/tags?post=5464"}],"curies":[{"name":"wp","href":"https:\/\/api.w.org\/{rel}","templated":true}]}}