{"id":5465,"date":"2020-03-13T14:44:52","date_gmt":"2020-03-13T14:44:52","guid":{"rendered":"https:\/\/xpresstenniscup.com\/?p=4404"},"modified":"2020-07-07T14:11:07","modified_gmt":"2020-07-07T14:11:07","slug":"prevencion-ante-el-covid-19","status":"publish","type":"post","link":"https:\/\/edicion.fundacionoccident.org\/tennis\/prevencion-ante-el-covid-19","title":{"rendered":"La Xpress Tennis Cup queda aplazada como medida de prevenci\u00f3n ante el Covid-19"},"content":{"rendered":"<p>Debido a los \u00faltimos acontecimientos entorno al Covid-19 y siguiendo las medidas anunciadas por el Ministerio de Sanidad, la direcci\u00f3n de la Fundaci\u00f3n Jes\u00fas Serra ha tomado la determinaci\u00f3n de aplazar todos los torneos previstos englobados dentro del torneo Xpress Tennis Cup.<\/p>\n<p>Para la Fundaci\u00f3n, la salud de los participantes y sus familiares es lo m\u00e1s importante, y consideramos primordial seguir las recomendaciones de Sanidad para contener el virus.<\/p>\n<p>Seguiremos informando de todas las novedades y esperamos poder anunciar las nuevas fechas, previstas para el segundo semestre 2020, lo antes posible.<\/p>\n","protected":false},"excerpt":{"rendered":"<p>Debido a los \u00faltimos acontecimientos entorno al Covid-19 y siguiendo las medidas anunciadas por el Ministerio de Sanidad, la direcci\u00f3n de la Fundaci\u00f3n Jes\u00fas Serra ha tomado la determinaci\u00f3n de aplazar todos los torneos previstos englobados dentro del torneo Xpress Tennis Cup. Para la Fundaci\u00f3n,&#8230;<\/p>\n","protected":false},"author":6,"featured_media":5753,"comment_status":"open","ping_status":"open","sticky":false,"template":"","format":"standard","meta":{"footnotes":"","_links_to":"","_links_to_target":""},"categories":[50],"tags":[],"class_list":["post-5465","post","type-post","status-publish","format-standard","has-post-thumbnail","hentry","category-xtc"],"yoast_head":"<!-- This site is optimized with the Yoast SEO plugin v26.3 - https:\/\/yoast.com\/wordpress\/plugins\/seo\/ -->\n<title>Aplazada por Prevenci\u00f3n ante el Covid-19 - Xpress Tennis Cup | FJS<\/title>\n<meta name=\"description\" content=\"Debido a la crisis sanitaria del Covid-19, la Fundaci\u00f3n Jes\u00fas Serra aplaza la nueva edici\u00f3n del Xpress Tennis Cup como medida de prevenci\u00f3n.\" \/>\n<meta name=\"robots\" content=\"index, follow, max-snippet:-1, max-image-preview:large, max-video-preview:-1\" \/>\n<link rel=\"canonical\" href=\"https:\/\/edicion.fundacionoccident.org\/tennis\/wp-json\/wp\/v2\/posts\/5465\" \/>\n<meta property=\"og:locale\" content=\"es_ES\" \/>\n<meta property=\"og:type\" content=\"article\" \/>\n<meta property=\"og:title\" content=\"Aplazada por Prevenci\u00f3n ante el Covid-19 - Xpress Tennis Cup | FJS\" \/>\n<meta property=\"og:description\" content=\"Debido a la crisis sanitaria del Covid-19, la Fundaci\u00f3n Jes\u00fas Serra aplaza la nueva edici\u00f3n del Xpress Tennis Cup como medida de prevenci\u00f3n.\" \/>\n<meta property=\"og:url\" content=\"https:\/\/edicion.fundacionoccident.org\/tennis\/prevencion-ante-el-covid-19\" \/>\n<meta property=\"og:site_name\" content=\"Xpress Tennis Cup\" \/>\n<meta property=\"article:published_time\" content=\"2020-03-13T14:44:52+00:00\" \/>\n<meta property=\"article:modified_time\" content=\"2020-07-07T14:11:07+00:00\" \/>\n<meta property=\"og:image\" content=\"https:\/\/edicion.fundacionoccident.org\/tennis\/wp-content\/uploads\/2020\/03\/prevencion-scaled.jpg\" \/>\n\t<meta property=\"og:image:width\" content=\"2560\" \/>\n\t<meta property=\"og:image:height\" content=\"1483\" \/>\n\t<meta property=\"og:image:type\" content=\"image\/jpeg\" \/>\n<meta name=\"author\" content=\"SEOCOM\" \/>\n<meta name=\"twitter:card\" content=\"summary_large_image\" \/>\n<meta name=\"twitter:label1\" content=\"Escrito por\" \/>\n\t<meta name=\"twitter:data1\" content=\"SEOCOM\" \/>\n<script type=\"application\/ld+json\" class=\"yoast-schema-graph\">{\"@context\":\"https:\/\/schema.org\",\"@graph\":[{\"@type\":\"WebPage\",\"@id\":\"https:\/\/edicion.fundacionoccident.org\/tennis\/prevencion-ante-el-covid-19\",\"url\":\"https:\/\/edicion.fundacionoccident.org\/tennis\/prevencion-ante-el-covid-19\",\"name\":\"Aplazada por Prevenci\u00f3n ante el Covid-19 - Xpress Tennis Cup | FJS\",\"isPartOf\":{\"@id\":\"https:\/\/edicion.fundacionoccident.org\/tennis\/#website\"},\"primaryImageOfPage\":{\"@id\":\"https:\/\/edicion.fundacionoccident.org\/tennis\/prevencion-ante-el-covid-19#primaryimage\"},\"image\":{\"@id\":\"https:\/\/edicion.fundacionoccident.org\/tennis\/prevencion-ante-el-covid-19#primaryimage\"},\"thumbnailUrl\":\"https:\/\/edicion.fundacionoccident.org\/tennis\/wp-content\/uploads\/2020\/03\/prevencion-scaled.jpg\",\"datePublished\":\"2020-03-13T14:44:52+00:00\",\"dateModified\":\"2020-07-07T14:11:07+00:00\",\"author\":{\"@id\":\"https:\/\/edicion.fundacionoccident.org\/tennis\/#\/schema\/person\/027c84aa6e6bff6c391d1500ecb7d9ed\"},\"description\":\"Debido a la crisis sanitaria del Covid-19, la Fundaci\u00f3n Jes\u00fas Serra aplaza la nueva edici\u00f3n del Xpress Tennis Cup como medida de prevenci\u00f3n.\",\"breadcrumb\":{\"@id\":\"https:\/\/edicion.fundacionoccident.org\/tennis\/prevencion-ante-el-covid-19#breadcrumb\"},\"inLanguage\":\"es\",\"potentialAction\":[{\"@type\":\"ReadAction\",\"target\":[\"https:\/\/edicion.fundacionoccident.org\/tennis\/prevencion-ante-el-covid-19\"]}]},{\"@type\":\"ImageObject\",\"inLanguage\":\"es\",\"@id\":\"https:\/\/edicion.fundacionoccident.org\/tennis\/prevencion-ante-el-covid-19#primaryimage\",\"url\":\"https:\/\/edicion.fundacionoccident.org\/tennis\/wp-content\/uploads\/2020\/03\/prevencion-scaled.jpg\",\"contentUrl\":\"https:\/\/edicion.fundacionoccident.org\/tennis\/wp-content\/uploads\/2020\/03\/prevencion-scaled.jpg\",\"width\":2560,\"height\":1483},{\"@type\":\"BreadcrumbList\",\"@id\":\"https:\/\/edicion.fundacionoccident.org\/tennis\/prevencion-ante-el-covid-19#breadcrumb\",\"itemListElement\":[{\"@type\":\"ListItem\",\"position\":1,\"name\":\"Portada\",\"item\":\"https:\/\/edicion.fundacionoccident.org\/tennis\/\"},{\"@type\":\"ListItem\",\"position\":2,\"name\":\"La Xpress Tennis Cup queda aplazada como medida de prevenci\u00f3n ante el Covid-19\"}]},{\"@type\":\"WebSite\",\"@id\":\"https:\/\/edicion.fundacionoccident.org\/tennis\/#website\",\"url\":\"https:\/\/edicion.fundacionoccident.org\/tennis\/\",\"name\":\"Xpress Tennis Cup\",\"description\":\"Fundaci\u00f3 Jes\u00fas Serra\",\"potentialAction\":[{\"@type\":\"SearchAction\",\"target\":{\"@type\":\"EntryPoint\",\"urlTemplate\":\"https:\/\/edicion.fundacionoccident.org\/tennis\/?s={search_term_string}\"},\"query-input\":{\"@type\":\"PropertyValueSpecification\",\"valueRequired\":true,\"valueName\":\"search_term_string\"}}],\"inLanguage\":\"es\"},{\"@type\":\"Person\",\"@id\":\"https:\/\/edicion.fundacionoccident.org\/tennis\/#\/schema\/person\/027c84aa6e6bff6c391d1500ecb7d9ed\",\"name\":\"SEOCOM\",\"url\":\"https:\/\/edicion.fundacionoccident.org\/tennis\/author\/tennisfjs\"}]}<\/script>\n<!-- \/ Yoast SEO plugin. -->","yoast_head_json":{"title":"Aplazada por Prevenci\u00f3n ante el Covid-19 - Xpress Tennis Cup | FJS","description":"Debido a la crisis sanitaria del Covid-19, la Fundaci\u00f3n Jes\u00fas Serra aplaza la nueva edici\u00f3n del Xpress Tennis Cup como medida de prevenci\u00f3n.","robots":{"index":"index","follow":"follow","max-snippet":"max-snippet:-1","max-image-preview":"max-image-preview:large","max-video-preview":"max-video-preview:-1"},"canonical":"https:\/\/edicion.fundacionoccident.org\/tennis\/wp-json\/wp\/v2\/posts\/5465","og_locale":"es_ES","og_type":"article","og_title":"Aplazada por Prevenci\u00f3n ante el Covid-19 - Xpress Tennis Cup | FJS","og_description":"Debido a la crisis sanitaria del Covid-19, la Fundaci\u00f3n Jes\u00fas Serra aplaza la nueva edici\u00f3n del Xpress Tennis Cup como medida de prevenci\u00f3n.","og_url":"https:\/\/edicion.fundacionoccident.org\/tennis\/prevencion-ante-el-covid-19","og_site_name":"Xpress Tennis Cup","article_published_time":"2020-03-13T14:44:52+00:00","article_modified_time":"2020-07-07T14:11:07+00:00","og_image":[{"width":2560,"height":1483,"url":"https:\/\/edicion.fundacionoccident.org\/tennis\/wp-content\/uploads\/2020\/03\/prevencion-scaled.jpg","type":"image\/jpeg"}],"author":"SEOCOM","twitter_card":"summary_large_image","twitter_misc":{"Escrito por":"SEOCOM"},"schema":{"@context":"https:\/\/schema.org","@graph":[{"@type":"WebPage","@id":"https:\/\/edicion.fundacionoccident.org\/tennis\/prevencion-ante-el-covid-19","url":"https:\/\/edicion.fundacionoccident.org\/tennis\/prevencion-ante-el-covid-19","name":"Aplazada por Prevenci\u00f3n ante el Covid-19 - Xpress Tennis Cup | FJS","isPartOf":{"@id":"https:\/\/edicion.fundacionoccident.org\/tennis\/#website"},"primaryImageOfPage":{"@id":"https:\/\/edicion.fundacionoccident.org\/tennis\/prevencion-ante-el-covid-19#primaryimage"},"image":{"@id":"https:\/\/edicion.fundacionoccident.org\/tennis\/prevencion-ante-el-covid-19#primaryimage"},"thumbnailUrl":"https:\/\/edicion.fundacionoccident.org\/tennis\/wp-content\/uploads\/2020\/03\/prevencion-scaled.jpg","datePublished":"2020-03-13T14:44:52+00:00","dateModified":"2020-07-07T14:11:07+00:00","author":{"@id":"https:\/\/edicion.fundacionoccident.org\/tennis\/#\/schema\/person\/027c84aa6e6bff6c391d1500ecb7d9ed"},"description":"Debido a la crisis sanitaria del Covid-19, la Fundaci\u00f3n Jes\u00fas Serra aplaza la nueva edici\u00f3n del Xpress Tennis Cup como medida de prevenci\u00f3n.","breadcrumb":{"@id":"https:\/\/edicion.fundacionoccident.org\/tennis\/prevencion-ante-el-covid-19#breadcrumb"},"inLanguage":"es","potentialAction":[{"@type":"ReadAction","target":["https:\/\/edicion.fundacionoccident.org\/tennis\/prevencion-ante-el-covid-19"]}]},{"@type":"ImageObject","inLanguage":"es","@id":"https:\/\/edicion.fundacionoccident.org\/tennis\/prevencion-ante-el-covid-19#primaryimage","url":"https:\/\/edicion.fundacionoccident.org\/tennis\/wp-content\/uploads\/2020\/03\/prevencion-scaled.jpg","contentUrl":"https:\/\/edicion.fundacionoccident.org\/tennis\/wp-content\/uploads\/2020\/03\/prevencion-scaled.jpg","width":2560,"height":1483},{"@type":"BreadcrumbList","@id":"https:\/\/edicion.fundacionoccident.org\/tennis\/prevencion-ante-el-covid-19#breadcrumb","itemListElement":[{"@type":"ListItem","position":1,"name":"Portada","item":"https:\/\/edicion.fundacionoccident.org\/tennis\/"},{"@type":"ListItem","position":2,"name":"La Xpress Tennis Cup queda aplazada como medida de prevenci\u00f3n ante el Covid-19"}]},{"@type":"WebSite","@id":"https:\/\/edicion.fundacionoccident.org\/tennis\/#website","url":"https:\/\/edicion.fundacionoccident.org\/tennis\/","name":"Xpress Tennis Cup","description":"Fundaci\u00f3 Jes\u00fas Serra","potentialAction":[{"@type":"SearchAction","target":{"@type":"EntryPoint","urlTemplate":"https:\/\/edicion.fundacionoccident.org\/tennis\/?s={search_term_string}"},"query-input":{"@type":"PropertyValueSpecification","valueRequired":true,"valueName":"search_term_string"}}],"inLanguage":"es"},{"@type":"Person","@id":"https:\/\/edicion.fundacionoccident.org\/tennis\/#\/schema\/person\/027c84aa6e6bff6c391d1500ecb7d9ed","name":"SEOCOM","url":"https:\/\/edicion.fundacionoccident.org\/tennis\/author\/tennisfjs"}]}},"_links":{"self":[{"href":"https:\/\/edicion.fundacionoccident.org\/tennis\/wp-json\/wp\/v2\/posts\/5465","targetHints":{"allow":["GET"]}}],"collection":[{"href":"https:\/\/edicion.fundacionoccident.org\/tennis\/wp-json\/wp\/v2\/posts"}],"about":[{"href":"https:\/\/edicion.fundacionoccident.org\/tennis\/wp-json\/wp\/v2\/types\/post"}],"author":[{"embeddable":true,"href":"https:\/\/edicion.fundacionoccident.org\/tennis\/wp-json\/wp\/v2\/users\/6"}],"replies":[{"embeddable":true,"href":"https:\/\/edicion.fundacionoccident.org\/tennis\/wp-json\/wp\/v2\/comments?post=5465"}],"version-history":[{"count":2,"href":"https:\/\/edicion.fundacionoccident.org\/tennis\/wp-json\/wp\/v2\/posts\/5465\/revisions"}],"predecessor-version":[{"id":5752,"href":"https:\/\/edicion.fundacionoccident.org\/tennis\/wp-json\/wp\/v2\/posts\/5465\/revisions\/5752"}],"wp:featuredmedia":[{"embeddable":true,"href":"https:\/\/edicion.fundacionoccident.org\/tennis\/wp-json\/wp\/v2\/media\/5753"}],"wp:attachment":[{"href":"https:\/\/edicion.fundacionoccident.org\/tennis\/wp-json\/wp\/v2\/media?parent=5465"}],"wp:term":[{"taxonomy":"category","embeddable":true,"href":"https:\/\/edicion.fundacionoccident.org\/tennis\/wp-json\/wp\/v2\/categories?post=5465"},{"taxonomy":"post_tag","embeddable":true,"href":"https:\/\/edicion.fundacionoccident.org\/tennis\/wp-json\/wp\/v2\/tags?post=5465"}],"curies":[{"name":"wp","href":"https:\/\/api.w.org\/{rel}","templated":true}]}}