{"id":7203,"date":"2021-10-20T13:15:12","date_gmt":"2021-10-20T11:15:12","guid":{"rendered":"https:\/\/edicion.fundacionjesusserra.org\/tennis\/?p=7203"},"modified":"2021-10-20T13:16:37","modified_gmt":"2021-10-20T11:16:37","slug":"exito-de-participacion-la-fase-de-alicante-del-xpress-tennis-cup","status":"publish","type":"post","link":"https:\/\/edicion.fundacionoccident.org\/tennis\/exito-de-participacion-la-fase-de-alicante-del-xpress-tennis-cup","title":{"rendered":"\u00c9xito de participaci\u00f3n en la fase de Alicante del Xpress Tennis Cup"},"content":{"rendered":"<p><strong>El pasado 17 de noviembre la Xpress Tennis Cup aterriz\u00f3 en la JC Ferrero Equelite Academy para disputar la fase provincial de Alicante de la 5\u00aa Edici\u00f3n del torneo. Como en a\u00f1os anteriores, la participaci\u00f3n fue masiva, pero en esta edici\u00f3n incluso ha sido superior.<\/strong><\/p>\n<p><strong>\u00a0<\/strong>M\u00e1s de 160 ni\u00f1os participaron en la prueba que organiza la Fundaci\u00f3n Jes\u00fas Serra, del Grupo Catalana Occidente, certificando que es un torneo con una gran acogida en Alicante desde sus inicios. Prueba de ello es que muchos de los equipos participantes en la \u00faltima edici\u00f3n repitieron experiencia.<\/p>\n<p>Todos los participantes pudieron disfrutar de un d\u00eda de emociones, diversi\u00f3n y por supuesto de tenis. Aprovechando tambi\u00e9n las actividades que ofrec\u00eda el torneo durante los descansos, como el speed ball o el pintacuerdas, entre otros.<\/p>\n<h3><strong>6 CLUBS Y 30 EQUIPOS<\/strong><\/h3>\n<p>El CAM Villenense, Club de Campo Elche, CT Mon\u00f2ver, CD Tiro de Pich\u00f3n, CT Petrer y el JC Ferrero Equelite Academy se dieron cita en las magn\u00edficas instalaciones de este \u00faltimo, con 9 pistas a disposici\u00f3n del Xpress Tennis Cup. La jornada estuvo marcada por un muy buen nivel ten\u00edstico, la deportividad de este deporte y las ganas de disfrutar de la raqueta, donde los participantes fueron como siempre los protagonistas.<\/p>\n<p>&nbsp;<\/p>\n<h3><strong>Cuadro honor<\/strong><\/h3>\n<p>Todos los ganadores\/as y finalistas de las diferentes categor\u00edas y modalidades:<\/p>\n<p style=\"text-align: center;\"><strong>Categor\u00eda Sub-10 Femenino<\/strong><br \/>\nGanador: CD Tiro de Pich\u00f3n<br \/>\nFinalista: CAM Villenense<\/p>\n<p style=\"text-align: center;\"><strong>Categor\u00eda Sub-10 Masculino<\/strong><br \/>\nGanador: Club de Campo Elche<br \/>\nFinalista: JC Ferrero Equelite Academy<\/p>\n<p style=\"text-align: center;\"><strong>Categor\u00eda Sub-12 Femenino<\/strong><br \/>\nGanador: CAM Villenense<br \/>\nFinalista: Club de Campo Elche<\/p>\n<p style=\"text-align: center;\"><strong>Categor\u00eda Sub-12 Masculino<\/strong><br \/>\nGanador: Club de Campo Elche<br \/>\nFinalista: CD Tiro de Pich\u00f3n<\/p>\n<p style=\"text-align: center;\"><strong>Categor\u00eda Minitenis<\/strong><br \/>\nFormato no competitivo.<br \/>\nTodos los participantes recibieron una medalla.<\/p>\n<p>La competici\u00f3n contin\u00faa y la pr\u00f3xima parada es el pr\u00f3ximo 23 de octubre en las instalaciones del CT Castell\u00f3n para disputar la siguiente fase provincial de la Comunidad Valenciana.<\/p>\n<p>\u00a1Nos vemos en las pistas!<\/p>\n<p>&nbsp;<\/p>\n","protected":false},"excerpt":{"rendered":"<p>El pasado 17 de noviembre la Xpress Tennis Cup aterriz\u00f3 en la JC Ferrero Equelite Academy para disputar la fase provincial de Alicante de la 5\u00aa Edici\u00f3n del torneo. Como en a\u00f1os anteriores, la participaci\u00f3n fue masiva, pero en esta edici\u00f3n incluso ha sido superior&#8230;.<\/p>\n","protected":false},"author":8,"featured_media":7204,"comment_status":"closed","ping_status":"closed","sticky":false,"template":"","format":"standard","meta":{"footnotes":"","_links_to":"","_links_to_target":""},"categories":[1],"tags":[],"class_list":["post-7203","post","type-post","status-publish","format-standard","has-post-thumbnail","hentry","category-sin-categorizar"],"yoast_head":"<!-- This site is optimized with the Yoast SEO plugin v26.3 - https:\/\/yoast.com\/wordpress\/plugins\/seo\/ -->\n<title>\u00c9xito de participaci\u00f3n en la fase de Alicante del Xpress Tennis Cup - Xpress Tennis Cup<\/title>\n<meta name=\"robots\" content=\"index, follow, max-snippet:-1, max-image-preview:large, max-video-preview:-1\" \/>\n<link rel=\"canonical\" href=\"https:\/\/edicion.fundacionoccident.org\/tennis\/wp-json\/wp\/v2\/posts\/7203\" \/>\n<meta property=\"og:locale\" content=\"es_ES\" \/>\n<meta property=\"og:type\" content=\"article\" \/>\n<meta property=\"og:title\" content=\"\u00c9xito de participaci\u00f3n en la fase de Alicante del Xpress Tennis Cup - Xpress Tennis Cup\" \/>\n<meta property=\"og:description\" content=\"El pasado 17 de noviembre la Xpress Tennis Cup aterriz\u00f3 en la JC Ferrero Equelite Academy para disputar la fase provincial de Alicante de la 5\u00aa Edici\u00f3n del torneo. Como en a\u00f1os anteriores, la participaci\u00f3n fue masiva, pero en esta edici\u00f3n incluso ha sido superior....\" \/>\n<meta property=\"og:url\" content=\"https:\/\/edicion.fundacionoccident.org\/tennis\/exito-de-participacion-la-fase-de-alicante-del-xpress-tennis-cup\" \/>\n<meta property=\"og:site_name\" content=\"Xpress Tennis Cup\" \/>\n<meta property=\"article:published_time\" content=\"2021-10-20T11:15:12+00:00\" \/>\n<meta property=\"article:modified_time\" content=\"2021-10-20T11:16:37+00:00\" \/>\n<meta property=\"og:image\" content=\"https:\/\/edicion.fundacionoccident.org\/tennis\/wp-content\/uploads\/2021\/10\/MicrosoftTeams-image-4.jpg\" \/>\n\t<meta property=\"og:image:width\" content=\"2000\" \/>\n\t<meta property=\"og:image:height\" content=\"1333\" \/>\n\t<meta property=\"og:image:type\" content=\"image\/jpeg\" \/>\n<meta name=\"author\" content=\"YOU FIRST\" \/>\n<meta name=\"twitter:card\" content=\"summary_large_image\" \/>\n<meta name=\"twitter:label1\" content=\"Escrito por\" \/>\n\t<meta name=\"twitter:data1\" content=\"YOU FIRST\" \/>\n\t<meta name=\"twitter:label2\" content=\"Tiempo de lectura\" \/>\n\t<meta name=\"twitter:data2\" content=\"2 minutos\" \/>\n<script type=\"application\/ld+json\" class=\"yoast-schema-graph\">{\"@context\":\"https:\/\/schema.org\",\"@graph\":[{\"@type\":\"WebPage\",\"@id\":\"https:\/\/edicion.fundacionoccident.org\/tennis\/exito-de-participacion-la-fase-de-alicante-del-xpress-tennis-cup\",\"url\":\"https:\/\/edicion.fundacionoccident.org\/tennis\/exito-de-participacion-la-fase-de-alicante-del-xpress-tennis-cup\",\"name\":\"\u00c9xito de participaci\u00f3n en la fase de Alicante del Xpress Tennis Cup - Xpress Tennis Cup\",\"isPartOf\":{\"@id\":\"https:\/\/edicion.fundacionoccident.org\/tennis\/#website\"},\"primaryImageOfPage\":{\"@id\":\"https:\/\/edicion.fundacionoccident.org\/tennis\/exito-de-participacion-la-fase-de-alicante-del-xpress-tennis-cup#primaryimage\"},\"image\":{\"@id\":\"https:\/\/edicion.fundacionoccident.org\/tennis\/exito-de-participacion-la-fase-de-alicante-del-xpress-tennis-cup#primaryimage\"},\"thumbnailUrl\":\"https:\/\/edicion.fundacionoccident.org\/tennis\/wp-content\/uploads\/2021\/10\/MicrosoftTeams-image-4.jpg\",\"datePublished\":\"2021-10-20T11:15:12+00:00\",\"dateModified\":\"2021-10-20T11:16:37+00:00\",\"author\":{\"@id\":\"https:\/\/edicion.fundacionoccident.org\/tennis\/#\/schema\/person\/91a1f91e6978155a5e03d29d8ba44ecf\"},\"breadcrumb\":{\"@id\":\"https:\/\/edicion.fundacionoccident.org\/tennis\/exito-de-participacion-la-fase-de-alicante-del-xpress-tennis-cup#breadcrumb\"},\"inLanguage\":\"es\",\"potentialAction\":[{\"@type\":\"ReadAction\",\"target\":[\"https:\/\/edicion.fundacionoccident.org\/tennis\/exito-de-participacion-la-fase-de-alicante-del-xpress-tennis-cup\"]}]},{\"@type\":\"ImageObject\",\"inLanguage\":\"es\",\"@id\":\"https:\/\/edicion.fundacionoccident.org\/tennis\/exito-de-participacion-la-fase-de-alicante-del-xpress-tennis-cup#primaryimage\",\"url\":\"https:\/\/edicion.fundacionoccident.org\/tennis\/wp-content\/uploads\/2021\/10\/MicrosoftTeams-image-4.jpg\",\"contentUrl\":\"https:\/\/edicion.fundacionoccident.org\/tennis\/wp-content\/uploads\/2021\/10\/MicrosoftTeams-image-4.jpg\",\"width\":2000,\"height\":1333},{\"@type\":\"BreadcrumbList\",\"@id\":\"https:\/\/edicion.fundacionoccident.org\/tennis\/exito-de-participacion-la-fase-de-alicante-del-xpress-tennis-cup#breadcrumb\",\"itemListElement\":[{\"@type\":\"ListItem\",\"position\":1,\"name\":\"Portada\",\"item\":\"https:\/\/edicion.fundacionoccident.org\/tennis\/\"},{\"@type\":\"ListItem\",\"position\":2,\"name\":\"\u00c9xito de participaci\u00f3n en la fase de Alicante del Xpress Tennis Cup\"}]},{\"@type\":\"WebSite\",\"@id\":\"https:\/\/edicion.fundacionoccident.org\/tennis\/#website\",\"url\":\"https:\/\/edicion.fundacionoccident.org\/tennis\/\",\"name\":\"Xpress Tennis Cup\",\"description\":\"Fundaci\u00f3 Jes\u00fas Serra\",\"potentialAction\":[{\"@type\":\"SearchAction\",\"target\":{\"@type\":\"EntryPoint\",\"urlTemplate\":\"https:\/\/edicion.fundacionoccident.org\/tennis\/?s={search_term_string}\"},\"query-input\":{\"@type\":\"PropertyValueSpecification\",\"valueRequired\":true,\"valueName\":\"search_term_string\"}}],\"inLanguage\":\"es\"},{\"@type\":\"Person\",\"@id\":\"https:\/\/edicion.fundacionoccident.org\/tennis\/#\/schema\/person\/91a1f91e6978155a5e03d29d8ba44ecf\",\"name\":\"YOU FIRST\",\"url\":\"https:\/\/edicion.fundacionoccident.org\/tennis\/author\/yourfirst\"}]}<\/script>\n<!-- \/ Yoast SEO plugin. -->","yoast_head_json":{"title":"\u00c9xito de participaci\u00f3n en la fase de Alicante del Xpress Tennis Cup - Xpress Tennis Cup","robots":{"index":"index","follow":"follow","max-snippet":"max-snippet:-1","max-image-preview":"max-image-preview:large","max-video-preview":"max-video-preview:-1"},"canonical":"https:\/\/edicion.fundacionoccident.org\/tennis\/wp-json\/wp\/v2\/posts\/7203","og_locale":"es_ES","og_type":"article","og_title":"\u00c9xito de participaci\u00f3n en la fase de Alicante del Xpress Tennis Cup - Xpress Tennis Cup","og_description":"El pasado 17 de noviembre la Xpress Tennis Cup aterriz\u00f3 en la JC Ferrero Equelite Academy para disputar la fase provincial de Alicante de la 5\u00aa Edici\u00f3n del torneo. Como en a\u00f1os anteriores, la participaci\u00f3n fue masiva, pero en esta edici\u00f3n incluso ha sido superior....","og_url":"https:\/\/edicion.fundacionoccident.org\/tennis\/exito-de-participacion-la-fase-de-alicante-del-xpress-tennis-cup","og_site_name":"Xpress Tennis Cup","article_published_time":"2021-10-20T11:15:12+00:00","article_modified_time":"2021-10-20T11:16:37+00:00","og_image":[{"width":2000,"height":1333,"url":"https:\/\/edicion.fundacionoccident.org\/tennis\/wp-content\/uploads\/2021\/10\/MicrosoftTeams-image-4.jpg","type":"image\/jpeg"}],"author":"YOU FIRST","twitter_card":"summary_large_image","twitter_misc":{"Escrito por":"YOU FIRST","Tiempo de lectura":"2 minutos"},"schema":{"@context":"https:\/\/schema.org","@graph":[{"@type":"WebPage","@id":"https:\/\/edicion.fundacionoccident.org\/tennis\/exito-de-participacion-la-fase-de-alicante-del-xpress-tennis-cup","url":"https:\/\/edicion.fundacionoccident.org\/tennis\/exito-de-participacion-la-fase-de-alicante-del-xpress-tennis-cup","name":"\u00c9xito de participaci\u00f3n en la fase de Alicante del Xpress Tennis Cup - Xpress Tennis Cup","isPartOf":{"@id":"https:\/\/edicion.fundacionoccident.org\/tennis\/#website"},"primaryImageOfPage":{"@id":"https:\/\/edicion.fundacionoccident.org\/tennis\/exito-de-participacion-la-fase-de-alicante-del-xpress-tennis-cup#primaryimage"},"image":{"@id":"https:\/\/edicion.fundacionoccident.org\/tennis\/exito-de-participacion-la-fase-de-alicante-del-xpress-tennis-cup#primaryimage"},"thumbnailUrl":"https:\/\/edicion.fundacionoccident.org\/tennis\/wp-content\/uploads\/2021\/10\/MicrosoftTeams-image-4.jpg","datePublished":"2021-10-20T11:15:12+00:00","dateModified":"2021-10-20T11:16:37+00:00","author":{"@id":"https:\/\/edicion.fundacionoccident.org\/tennis\/#\/schema\/person\/91a1f91e6978155a5e03d29d8ba44ecf"},"breadcrumb":{"@id":"https:\/\/edicion.fundacionoccident.org\/tennis\/exito-de-participacion-la-fase-de-alicante-del-xpress-tennis-cup#breadcrumb"},"inLanguage":"es","potentialAction":[{"@type":"ReadAction","target":["https:\/\/edicion.fundacionoccident.org\/tennis\/exito-de-participacion-la-fase-de-alicante-del-xpress-tennis-cup"]}]},{"@type":"ImageObject","inLanguage":"es","@id":"https:\/\/edicion.fundacionoccident.org\/tennis\/exito-de-participacion-la-fase-de-alicante-del-xpress-tennis-cup#primaryimage","url":"https:\/\/edicion.fundacionoccident.org\/tennis\/wp-content\/uploads\/2021\/10\/MicrosoftTeams-image-4.jpg","contentUrl":"https:\/\/edicion.fundacionoccident.org\/tennis\/wp-content\/uploads\/2021\/10\/MicrosoftTeams-image-4.jpg","width":2000,"height":1333},{"@type":"BreadcrumbList","@id":"https:\/\/edicion.fundacionoccident.org\/tennis\/exito-de-participacion-la-fase-de-alicante-del-xpress-tennis-cup#breadcrumb","itemListElement":[{"@type":"ListItem","position":1,"name":"Portada","item":"https:\/\/edicion.fundacionoccident.org\/tennis\/"},{"@type":"ListItem","position":2,"name":"\u00c9xito de participaci\u00f3n en la fase de Alicante del Xpress Tennis Cup"}]},{"@type":"WebSite","@id":"https:\/\/edicion.fundacionoccident.org\/tennis\/#website","url":"https:\/\/edicion.fundacionoccident.org\/tennis\/","name":"Xpress Tennis Cup","description":"Fundaci\u00f3 Jes\u00fas Serra","potentialAction":[{"@type":"SearchAction","target":{"@type":"EntryPoint","urlTemplate":"https:\/\/edicion.fundacionoccident.org\/tennis\/?s={search_term_string}"},"query-input":{"@type":"PropertyValueSpecification","valueRequired":true,"valueName":"search_term_string"}}],"inLanguage":"es"},{"@type":"Person","@id":"https:\/\/edicion.fundacionoccident.org\/tennis\/#\/schema\/person\/91a1f91e6978155a5e03d29d8ba44ecf","name":"YOU FIRST","url":"https:\/\/edicion.fundacionoccident.org\/tennis\/author\/yourfirst"}]}},"_links":{"self":[{"href":"https:\/\/edicion.fundacionoccident.org\/tennis\/wp-json\/wp\/v2\/posts\/7203","targetHints":{"allow":["GET"]}}],"collection":[{"href":"https:\/\/edicion.fundacionoccident.org\/tennis\/wp-json\/wp\/v2\/posts"}],"about":[{"href":"https:\/\/edicion.fundacionoccident.org\/tennis\/wp-json\/wp\/v2\/types\/post"}],"author":[{"embeddable":true,"href":"https:\/\/edicion.fundacionoccident.org\/tennis\/wp-json\/wp\/v2\/users\/8"}],"replies":[{"embeddable":true,"href":"https:\/\/edicion.fundacionoccident.org\/tennis\/wp-json\/wp\/v2\/comments?post=7203"}],"version-history":[{"count":3,"href":"https:\/\/edicion.fundacionoccident.org\/tennis\/wp-json\/wp\/v2\/posts\/7203\/revisions"}],"predecessor-version":[{"id":7207,"href":"https:\/\/edicion.fundacionoccident.org\/tennis\/wp-json\/wp\/v2\/posts\/7203\/revisions\/7207"}],"wp:featuredmedia":[{"embeddable":true,"href":"https:\/\/edicion.fundacionoccident.org\/tennis\/wp-json\/wp\/v2\/media\/7204"}],"wp:attachment":[{"href":"https:\/\/edicion.fundacionoccident.org\/tennis\/wp-json\/wp\/v2\/media?parent=7203"}],"wp:term":[{"taxonomy":"category","embeddable":true,"href":"https:\/\/edicion.fundacionoccident.org\/tennis\/wp-json\/wp\/v2\/categories?post=7203"},{"taxonomy":"post_tag","embeddable":true,"href":"https:\/\/edicion.fundacionoccident.org\/tennis\/wp-json\/wp\/v2\/tags?post=7203"}],"curies":[{"name":"wp","href":"https:\/\/api.w.org\/{rel}","templated":true}]}}