{"id":7803,"date":"2022-04-29T19:59:19","date_gmt":"2022-04-29T17:59:19","guid":{"rendered":"https:\/\/edicion.fundacionjesusserra.org\/tennis\/?p=7803"},"modified":"2022-05-16T16:41:51","modified_gmt":"2022-05-16T14:41:51","slug":"paula-badosa-presente-y-futuro-del-tenis-espanol-comparte-una-jornada-con-nuestros-tenistas","status":"publish","type":"post","link":"https:\/\/edicion.fundacionoccident.org\/tennis\/paula-badosa-presente-y-futuro-del-tenis-espanol-comparte-una-jornada-con-nuestros-tenistas","title":{"rendered":"Paula Badosa, presente y futuro del tenis espa\u00f1ol, comparte una jornada con nuestros tenistas"},"content":{"rendered":"<p>Este 28 de abril, se dio cita la tenista del momento <strong>Paula Badosa,<\/strong>\u00a0con nuestros peque\u00f1os ganadores del Meet &amp; Greet que se sorte\u00f3 en el torneo de la edici\u00f3n pasada de la Comunidad de Madrid.<\/p>\n<p>Los agraciados, Sa\u00fal, Daniela, Leana y Jacobo, pudieron disfrutar de un momento \u00fanico con Paula, en el que se llevaron un grato recuerdo de la tenista con fotos y firmas, adem\u00e1s de charlar con ella acerca de su exitosa carrera y los pr\u00f3ximos compromisos deportivos que tiene, en los que parte como favorita indiscutible.<\/p>\n<p>Una tarde que supuso una\u00a0<strong>experiencia que marcar\u00e1 la vida<\/strong>\u00a0de nuestros peque\u00f1os tenistas y que sin duda no olvidar\u00e1n, y de la que se llevan el ejemplo latente de la importancia del trabajo constante y los valores deportivos.<\/p>\n","protected":false},"excerpt":{"rendered":"<p>Este 28 de abril, se dio cita la tenista del momento Paula Badosa,\u00a0con nuestros peque\u00f1os ganadores del Meet &amp; Greet que se sorte\u00f3 en el torneo de la edici\u00f3n pasada de la Comunidad de Madrid. Los agraciados, Sa\u00fal, Daniela, Leana y Jacobo, pudieron disfrutar de&#8230;<\/p>\n","protected":false},"author":18,"featured_media":7795,"comment_status":"closed","ping_status":"closed","sticky":false,"template":"","format":"standard","meta":{"footnotes":"","_links_to":"","_links_to_target":""},"categories":[50],"tags":[],"class_list":["post-7803","post","type-post","status-publish","format-standard","has-post-thumbnail","hentry","category-xtc"],"yoast_head":"<!-- This site is optimized with the Yoast SEO plugin v26.3 - https:\/\/yoast.com\/wordpress\/plugins\/seo\/ -->\n<title>Paula Badosa, presente y futuro del tenis espa\u00f1ol, comparte una jornada con nuestros tenistas - Xpress Tennis Cup<\/title>\n<meta name=\"robots\" content=\"index, follow, max-snippet:-1, max-image-preview:large, max-video-preview:-1\" \/>\n<link rel=\"canonical\" href=\"https:\/\/edicion.fundacionoccident.org\/tennis\/wp-json\/wp\/v2\/posts\/7803\" \/>\n<meta property=\"og:locale\" content=\"es_ES\" \/>\n<meta property=\"og:type\" content=\"article\" \/>\n<meta property=\"og:title\" content=\"Paula Badosa, presente y futuro del tenis espa\u00f1ol, comparte una jornada con nuestros tenistas - Xpress Tennis Cup\" \/>\n<meta property=\"og:description\" content=\"Este 28 de abril, se dio cita la tenista del momento Paula Badosa,\u00a0con nuestros peque\u00f1os ganadores del Meet &amp; Greet que se sorte\u00f3 en el torneo de la edici\u00f3n pasada de la Comunidad de Madrid. Los agraciados, Sa\u00fal, Daniela, Leana y Jacobo, pudieron disfrutar de...\" \/>\n<meta property=\"og:url\" content=\"https:\/\/edicion.fundacionoccident.org\/tennis\/paula-badosa-presente-y-futuro-del-tenis-espanol-comparte-una-jornada-con-nuestros-tenistas\" \/>\n<meta property=\"og:site_name\" content=\"Xpress Tennis Cup\" \/>\n<meta property=\"article:published_time\" content=\"2022-04-29T17:59:19+00:00\" \/>\n<meta property=\"article:modified_time\" content=\"2022-05-16T14:41:51+00:00\" \/>\n<meta property=\"og:image\" content=\"https:\/\/edicion.fundacionoccident.org\/tennis\/wp-content\/uploads\/2022\/04\/IMG_7544-scaled.jpg\" \/>\n\t<meta property=\"og:image:width\" content=\"2560\" \/>\n\t<meta property=\"og:image:height\" content=\"1920\" \/>\n\t<meta property=\"og:image:type\" content=\"image\/jpeg\" \/>\n<meta name=\"author\" content=\"sofia\" \/>\n<meta name=\"twitter:card\" content=\"summary_large_image\" \/>\n<meta name=\"twitter:label1\" content=\"Escrito por\" \/>\n\t<meta name=\"twitter:data1\" content=\"sofia\" \/>\n\t<meta name=\"twitter:label2\" content=\"Tiempo de lectura\" \/>\n\t<meta name=\"twitter:data2\" content=\"1 minuto\" \/>\n<script type=\"application\/ld+json\" class=\"yoast-schema-graph\">{\"@context\":\"https:\/\/schema.org\",\"@graph\":[{\"@type\":\"WebPage\",\"@id\":\"https:\/\/edicion.fundacionoccident.org\/tennis\/paula-badosa-presente-y-futuro-del-tenis-espanol-comparte-una-jornada-con-nuestros-tenistas\",\"url\":\"https:\/\/edicion.fundacionoccident.org\/tennis\/paula-badosa-presente-y-futuro-del-tenis-espanol-comparte-una-jornada-con-nuestros-tenistas\",\"name\":\"Paula Badosa, presente y futuro del tenis espa\u00f1ol, comparte una jornada con nuestros tenistas - Xpress Tennis Cup\",\"isPartOf\":{\"@id\":\"https:\/\/edicion.fundacionoccident.org\/tennis\/#website\"},\"primaryImageOfPage\":{\"@id\":\"https:\/\/edicion.fundacionoccident.org\/tennis\/paula-badosa-presente-y-futuro-del-tenis-espanol-comparte-una-jornada-con-nuestros-tenistas#primaryimage\"},\"image\":{\"@id\":\"https:\/\/edicion.fundacionoccident.org\/tennis\/paula-badosa-presente-y-futuro-del-tenis-espanol-comparte-una-jornada-con-nuestros-tenistas#primaryimage\"},\"thumbnailUrl\":\"https:\/\/edicion.fundacionoccident.org\/tennis\/wp-content\/uploads\/2022\/04\/IMG_7544-scaled.jpg\",\"datePublished\":\"2022-04-29T17:59:19+00:00\",\"dateModified\":\"2022-05-16T14:41:51+00:00\",\"author\":{\"@id\":\"https:\/\/edicion.fundacionoccident.org\/tennis\/#\/schema\/person\/3998ed957eca855b849039b6a942bfea\"},\"breadcrumb\":{\"@id\":\"https:\/\/edicion.fundacionoccident.org\/tennis\/paula-badosa-presente-y-futuro-del-tenis-espanol-comparte-una-jornada-con-nuestros-tenistas#breadcrumb\"},\"inLanguage\":\"es\",\"potentialAction\":[{\"@type\":\"ReadAction\",\"target\":[\"https:\/\/edicion.fundacionoccident.org\/tennis\/paula-badosa-presente-y-futuro-del-tenis-espanol-comparte-una-jornada-con-nuestros-tenistas\"]}]},{\"@type\":\"ImageObject\",\"inLanguage\":\"es\",\"@id\":\"https:\/\/edicion.fundacionoccident.org\/tennis\/paula-badosa-presente-y-futuro-del-tenis-espanol-comparte-una-jornada-con-nuestros-tenistas#primaryimage\",\"url\":\"https:\/\/edicion.fundacionoccident.org\/tennis\/wp-content\/uploads\/2022\/04\/IMG_7544-scaled.jpg\",\"contentUrl\":\"https:\/\/edicion.fundacionoccident.org\/tennis\/wp-content\/uploads\/2022\/04\/IMG_7544-scaled.jpg\",\"width\":2560,\"height\":1920},{\"@type\":\"BreadcrumbList\",\"@id\":\"https:\/\/edicion.fundacionoccident.org\/tennis\/paula-badosa-presente-y-futuro-del-tenis-espanol-comparte-una-jornada-con-nuestros-tenistas#breadcrumb\",\"itemListElement\":[{\"@type\":\"ListItem\",\"position\":1,\"name\":\"Portada\",\"item\":\"https:\/\/edicion.fundacionoccident.org\/tennis\/\"},{\"@type\":\"ListItem\",\"position\":2,\"name\":\"Paula Badosa, presente y futuro del tenis espa\u00f1ol, comparte una jornada con nuestros tenistas\"}]},{\"@type\":\"WebSite\",\"@id\":\"https:\/\/edicion.fundacionoccident.org\/tennis\/#website\",\"url\":\"https:\/\/edicion.fundacionoccident.org\/tennis\/\",\"name\":\"Xpress Tennis Cup\",\"description\":\"Fundaci\u00f3 Jes\u00fas Serra\",\"potentialAction\":[{\"@type\":\"SearchAction\",\"target\":{\"@type\":\"EntryPoint\",\"urlTemplate\":\"https:\/\/edicion.fundacionoccident.org\/tennis\/?s={search_term_string}\"},\"query-input\":{\"@type\":\"PropertyValueSpecification\",\"valueRequired\":true,\"valueName\":\"search_term_string\"}}],\"inLanguage\":\"es\"},{\"@type\":\"Person\",\"@id\":\"https:\/\/edicion.fundacionoccident.org\/tennis\/#\/schema\/person\/3998ed957eca855b849039b6a942bfea\",\"name\":\"sofia\",\"url\":\"https:\/\/edicion.fundacionoccident.org\/tennis\/author\/sofia\"}]}<\/script>\n<!-- \/ Yoast SEO plugin. -->","yoast_head_json":{"title":"Paula Badosa, presente y futuro del tenis espa\u00f1ol, comparte una jornada con nuestros tenistas - Xpress Tennis Cup","robots":{"index":"index","follow":"follow","max-snippet":"max-snippet:-1","max-image-preview":"max-image-preview:large","max-video-preview":"max-video-preview:-1"},"canonical":"https:\/\/edicion.fundacionoccident.org\/tennis\/wp-json\/wp\/v2\/posts\/7803","og_locale":"es_ES","og_type":"article","og_title":"Paula Badosa, presente y futuro del tenis espa\u00f1ol, comparte una jornada con nuestros tenistas - Xpress Tennis Cup","og_description":"Este 28 de abril, se dio cita la tenista del momento Paula Badosa,\u00a0con nuestros peque\u00f1os ganadores del Meet &amp; Greet que se sorte\u00f3 en el torneo de la edici\u00f3n pasada de la Comunidad de Madrid. Los agraciados, Sa\u00fal, Daniela, Leana y Jacobo, pudieron disfrutar de...","og_url":"https:\/\/edicion.fundacionoccident.org\/tennis\/paula-badosa-presente-y-futuro-del-tenis-espanol-comparte-una-jornada-con-nuestros-tenistas","og_site_name":"Xpress Tennis Cup","article_published_time":"2022-04-29T17:59:19+00:00","article_modified_time":"2022-05-16T14:41:51+00:00","og_image":[{"width":2560,"height":1920,"url":"https:\/\/edicion.fundacionoccident.org\/tennis\/wp-content\/uploads\/2022\/04\/IMG_7544-scaled.jpg","type":"image\/jpeg"}],"author":"sofia","twitter_card":"summary_large_image","twitter_misc":{"Escrito por":"sofia","Tiempo de lectura":"1 minuto"},"schema":{"@context":"https:\/\/schema.org","@graph":[{"@type":"WebPage","@id":"https:\/\/edicion.fundacionoccident.org\/tennis\/paula-badosa-presente-y-futuro-del-tenis-espanol-comparte-una-jornada-con-nuestros-tenistas","url":"https:\/\/edicion.fundacionoccident.org\/tennis\/paula-badosa-presente-y-futuro-del-tenis-espanol-comparte-una-jornada-con-nuestros-tenistas","name":"Paula Badosa, presente y futuro del tenis espa\u00f1ol, comparte una jornada con nuestros tenistas - Xpress Tennis Cup","isPartOf":{"@id":"https:\/\/edicion.fundacionoccident.org\/tennis\/#website"},"primaryImageOfPage":{"@id":"https:\/\/edicion.fundacionoccident.org\/tennis\/paula-badosa-presente-y-futuro-del-tenis-espanol-comparte-una-jornada-con-nuestros-tenistas#primaryimage"},"image":{"@id":"https:\/\/edicion.fundacionoccident.org\/tennis\/paula-badosa-presente-y-futuro-del-tenis-espanol-comparte-una-jornada-con-nuestros-tenistas#primaryimage"},"thumbnailUrl":"https:\/\/edicion.fundacionoccident.org\/tennis\/wp-content\/uploads\/2022\/04\/IMG_7544-scaled.jpg","datePublished":"2022-04-29T17:59:19+00:00","dateModified":"2022-05-16T14:41:51+00:00","author":{"@id":"https:\/\/edicion.fundacionoccident.org\/tennis\/#\/schema\/person\/3998ed957eca855b849039b6a942bfea"},"breadcrumb":{"@id":"https:\/\/edicion.fundacionoccident.org\/tennis\/paula-badosa-presente-y-futuro-del-tenis-espanol-comparte-una-jornada-con-nuestros-tenistas#breadcrumb"},"inLanguage":"es","potentialAction":[{"@type":"ReadAction","target":["https:\/\/edicion.fundacionoccident.org\/tennis\/paula-badosa-presente-y-futuro-del-tenis-espanol-comparte-una-jornada-con-nuestros-tenistas"]}]},{"@type":"ImageObject","inLanguage":"es","@id":"https:\/\/edicion.fundacionoccident.org\/tennis\/paula-badosa-presente-y-futuro-del-tenis-espanol-comparte-una-jornada-con-nuestros-tenistas#primaryimage","url":"https:\/\/edicion.fundacionoccident.org\/tennis\/wp-content\/uploads\/2022\/04\/IMG_7544-scaled.jpg","contentUrl":"https:\/\/edicion.fundacionoccident.org\/tennis\/wp-content\/uploads\/2022\/04\/IMG_7544-scaled.jpg","width":2560,"height":1920},{"@type":"BreadcrumbList","@id":"https:\/\/edicion.fundacionoccident.org\/tennis\/paula-badosa-presente-y-futuro-del-tenis-espanol-comparte-una-jornada-con-nuestros-tenistas#breadcrumb","itemListElement":[{"@type":"ListItem","position":1,"name":"Portada","item":"https:\/\/edicion.fundacionoccident.org\/tennis\/"},{"@type":"ListItem","position":2,"name":"Paula Badosa, presente y futuro del tenis espa\u00f1ol, comparte una jornada con nuestros tenistas"}]},{"@type":"WebSite","@id":"https:\/\/edicion.fundacionoccident.org\/tennis\/#website","url":"https:\/\/edicion.fundacionoccident.org\/tennis\/","name":"Xpress Tennis Cup","description":"Fundaci\u00f3 Jes\u00fas Serra","potentialAction":[{"@type":"SearchAction","target":{"@type":"EntryPoint","urlTemplate":"https:\/\/edicion.fundacionoccident.org\/tennis\/?s={search_term_string}"},"query-input":{"@type":"PropertyValueSpecification","valueRequired":true,"valueName":"search_term_string"}}],"inLanguage":"es"},{"@type":"Person","@id":"https:\/\/edicion.fundacionoccident.org\/tennis\/#\/schema\/person\/3998ed957eca855b849039b6a942bfea","name":"sofia","url":"https:\/\/edicion.fundacionoccident.org\/tennis\/author\/sofia"}]}},"_links":{"self":[{"href":"https:\/\/edicion.fundacionoccident.org\/tennis\/wp-json\/wp\/v2\/posts\/7803","targetHints":{"allow":["GET"]}}],"collection":[{"href":"https:\/\/edicion.fundacionoccident.org\/tennis\/wp-json\/wp\/v2\/posts"}],"about":[{"href":"https:\/\/edicion.fundacionoccident.org\/tennis\/wp-json\/wp\/v2\/types\/post"}],"author":[{"embeddable":true,"href":"https:\/\/edicion.fundacionoccident.org\/tennis\/wp-json\/wp\/v2\/users\/18"}],"replies":[{"embeddable":true,"href":"https:\/\/edicion.fundacionoccident.org\/tennis\/wp-json\/wp\/v2\/comments?post=7803"}],"version-history":[{"count":1,"href":"https:\/\/edicion.fundacionoccident.org\/tennis\/wp-json\/wp\/v2\/posts\/7803\/revisions"}],"predecessor-version":[{"id":7804,"href":"https:\/\/edicion.fundacionoccident.org\/tennis\/wp-json\/wp\/v2\/posts\/7803\/revisions\/7804"}],"wp:featuredmedia":[{"embeddable":true,"href":"https:\/\/edicion.fundacionoccident.org\/tennis\/wp-json\/wp\/v2\/media\/7795"}],"wp:attachment":[{"href":"https:\/\/edicion.fundacionoccident.org\/tennis\/wp-json\/wp\/v2\/media?parent=7803"}],"wp:term":[{"taxonomy":"category","embeddable":true,"href":"https:\/\/edicion.fundacionoccident.org\/tennis\/wp-json\/wp\/v2\/categories?post=7803"},{"taxonomy":"post_tag","embeddable":true,"href":"https:\/\/edicion.fundacionoccident.org\/tennis\/wp-json\/wp\/v2\/tags?post=7803"}],"curies":[{"name":"wp","href":"https:\/\/api.w.org\/{rel}","templated":true}]}}