{"id":7838,"date":"2022-05-16T16:49:00","date_gmt":"2022-05-16T14:49:00","guid":{"rendered":"https:\/\/edicion.fundacionjesusserra.org\/tennis\/?p=7838"},"modified":"2022-05-16T16:54:38","modified_gmt":"2022-05-16T14:54:38","slug":"la-xpress-tennis-cup-vuelve-a-reunir-a-las-promesas-del-tenis-castellonense","status":"publish","type":"post","link":"https:\/\/edicion.fundacionoccident.org\/tennis\/la-xpress-tennis-cup-vuelve-a-reunir-a-las-promesas-del-tenis-castellonense","title":{"rendered":"La Xpress Tennis Cup vuelve a reunir a las promesas del tenis castellonense"},"content":{"rendered":"<p><strong>La fiesta del tenis base retorna a Castell\u00f3n con una notable implicaci\u00f3n de clubes y peque\u00f1os tenistas. Los jugadores del CT Castell\u00f3n, CT Benicarl\u00f3, CT Almassora, CT Fair Play Benicarl\u00f3, CD Solmar y CT Torremar, disfrutaron de una gran jornada ten\u00edstica en un contexto envidiable. <\/strong><\/p>\n<p>El torneo desarrollado por la\u00a0<a href=\"https:\/\/www.fundacionoccident.org\/\"><strong>Fundaci\u00f3n Jes\u00fas Serra<\/strong><\/a>, de\u00a0<strong>Grupo Catalana Occidente<\/strong>, con la ya inestimable colaboraci\u00f3n de la firma deportiva\u00a0<strong>Wilson<\/strong>, volvi\u00f3 a tierras castellonenses el pasado s\u00e1bado con la prueba que se disput\u00f3 en el m\u00edtico CT Castell\u00f3n y ha vuelto a demostrar que la competici\u00f3n es una referencia en el territorio, y asegura diversi\u00f3n y aprendizaje para los j\u00f3venes tenistas.<\/p>\n<p><strong>Gran nivel e ilusi\u00f3n en las pistas<\/strong><\/p>\n<p>Han participado 26 equipos y m\u00e1s de 120 tenistas en esta fase de Castell\u00f3n, clasificatoria para la\u00a0<a href=\"https:\/\/www.fundacionoccident.org\/xpress-tennis-cup\/comunidad-valenciana\">Gran Final de Comunidad Valenciana\u00a0<\/a>que tendr\u00e1 lugar el pr\u00f3ximo 29 de mayo en Valencia.<\/p>\n<p>La jornada destac\u00f3 por la ilusi\u00f3n de todos l@s tenistas de volver a disputar un torneo que ya est\u00e1 consolidado en la provincia, y del que llevan disfrutando desde categor\u00edas inferiores. Y, a pesar de las elevadas temperaturas, el tenis fue, como siempre, el principal foco de atenci\u00f3n y alegr\u00eda para deportistas y asistentes.<\/p>\n<p>Como viene siendo prioritario, los participantes compitieron bajo los valores del esfuerzo, trabajo en equipo y respeto en las pistas. Y, adem\u00e1s, gozaron de un village con actividades amenizadoras entre partidos como las raquetas gigantes, mini ping-pong, tritennis y el pinta cuerdas, entre otros.<\/p>\n<p><strong>Cuadro de honor<\/strong><\/p>\n<p>A continuaci\u00f3n, se detallan todos los ganadores\/as y finalistas de las diferentes categor\u00edas y modalidades, que adem\u00e1s han obtenido una plaza para la Gran Final de Catalunya.<\/p>\n<p style=\"text-align: center;\"><strong>Categor\u00eda Sub-10 Femenino<\/strong><br \/>\nGanador: CT Castell\u00f3n \u201cA\u201d<br \/>\nFinalista: CT Castell\u00f3n \u201cB\u201d<\/p>\n<p style=\"text-align: center;\"><strong>Categor\u00eda Sub-10 Masculino<\/strong><br \/>\nGanador: CT Almassora<br \/>\nFinalista: CD Solmar<\/p>\n<p style=\"text-align: center;\"><strong>Categor\u00eda Sub-12 Femenino<\/strong><br \/>\nGanador: CT Castell\u00f3n<br \/>\nFinalista: CT Benicarl\u00f3<\/p>\n<p style=\"text-align: center;\"><strong>Categor\u00eda Sub-12 Masculino<\/strong><br \/>\nGanador: CD Solmar<br \/>\nFinalista: CT Fair Play Benicarl\u00f3 \u201cA\u201d<\/p>\n<p style=\"text-align: center;\"><strong>Categor\u00eda Minitenis<\/strong><br \/>\nFormato no competitivo sin diferenciar clasificaci\u00f3n.<br \/>\nTodos los participantes recibieron una medalla.<\/p>\n<p><strong>\u00a0<\/strong><\/p>\n<p><strong>Agradecimientos<\/strong><\/p>\n<p>Agradecemos el compromiso y la participaci\u00f3n de todos los equipos, y la colaboraci\u00f3n y acogida del\u00a0<strong>Club de Tenis Castell\u00f3n<\/strong>.<\/p>\n","protected":false},"excerpt":{"rendered":"<p>La fiesta del tenis base retorna a Castell\u00f3n con una notable implicaci\u00f3n de clubes y peque\u00f1os tenistas. Los jugadores del CT Castell\u00f3n, CT Benicarl\u00f3, CT Almassora, CT Fair Play Benicarl\u00f3, CD Solmar y CT Torremar, disfrutaron de una gran jornada ten\u00edstica en un contexto envidiable&#8230;.<\/p>\n","protected":false},"author":21,"featured_media":7839,"comment_status":"closed","ping_status":"closed","sticky":false,"template":"","format":"standard","meta":{"footnotes":"","_links_to":"","_links_to_target":""},"categories":[50],"tags":[],"class_list":["post-7838","post","type-post","status-publish","format-standard","has-post-thumbnail","hentry","category-xtc"],"yoast_head":"<!-- This site is optimized with the Yoast SEO plugin v26.3 - https:\/\/yoast.com\/wordpress\/plugins\/seo\/ -->\n<title>La Xpress Tennis Cup vuelve a reunir a las promesas del tenis castellonense - Xpress Tennis Cup<\/title>\n<meta name=\"robots\" content=\"index, follow, max-snippet:-1, max-image-preview:large, max-video-preview:-1\" \/>\n<link rel=\"canonical\" href=\"https:\/\/edicion.fundacionoccident.org\/tennis\/wp-json\/wp\/v2\/posts\/7838\" \/>\n<meta property=\"og:locale\" content=\"es_ES\" \/>\n<meta property=\"og:type\" content=\"article\" \/>\n<meta property=\"og:title\" content=\"La Xpress Tennis Cup vuelve a reunir a las promesas del tenis castellonense - Xpress Tennis Cup\" \/>\n<meta property=\"og:description\" content=\"La fiesta del tenis base retorna a Castell\u00f3n con una notable implicaci\u00f3n de clubes y peque\u00f1os tenistas. Los jugadores del CT Castell\u00f3n, CT Benicarl\u00f3, CT Almassora, CT Fair Play Benicarl\u00f3, CD Solmar y CT Torremar, disfrutaron de una gran jornada ten\u00edstica en un contexto envidiable....\" \/>\n<meta property=\"og:url\" content=\"https:\/\/edicion.fundacionoccident.org\/tennis\/la-xpress-tennis-cup-vuelve-a-reunir-a-las-promesas-del-tenis-castellonense\" \/>\n<meta property=\"og:site_name\" content=\"Xpress Tennis Cup\" \/>\n<meta property=\"article:published_time\" content=\"2022-05-16T14:49:00+00:00\" \/>\n<meta property=\"article:modified_time\" content=\"2022-05-16T14:54:38+00:00\" \/>\n<meta property=\"og:image\" content=\"https:\/\/edicion.fundacionoccident.org\/tennis\/wp-content\/uploads\/2022\/05\/Castellon-3.jpg\" \/>\n\t<meta property=\"og:image:width\" content=\"1600\" \/>\n\t<meta property=\"og:image:height\" content=\"1067\" \/>\n\t<meta property=\"og:image:type\" content=\"image\/jpeg\" \/>\n<meta name=\"author\" content=\"Andrea Tapia\" \/>\n<meta name=\"twitter:card\" content=\"summary_large_image\" \/>\n<meta name=\"twitter:label1\" content=\"Escrito por\" \/>\n\t<meta name=\"twitter:data1\" content=\"Andrea Tapia\" \/>\n\t<meta name=\"twitter:label2\" content=\"Tiempo de lectura\" \/>\n\t<meta name=\"twitter:data2\" content=\"2 minutos\" \/>\n<script type=\"application\/ld+json\" class=\"yoast-schema-graph\">{\"@context\":\"https:\/\/schema.org\",\"@graph\":[{\"@type\":\"WebPage\",\"@id\":\"https:\/\/edicion.fundacionoccident.org\/tennis\/la-xpress-tennis-cup-vuelve-a-reunir-a-las-promesas-del-tenis-castellonense\",\"url\":\"https:\/\/edicion.fundacionoccident.org\/tennis\/la-xpress-tennis-cup-vuelve-a-reunir-a-las-promesas-del-tenis-castellonense\",\"name\":\"La Xpress Tennis Cup vuelve a reunir a las promesas del tenis castellonense - Xpress Tennis Cup\",\"isPartOf\":{\"@id\":\"https:\/\/edicion.fundacionoccident.org\/tennis\/#website\"},\"primaryImageOfPage\":{\"@id\":\"https:\/\/edicion.fundacionoccident.org\/tennis\/la-xpress-tennis-cup-vuelve-a-reunir-a-las-promesas-del-tenis-castellonense#primaryimage\"},\"image\":{\"@id\":\"https:\/\/edicion.fundacionoccident.org\/tennis\/la-xpress-tennis-cup-vuelve-a-reunir-a-las-promesas-del-tenis-castellonense#primaryimage\"},\"thumbnailUrl\":\"https:\/\/edicion.fundacionoccident.org\/tennis\/wp-content\/uploads\/2022\/05\/Castellon-3.jpg\",\"datePublished\":\"2022-05-16T14:49:00+00:00\",\"dateModified\":\"2022-05-16T14:54:38+00:00\",\"author\":{\"@id\":\"https:\/\/edicion.fundacionoccident.org\/tennis\/#\/schema\/person\/a0890376bcf3644578d83b36ed3818c6\"},\"breadcrumb\":{\"@id\":\"https:\/\/edicion.fundacionoccident.org\/tennis\/la-xpress-tennis-cup-vuelve-a-reunir-a-las-promesas-del-tenis-castellonense#breadcrumb\"},\"inLanguage\":\"es\",\"potentialAction\":[{\"@type\":\"ReadAction\",\"target\":[\"https:\/\/edicion.fundacionoccident.org\/tennis\/la-xpress-tennis-cup-vuelve-a-reunir-a-las-promesas-del-tenis-castellonense\"]}]},{\"@type\":\"ImageObject\",\"inLanguage\":\"es\",\"@id\":\"https:\/\/edicion.fundacionoccident.org\/tennis\/la-xpress-tennis-cup-vuelve-a-reunir-a-las-promesas-del-tenis-castellonense#primaryimage\",\"url\":\"https:\/\/edicion.fundacionoccident.org\/tennis\/wp-content\/uploads\/2022\/05\/Castellon-3.jpg\",\"contentUrl\":\"https:\/\/edicion.fundacionoccident.org\/tennis\/wp-content\/uploads\/2022\/05\/Castellon-3.jpg\",\"width\":1600,\"height\":1067},{\"@type\":\"BreadcrumbList\",\"@id\":\"https:\/\/edicion.fundacionoccident.org\/tennis\/la-xpress-tennis-cup-vuelve-a-reunir-a-las-promesas-del-tenis-castellonense#breadcrumb\",\"itemListElement\":[{\"@type\":\"ListItem\",\"position\":1,\"name\":\"Portada\",\"item\":\"https:\/\/edicion.fundacionoccident.org\/tennis\/\"},{\"@type\":\"ListItem\",\"position\":2,\"name\":\"La Xpress Tennis Cup vuelve a reunir a las promesas del tenis castellonense\"}]},{\"@type\":\"WebSite\",\"@id\":\"https:\/\/edicion.fundacionoccident.org\/tennis\/#website\",\"url\":\"https:\/\/edicion.fundacionoccident.org\/tennis\/\",\"name\":\"Xpress Tennis Cup\",\"description\":\"Fundaci\u00f3 Jes\u00fas Serra\",\"potentialAction\":[{\"@type\":\"SearchAction\",\"target\":{\"@type\":\"EntryPoint\",\"urlTemplate\":\"https:\/\/edicion.fundacionoccident.org\/tennis\/?s={search_term_string}\"},\"query-input\":{\"@type\":\"PropertyValueSpecification\",\"valueRequired\":true,\"valueName\":\"search_term_string\"}}],\"inLanguage\":\"es\"},{\"@type\":\"Person\",\"@id\":\"https:\/\/edicion.fundacionoccident.org\/tennis\/#\/schema\/person\/a0890376bcf3644578d83b36ed3818c6\",\"name\":\"Andrea Tapia\",\"url\":\"https:\/\/edicion.fundacionoccident.org\/tennis\/author\/andrea-tapia\"}]}<\/script>\n<!-- \/ Yoast SEO plugin. -->","yoast_head_json":{"title":"La Xpress Tennis Cup vuelve a reunir a las promesas del tenis castellonense - Xpress Tennis Cup","robots":{"index":"index","follow":"follow","max-snippet":"max-snippet:-1","max-image-preview":"max-image-preview:large","max-video-preview":"max-video-preview:-1"},"canonical":"https:\/\/edicion.fundacionoccident.org\/tennis\/wp-json\/wp\/v2\/posts\/7838","og_locale":"es_ES","og_type":"article","og_title":"La Xpress Tennis Cup vuelve a reunir a las promesas del tenis castellonense - Xpress Tennis Cup","og_description":"La fiesta del tenis base retorna a Castell\u00f3n con una notable implicaci\u00f3n de clubes y peque\u00f1os tenistas. Los jugadores del CT Castell\u00f3n, CT Benicarl\u00f3, CT Almassora, CT Fair Play Benicarl\u00f3, CD Solmar y CT Torremar, disfrutaron de una gran jornada ten\u00edstica en un contexto envidiable....","og_url":"https:\/\/edicion.fundacionoccident.org\/tennis\/la-xpress-tennis-cup-vuelve-a-reunir-a-las-promesas-del-tenis-castellonense","og_site_name":"Xpress Tennis Cup","article_published_time":"2022-05-16T14:49:00+00:00","article_modified_time":"2022-05-16T14:54:38+00:00","og_image":[{"width":1600,"height":1067,"url":"https:\/\/edicion.fundacionoccident.org\/tennis\/wp-content\/uploads\/2022\/05\/Castellon-3.jpg","type":"image\/jpeg"}],"author":"Andrea Tapia","twitter_card":"summary_large_image","twitter_misc":{"Escrito por":"Andrea Tapia","Tiempo de lectura":"2 minutos"},"schema":{"@context":"https:\/\/schema.org","@graph":[{"@type":"WebPage","@id":"https:\/\/edicion.fundacionoccident.org\/tennis\/la-xpress-tennis-cup-vuelve-a-reunir-a-las-promesas-del-tenis-castellonense","url":"https:\/\/edicion.fundacionoccident.org\/tennis\/la-xpress-tennis-cup-vuelve-a-reunir-a-las-promesas-del-tenis-castellonense","name":"La Xpress Tennis Cup vuelve a reunir a las promesas del tenis castellonense - Xpress Tennis Cup","isPartOf":{"@id":"https:\/\/edicion.fundacionoccident.org\/tennis\/#website"},"primaryImageOfPage":{"@id":"https:\/\/edicion.fundacionoccident.org\/tennis\/la-xpress-tennis-cup-vuelve-a-reunir-a-las-promesas-del-tenis-castellonense#primaryimage"},"image":{"@id":"https:\/\/edicion.fundacionoccident.org\/tennis\/la-xpress-tennis-cup-vuelve-a-reunir-a-las-promesas-del-tenis-castellonense#primaryimage"},"thumbnailUrl":"https:\/\/edicion.fundacionoccident.org\/tennis\/wp-content\/uploads\/2022\/05\/Castellon-3.jpg","datePublished":"2022-05-16T14:49:00+00:00","dateModified":"2022-05-16T14:54:38+00:00","author":{"@id":"https:\/\/edicion.fundacionoccident.org\/tennis\/#\/schema\/person\/a0890376bcf3644578d83b36ed3818c6"},"breadcrumb":{"@id":"https:\/\/edicion.fundacionoccident.org\/tennis\/la-xpress-tennis-cup-vuelve-a-reunir-a-las-promesas-del-tenis-castellonense#breadcrumb"},"inLanguage":"es","potentialAction":[{"@type":"ReadAction","target":["https:\/\/edicion.fundacionoccident.org\/tennis\/la-xpress-tennis-cup-vuelve-a-reunir-a-las-promesas-del-tenis-castellonense"]}]},{"@type":"ImageObject","inLanguage":"es","@id":"https:\/\/edicion.fundacionoccident.org\/tennis\/la-xpress-tennis-cup-vuelve-a-reunir-a-las-promesas-del-tenis-castellonense#primaryimage","url":"https:\/\/edicion.fundacionoccident.org\/tennis\/wp-content\/uploads\/2022\/05\/Castellon-3.jpg","contentUrl":"https:\/\/edicion.fundacionoccident.org\/tennis\/wp-content\/uploads\/2022\/05\/Castellon-3.jpg","width":1600,"height":1067},{"@type":"BreadcrumbList","@id":"https:\/\/edicion.fundacionoccident.org\/tennis\/la-xpress-tennis-cup-vuelve-a-reunir-a-las-promesas-del-tenis-castellonense#breadcrumb","itemListElement":[{"@type":"ListItem","position":1,"name":"Portada","item":"https:\/\/edicion.fundacionoccident.org\/tennis\/"},{"@type":"ListItem","position":2,"name":"La Xpress Tennis Cup vuelve a reunir a las promesas del tenis castellonense"}]},{"@type":"WebSite","@id":"https:\/\/edicion.fundacionoccident.org\/tennis\/#website","url":"https:\/\/edicion.fundacionoccident.org\/tennis\/","name":"Xpress Tennis Cup","description":"Fundaci\u00f3 Jes\u00fas Serra","potentialAction":[{"@type":"SearchAction","target":{"@type":"EntryPoint","urlTemplate":"https:\/\/edicion.fundacionoccident.org\/tennis\/?s={search_term_string}"},"query-input":{"@type":"PropertyValueSpecification","valueRequired":true,"valueName":"search_term_string"}}],"inLanguage":"es"},{"@type":"Person","@id":"https:\/\/edicion.fundacionoccident.org\/tennis\/#\/schema\/person\/a0890376bcf3644578d83b36ed3818c6","name":"Andrea Tapia","url":"https:\/\/edicion.fundacionoccident.org\/tennis\/author\/andrea-tapia"}]}},"_links":{"self":[{"href":"https:\/\/edicion.fundacionoccident.org\/tennis\/wp-json\/wp\/v2\/posts\/7838","targetHints":{"allow":["GET"]}}],"collection":[{"href":"https:\/\/edicion.fundacionoccident.org\/tennis\/wp-json\/wp\/v2\/posts"}],"about":[{"href":"https:\/\/edicion.fundacionoccident.org\/tennis\/wp-json\/wp\/v2\/types\/post"}],"author":[{"embeddable":true,"href":"https:\/\/edicion.fundacionoccident.org\/tennis\/wp-json\/wp\/v2\/users\/21"}],"replies":[{"embeddable":true,"href":"https:\/\/edicion.fundacionoccident.org\/tennis\/wp-json\/wp\/v2\/comments?post=7838"}],"version-history":[{"count":4,"href":"https:\/\/edicion.fundacionoccident.org\/tennis\/wp-json\/wp\/v2\/posts\/7838\/revisions"}],"predecessor-version":[{"id":7853,"href":"https:\/\/edicion.fundacionoccident.org\/tennis\/wp-json\/wp\/v2\/posts\/7838\/revisions\/7853"}],"wp:featuredmedia":[{"embeddable":true,"href":"https:\/\/edicion.fundacionoccident.org\/tennis\/wp-json\/wp\/v2\/media\/7839"}],"wp:attachment":[{"href":"https:\/\/edicion.fundacionoccident.org\/tennis\/wp-json\/wp\/v2\/media?parent=7838"}],"wp:term":[{"taxonomy":"category","embeddable":true,"href":"https:\/\/edicion.fundacionoccident.org\/tennis\/wp-json\/wp\/v2\/categories?post=7838"},{"taxonomy":"post_tag","embeddable":true,"href":"https:\/\/edicion.fundacionoccident.org\/tennis\/wp-json\/wp\/v2\/tags?post=7838"}],"curies":[{"name":"wp","href":"https:\/\/api.w.org\/{rel}","templated":true}]}}