{"id":7879,"date":"2022-05-31T09:39:54","date_gmt":"2022-05-31T07:39:54","guid":{"rendered":"https:\/\/edicion.fundacionjesusserra.org\/tennis\/?p=7879"},"modified":"2022-05-31T09:39:54","modified_gmt":"2022-05-31T07:39:54","slug":"el-circuito-de-la-comunidad-valenciana-de-nuevo-un-exito-para-el-fomento-del-tenis-base","status":"publish","type":"post","link":"https:\/\/edicion.fundacionoccident.org\/tennis\/el-circuito-de-la-comunidad-valenciana-de-nuevo-un-exito-para-el-fomento-del-tenis-base","title":{"rendered":"El Circuito de la Comunidad Valenciana, de nuevo un \u00e9xito para el fomento del tenis base"},"content":{"rendered":"<p><strong>Valencia alberg\u00f3 este pasado fin de semana la \u00faltima fase provincial del circuito valenciano (s\u00e1bado) y la Gran Final de la Comunidad Valenciana (domingo), que arranc\u00f3 a principios de mes con las pruebas de Alicante y Castell\u00f3n.<\/strong><\/p>\n<p>El circuito de la Comunidad Valenciana ha finalizado y, una vez m\u00e1s, ha brillado el \u00e9xito de participaci\u00f3n y el compromiso de los clubes con la competici\u00f3n, adem\u00e1s de la predisposici\u00f3n y su actitud durante esta fiesta del tenis base. Por ello, desde la organizaci\u00f3n del Xpress Tennis Cup de \u00a0<a href=\"https:\/\/www.fundacionoccident.org\/\">Fundaci\u00f3n Jes\u00fas Serra<\/a><u>,<\/u>\u00a0estamos realmente satisfechos con los resultados que a\u00f1o tras a\u00f1o se observan en este territorio, que ya es una cita indispensable para los participantes, y sin duda ofrece un contexto envidiable para el fomento de los valores deportivos que este torneo proyecta.<\/p>\n<p><strong>Fase provincial Valencia<\/strong><\/p>\n<p><strong>\u00a0<\/strong>Ya en la cuarta edici\u00f3n del circuito valenciano, el\u00a0<strong>Club Espa\u00f1ol de Tenis fue de nuevo club sede<\/strong>, y puso a disposici\u00f3n de los peque\u00f1os tenistas sus magn\u00edficas instalaciones para la celebraci\u00f3n de un torneo que, como siempre, ofreci\u00f3 un gran nivel ten\u00edstico, y en las pistas se puso de manifiesto la deportividad y el juego en equipo.\u00a0<strong>El CT Camp Bixquert, Monasterios, CT Las Vegas, CT Puig, Sporting CT, Caxton College, GTennis Academy, y el Club Espa\u00f1ol de Tenis <\/strong>fueron los clubs participantes en una jornada acompa\u00f1ada por las altas temperaturas y una<strong> asistencia que super\u00f3 los 200 participantes.<\/strong><\/p>\n<p><strong>Cuadro de Honor<\/strong><\/p>\n<p>Equipos ganadores\/as y finalistas de las diferentes categor\u00edas y modalidades que obtuvieron una plaza para la Gran Final de Valencia.<\/p>\n<p style=\"text-align: center;\"><strong>Categor\u00eda Sub-10 Femenino<\/strong><br \/>\nGanador: Club Espa\u00f1ol de Tenis<br \/>\nFinalista: Sporting CT<\/p>\n<p style=\"text-align: center;\"><strong>Categor\u00eda Sub-10 Masculino<\/strong><br \/>\nGanador: Sporting CT<br \/>\nFinalista: Club Espa\u00f1ol de Tenis<\/p>\n<p style=\"text-align: center;\"><strong>Categor\u00eda Sub-12 Femenino<\/strong><br \/>\nGanador: CT Las Vegas<br \/>\nFinalista: Club Espa\u00f1ol de Tenis<\/p>\n<p style=\"text-align: center;\"><strong>Categor\u00eda Sub-12 Masculino<\/strong><br \/>\nGanador: Caxton College<br \/>\nFinalista: CT Las Vegas<\/p>\n<p style=\"text-align: center;\"><strong>Categor\u00eda Minitenis<br \/>\n<\/strong>Formato no competitivo.<br \/>\nTodos los participantes recibieron una medalla.<\/p>\n<p style=\"text-align: center;\">\n<p><strong>Gran Final Comunidad Valenciana<\/strong><\/p>\n<p>El circuito de la Comunidad Valenciana culmin\u00f3 el domingo en una final intrigante que enfrent\u00f3 a los mejores equipos de cada categor\u00eda en las fases de Alicante, Castell\u00f3n y Valencia.<\/p>\n<p><strong>Cuadro de Honor<\/strong><\/p>\n<p>Todos los ganadores\/as y finalistas de las diferentes categor\u00edas y modalidades<\/p>\n<p style=\"text-align: center;\"><strong>Categor\u00eda Sub-10 Femenino<\/strong><br \/>\nGanador: CT Fair Play Benicarl\u00f3<br \/>\nFinalista: Club Espa\u00f1ol de Tenis<\/p>\n<p style=\"text-align: center;\"><strong>Categor\u00eda Sub-10 Masculino<\/strong><br \/>\nGanador: Equelite Academy<br \/>\nFinalista: CT Almassora<\/p>\n<p style=\"text-align: center;\"><strong>Categor\u00eda Sub-12 Femenino<\/strong><br \/>\nGanador: CT Torrevieja<br \/>\nFinalista: CD Solmar<\/p>\n<p style=\"text-align: center;\"><strong>Categor\u00eda Sub-12 Masculino<\/strong><br \/>\nGanador: Club Espa\u00f1ol de Tenis<br \/>\nFinalista: CT Fair Play Benicarl\u00f3<\/p>\n<p>&nbsp;<\/p>\n<p><strong>Agradecimientos<\/strong><\/p>\n<p>Desde la organizaci\u00f3n de Xpress Tennis Cup, nos gustar\u00eda dar las gracias a los clubs, familiares y colaboradores, as\u00ed como al Club Espa\u00f1ol de Tenis, por seguir confiando en la realizaci\u00f3n del torneo y fomentar el tenis base y sus valores.<\/p>\n<p><strong>\u00a1Nos vemos en la pr\u00f3xima edici\u00f3n!<\/strong><\/p>\n","protected":false},"excerpt":{"rendered":"<p>Valencia alberg\u00f3 este pasado fin de semana la \u00faltima fase provincial del circuito valenciano (s\u00e1bado) y la Gran Final de la Comunidad Valenciana (domingo), que arranc\u00f3 a principios de mes con las pruebas de Alicante y Castell\u00f3n. El circuito de la Comunidad Valenciana ha finalizado&#8230;<\/p>\n","protected":false},"author":21,"featured_media":7880,"comment_status":"closed","ping_status":"closed","sticky":false,"template":"","format":"standard","meta":{"footnotes":"","_links_to":"","_links_to_target":""},"categories":[50],"tags":[],"class_list":["post-7879","post","type-post","status-publish","format-standard","has-post-thumbnail","hentry","category-xtc"],"yoast_head":"<!-- This site is optimized with the Yoast SEO plugin v26.3 - https:\/\/yoast.com\/wordpress\/plugins\/seo\/ -->\n<title>El Circuito de la Comunidad Valenciana, de nuevo un \u00e9xito para el fomento del tenis base - Xpress Tennis Cup<\/title>\n<meta name=\"robots\" content=\"index, follow, max-snippet:-1, max-image-preview:large, max-video-preview:-1\" \/>\n<link rel=\"canonical\" href=\"https:\/\/edicion.fundacionoccident.org\/tennis\/wp-json\/wp\/v2\/posts\/7879\" \/>\n<meta property=\"og:locale\" content=\"es_ES\" \/>\n<meta property=\"og:type\" content=\"article\" \/>\n<meta property=\"og:title\" content=\"El Circuito de la Comunidad Valenciana, de nuevo un \u00e9xito para el fomento del tenis base - Xpress Tennis Cup\" \/>\n<meta property=\"og:description\" content=\"Valencia alberg\u00f3 este pasado fin de semana la \u00faltima fase provincial del circuito valenciano (s\u00e1bado) y la Gran Final de la Comunidad Valenciana (domingo), que arranc\u00f3 a principios de mes con las pruebas de Alicante y Castell\u00f3n. El circuito de la Comunidad Valenciana ha finalizado...\" \/>\n<meta property=\"og:url\" content=\"https:\/\/edicion.fundacionoccident.org\/tennis\/el-circuito-de-la-comunidad-valenciana-de-nuevo-un-exito-para-el-fomento-del-tenis-base\" \/>\n<meta property=\"og:site_name\" content=\"Xpress Tennis Cup\" \/>\n<meta property=\"article:published_time\" content=\"2022-05-31T07:39:54+00:00\" \/>\n<meta property=\"og:image\" content=\"https:\/\/edicion.fundacionoccident.org\/tennis\/wp-content\/uploads\/2022\/05\/valencia_CONLOGO-241.jpg\" \/>\n\t<meta property=\"og:image:width\" content=\"1600\" \/>\n\t<meta property=\"og:image:height\" content=\"1067\" \/>\n\t<meta property=\"og:image:type\" content=\"image\/jpeg\" \/>\n<meta name=\"author\" content=\"Andrea Tapia\" \/>\n<meta name=\"twitter:card\" content=\"summary_large_image\" \/>\n<meta name=\"twitter:label1\" content=\"Escrito por\" \/>\n\t<meta name=\"twitter:data1\" content=\"Andrea Tapia\" \/>\n\t<meta name=\"twitter:label2\" content=\"Tiempo de lectura\" \/>\n\t<meta name=\"twitter:data2\" content=\"2 minutos\" \/>\n<script type=\"application\/ld+json\" class=\"yoast-schema-graph\">{\"@context\":\"https:\/\/schema.org\",\"@graph\":[{\"@type\":\"WebPage\",\"@id\":\"https:\/\/edicion.fundacionoccident.org\/tennis\/el-circuito-de-la-comunidad-valenciana-de-nuevo-un-exito-para-el-fomento-del-tenis-base\",\"url\":\"https:\/\/edicion.fundacionoccident.org\/tennis\/el-circuito-de-la-comunidad-valenciana-de-nuevo-un-exito-para-el-fomento-del-tenis-base\",\"name\":\"El Circuito de la Comunidad Valenciana, de nuevo un \u00e9xito para el fomento del tenis base - Xpress Tennis Cup\",\"isPartOf\":{\"@id\":\"https:\/\/edicion.fundacionoccident.org\/tennis\/#website\"},\"primaryImageOfPage\":{\"@id\":\"https:\/\/edicion.fundacionoccident.org\/tennis\/el-circuito-de-la-comunidad-valenciana-de-nuevo-un-exito-para-el-fomento-del-tenis-base#primaryimage\"},\"image\":{\"@id\":\"https:\/\/edicion.fundacionoccident.org\/tennis\/el-circuito-de-la-comunidad-valenciana-de-nuevo-un-exito-para-el-fomento-del-tenis-base#primaryimage\"},\"thumbnailUrl\":\"https:\/\/edicion.fundacionoccident.org\/tennis\/wp-content\/uploads\/2022\/05\/valencia_CONLOGO-241.jpg\",\"datePublished\":\"2022-05-31T07:39:54+00:00\",\"author\":{\"@id\":\"https:\/\/edicion.fundacionoccident.org\/tennis\/#\/schema\/person\/a0890376bcf3644578d83b36ed3818c6\"},\"breadcrumb\":{\"@id\":\"https:\/\/edicion.fundacionoccident.org\/tennis\/el-circuito-de-la-comunidad-valenciana-de-nuevo-un-exito-para-el-fomento-del-tenis-base#breadcrumb\"},\"inLanguage\":\"es\",\"potentialAction\":[{\"@type\":\"ReadAction\",\"target\":[\"https:\/\/edicion.fundacionoccident.org\/tennis\/el-circuito-de-la-comunidad-valenciana-de-nuevo-un-exito-para-el-fomento-del-tenis-base\"]}]},{\"@type\":\"ImageObject\",\"inLanguage\":\"es\",\"@id\":\"https:\/\/edicion.fundacionoccident.org\/tennis\/el-circuito-de-la-comunidad-valenciana-de-nuevo-un-exito-para-el-fomento-del-tenis-base#primaryimage\",\"url\":\"https:\/\/edicion.fundacionoccident.org\/tennis\/wp-content\/uploads\/2022\/05\/valencia_CONLOGO-241.jpg\",\"contentUrl\":\"https:\/\/edicion.fundacionoccident.org\/tennis\/wp-content\/uploads\/2022\/05\/valencia_CONLOGO-241.jpg\",\"width\":1600,\"height\":1067},{\"@type\":\"BreadcrumbList\",\"@id\":\"https:\/\/edicion.fundacionoccident.org\/tennis\/el-circuito-de-la-comunidad-valenciana-de-nuevo-un-exito-para-el-fomento-del-tenis-base#breadcrumb\",\"itemListElement\":[{\"@type\":\"ListItem\",\"position\":1,\"name\":\"Portada\",\"item\":\"https:\/\/edicion.fundacionoccident.org\/tennis\/\"},{\"@type\":\"ListItem\",\"position\":2,\"name\":\"El Circuito de la Comunidad Valenciana, de nuevo un \u00e9xito para el fomento del tenis base\"}]},{\"@type\":\"WebSite\",\"@id\":\"https:\/\/edicion.fundacionoccident.org\/tennis\/#website\",\"url\":\"https:\/\/edicion.fundacionoccident.org\/tennis\/\",\"name\":\"Xpress Tennis Cup\",\"description\":\"Fundaci\u00f3 Jes\u00fas Serra\",\"potentialAction\":[{\"@type\":\"SearchAction\",\"target\":{\"@type\":\"EntryPoint\",\"urlTemplate\":\"https:\/\/edicion.fundacionoccident.org\/tennis\/?s={search_term_string}\"},\"query-input\":{\"@type\":\"PropertyValueSpecification\",\"valueRequired\":true,\"valueName\":\"search_term_string\"}}],\"inLanguage\":\"es\"},{\"@type\":\"Person\",\"@id\":\"https:\/\/edicion.fundacionoccident.org\/tennis\/#\/schema\/person\/a0890376bcf3644578d83b36ed3818c6\",\"name\":\"Andrea Tapia\",\"url\":\"https:\/\/edicion.fundacionoccident.org\/tennis\/author\/andrea-tapia\"}]}<\/script>\n<!-- \/ Yoast SEO plugin. -->","yoast_head_json":{"title":"El Circuito de la Comunidad Valenciana, de nuevo un \u00e9xito para el fomento del tenis base - Xpress Tennis Cup","robots":{"index":"index","follow":"follow","max-snippet":"max-snippet:-1","max-image-preview":"max-image-preview:large","max-video-preview":"max-video-preview:-1"},"canonical":"https:\/\/edicion.fundacionoccident.org\/tennis\/wp-json\/wp\/v2\/posts\/7879","og_locale":"es_ES","og_type":"article","og_title":"El Circuito de la Comunidad Valenciana, de nuevo un \u00e9xito para el fomento del tenis base - Xpress Tennis Cup","og_description":"Valencia alberg\u00f3 este pasado fin de semana la \u00faltima fase provincial del circuito valenciano (s\u00e1bado) y la Gran Final de la Comunidad Valenciana (domingo), que arranc\u00f3 a principios de mes con las pruebas de Alicante y Castell\u00f3n. El circuito de la Comunidad Valenciana ha finalizado...","og_url":"https:\/\/edicion.fundacionoccident.org\/tennis\/el-circuito-de-la-comunidad-valenciana-de-nuevo-un-exito-para-el-fomento-del-tenis-base","og_site_name":"Xpress Tennis Cup","article_published_time":"2022-05-31T07:39:54+00:00","og_image":[{"width":1600,"height":1067,"url":"https:\/\/edicion.fundacionoccident.org\/tennis\/wp-content\/uploads\/2022\/05\/valencia_CONLOGO-241.jpg","type":"image\/jpeg"}],"author":"Andrea Tapia","twitter_card":"summary_large_image","twitter_misc":{"Escrito por":"Andrea Tapia","Tiempo de lectura":"2 minutos"},"schema":{"@context":"https:\/\/schema.org","@graph":[{"@type":"WebPage","@id":"https:\/\/edicion.fundacionoccident.org\/tennis\/el-circuito-de-la-comunidad-valenciana-de-nuevo-un-exito-para-el-fomento-del-tenis-base","url":"https:\/\/edicion.fundacionoccident.org\/tennis\/el-circuito-de-la-comunidad-valenciana-de-nuevo-un-exito-para-el-fomento-del-tenis-base","name":"El Circuito de la Comunidad Valenciana, de nuevo un \u00e9xito para el fomento del tenis base - Xpress Tennis Cup","isPartOf":{"@id":"https:\/\/edicion.fundacionoccident.org\/tennis\/#website"},"primaryImageOfPage":{"@id":"https:\/\/edicion.fundacionoccident.org\/tennis\/el-circuito-de-la-comunidad-valenciana-de-nuevo-un-exito-para-el-fomento-del-tenis-base#primaryimage"},"image":{"@id":"https:\/\/edicion.fundacionoccident.org\/tennis\/el-circuito-de-la-comunidad-valenciana-de-nuevo-un-exito-para-el-fomento-del-tenis-base#primaryimage"},"thumbnailUrl":"https:\/\/edicion.fundacionoccident.org\/tennis\/wp-content\/uploads\/2022\/05\/valencia_CONLOGO-241.jpg","datePublished":"2022-05-31T07:39:54+00:00","author":{"@id":"https:\/\/edicion.fundacionoccident.org\/tennis\/#\/schema\/person\/a0890376bcf3644578d83b36ed3818c6"},"breadcrumb":{"@id":"https:\/\/edicion.fundacionoccident.org\/tennis\/el-circuito-de-la-comunidad-valenciana-de-nuevo-un-exito-para-el-fomento-del-tenis-base#breadcrumb"},"inLanguage":"es","potentialAction":[{"@type":"ReadAction","target":["https:\/\/edicion.fundacionoccident.org\/tennis\/el-circuito-de-la-comunidad-valenciana-de-nuevo-un-exito-para-el-fomento-del-tenis-base"]}]},{"@type":"ImageObject","inLanguage":"es","@id":"https:\/\/edicion.fundacionoccident.org\/tennis\/el-circuito-de-la-comunidad-valenciana-de-nuevo-un-exito-para-el-fomento-del-tenis-base#primaryimage","url":"https:\/\/edicion.fundacionoccident.org\/tennis\/wp-content\/uploads\/2022\/05\/valencia_CONLOGO-241.jpg","contentUrl":"https:\/\/edicion.fundacionoccident.org\/tennis\/wp-content\/uploads\/2022\/05\/valencia_CONLOGO-241.jpg","width":1600,"height":1067},{"@type":"BreadcrumbList","@id":"https:\/\/edicion.fundacionoccident.org\/tennis\/el-circuito-de-la-comunidad-valenciana-de-nuevo-un-exito-para-el-fomento-del-tenis-base#breadcrumb","itemListElement":[{"@type":"ListItem","position":1,"name":"Portada","item":"https:\/\/edicion.fundacionoccident.org\/tennis\/"},{"@type":"ListItem","position":2,"name":"El Circuito de la Comunidad Valenciana, de nuevo un \u00e9xito para el fomento del tenis base"}]},{"@type":"WebSite","@id":"https:\/\/edicion.fundacionoccident.org\/tennis\/#website","url":"https:\/\/edicion.fundacionoccident.org\/tennis\/","name":"Xpress Tennis Cup","description":"Fundaci\u00f3 Jes\u00fas Serra","potentialAction":[{"@type":"SearchAction","target":{"@type":"EntryPoint","urlTemplate":"https:\/\/edicion.fundacionoccident.org\/tennis\/?s={search_term_string}"},"query-input":{"@type":"PropertyValueSpecification","valueRequired":true,"valueName":"search_term_string"}}],"inLanguage":"es"},{"@type":"Person","@id":"https:\/\/edicion.fundacionoccident.org\/tennis\/#\/schema\/person\/a0890376bcf3644578d83b36ed3818c6","name":"Andrea Tapia","url":"https:\/\/edicion.fundacionoccident.org\/tennis\/author\/andrea-tapia"}]}},"_links":{"self":[{"href":"https:\/\/edicion.fundacionoccident.org\/tennis\/wp-json\/wp\/v2\/posts\/7879","targetHints":{"allow":["GET"]}}],"collection":[{"href":"https:\/\/edicion.fundacionoccident.org\/tennis\/wp-json\/wp\/v2\/posts"}],"about":[{"href":"https:\/\/edicion.fundacionoccident.org\/tennis\/wp-json\/wp\/v2\/types\/post"}],"author":[{"embeddable":true,"href":"https:\/\/edicion.fundacionoccident.org\/tennis\/wp-json\/wp\/v2\/users\/21"}],"replies":[{"embeddable":true,"href":"https:\/\/edicion.fundacionoccident.org\/tennis\/wp-json\/wp\/v2\/comments?post=7879"}],"version-history":[{"count":1,"href":"https:\/\/edicion.fundacionoccident.org\/tennis\/wp-json\/wp\/v2\/posts\/7879\/revisions"}],"predecessor-version":[{"id":7881,"href":"https:\/\/edicion.fundacionoccident.org\/tennis\/wp-json\/wp\/v2\/posts\/7879\/revisions\/7881"}],"wp:featuredmedia":[{"embeddable":true,"href":"https:\/\/edicion.fundacionoccident.org\/tennis\/wp-json\/wp\/v2\/media\/7880"}],"wp:attachment":[{"href":"https:\/\/edicion.fundacionoccident.org\/tennis\/wp-json\/wp\/v2\/media?parent=7879"}],"wp:term":[{"taxonomy":"category","embeddable":true,"href":"https:\/\/edicion.fundacionoccident.org\/tennis\/wp-json\/wp\/v2\/categories?post=7879"},{"taxonomy":"post_tag","embeddable":true,"href":"https:\/\/edicion.fundacionoccident.org\/tennis\/wp-json\/wp\/v2\/tags?post=7879"}],"curies":[{"name":"wp","href":"https:\/\/api.w.org\/{rel}","templated":true}]}}