{"id":7915,"date":"2022-06-14T11:16:14","date_gmt":"2022-06-14T09:16:14","guid":{"rendered":"https:\/\/edicion.fundacionjesusserra.org\/tennis\/?p=7915"},"modified":"2022-06-23T16:14:54","modified_gmt":"2022-06-23T14:14:54","slug":"fin-de-semana-de-mucho-tenis-en-girona-y-tarragona","status":"publish","type":"post","link":"https:\/\/edicion.fundacionoccident.org\/tennis\/fin-de-semana-de-mucho-tenis-en-girona-y-tarragona","title":{"rendered":"Fin de semana de mucho tenis en Girona y Tarragona"},"content":{"rendered":"<p><strong>Este pasado fin de semana se disputaron las fases provinciales de Girona y Tarragona de la 6\u00aa Edici\u00f3n de la Xpress Tennis Cup. Como en a\u00f1os anteriores, el CT Llafranc y el CT Tarragona fueron los clubs sede respectivamente, poniendo a disposici\u00f3n del torneo sus magn\u00edficas instalaciones.<\/strong><\/p>\n<p>M\u00e1s de 270 ni\u00f1os participaron en los torneos que organiza Fundaci\u00f3n Jes\u00fas Serra, de Grupo Catalana Occidente, demostrando que la competici\u00f3n sigue siendo una cita obligada para los clubes de la zona, que a\u00f1o tras a\u00f1o se siguen sumando a la fiesta del tenis base.<\/p>\n<p>&nbsp;<\/p>\n<h2><strong>Girona<\/strong><\/h2>\n<p><strong>\u00a0<\/strong>El CT Besal\u00fa, CT Girona, CT Porqueres, CT Olot, CT Costa Brava, CT Baix Empord\u00e0, y el anfitri\u00f3n, el CT Llafranc, se dieron cita en las pistas del CT Llafranc, donde los peque\u00f1os tenistas demostraron su mejor versi\u00f3n y disfrutaron de una jornada llena de diversi\u00f3n y mucho tenis.<\/p>\n<p><strong>Cuadro honor<\/strong><\/p>\n<p>Todos los ganadores\/as y finalistas de las diferentes categor\u00edas y modalidades:<\/p>\n<p style=\"text-align: center;\"><strong>Categor\u00eda Sub-10 Femenino<\/strong><\/p>\n<p style=\"text-align: center;\">Ganador: CT Girona \u201cA\u201d<br \/>\nFinalista: CT Girona \u201cB\u201d<\/p>\n<p style=\"text-align: center;\"><strong>Categor\u00eda Sub-10 Masculino<\/strong><br \/>\nGanador: CT Porqueres<br \/>\nFinalista: CT Girona<\/p>\n<p style=\"text-align: center;\"><strong>Categor\u00eda Sub-12 Femenino<\/strong><br \/>\nGanador: CT Porqueres<\/p>\n<p style=\"text-align: center;\">Finalista: CT Costa Brava<\/p>\n<p style=\"text-align: center;\"><strong>Categor\u00eda Sub-12 Masculino<\/strong><br \/>\nGanador: CT Porqueres<br \/>\nFinalista: CT Llafranc<\/p>\n<p style=\"text-align: center;\"><strong>Categor\u00eda Minitenis<\/strong><br \/>\nFormato no competitivo.<br \/>\nTodos los participantes recibieron una medalla.<\/p>\n<p>&nbsp;<\/p>\n<h2><strong>Tarragona<\/strong><\/h2>\n<p><strong>\u00a0<\/strong>La provincia tarraconense volvi\u00f3 a ser un \u00e9xito, acogiendo hasta 29 equipos con ni\u00f1os y ni\u00f1as que disfrutaron de las diversas actividades en la Fun Zone, y de una competici\u00f3n de alto nivel enmarcada en una jornada soleada.<\/p>\n<p>Los clubs asistentes fueron el CEE Constant\u00ed, El Catllar, CT Reus Monterols, CT Tarragona, CPT Riudoms, CST Cunit y Gimn\u00e0stic de Tarragona.<\/p>\n<p><strong>Cuadro honor<\/strong><\/p>\n<p>Todos los ganadores\/as y finalistas de las diferentes categor\u00edas y modalidades:<\/p>\n<p style=\"text-align: center;\"><strong>Categor\u00eda Sub-10 Femenino<\/strong><\/p>\n<p style=\"text-align: center;\">Ganador: CT Tarragona<br \/>\nFinalista: CT Reus Monterols<\/p>\n<p style=\"text-align: center;\"><strong>Categor\u00eda Sub-10 Masculino<\/strong><br \/>\nGanador: CT Reus Monterols \u201cB\u201d<br \/>\nFinalista: CT Tarragona<\/p>\n<p style=\"text-align: center;\"><strong>Categor\u00eda Sub-12 Femenino<\/strong><br \/>\nGanador: CT Reus Monterols \u201cB\u201d<br \/>\nFinalista: CT Reus Monterols \u201cA\u201d<\/p>\n<p style=\"text-align: center;\"><strong>Categor\u00eda Sub-12 Masculino<\/strong><br \/>\nGanador: CT Tarragona<br \/>\nFinalista: CTP Riudoms<\/p>\n<p style=\"text-align: center;\"><strong>Categor\u00eda Minitenis<\/strong><br \/>\nFormato no competitivo.<br \/>\nTodos los participantes recibieron una medalla.<\/p>\n<p>&nbsp;<\/p>\n<p>Recordar que a los equipos campeones y subcampeones de cada categor\u00eda os esperamos el domingo 19 de junio en la Gran Final de Catalu\u00f1a, la \u00faltima cita del circuito de 2022 que tendr\u00e1 lugar en el Cercle Sabadell\u00e8s.<\/p>\n<p>\u00a1Nos vemos en las pistas!<\/p>\n<p>&nbsp;<\/p>\n","protected":false},"excerpt":{"rendered":"<p>Este pasado fin de semana se disputaron las fases provinciales de Girona y Tarragona de la 6\u00aa Edici\u00f3n de la Xpress Tennis Cup. Como en a\u00f1os anteriores, el CT Llafranc y el CT Tarragona fueron los clubs sede respectivamente, poniendo a disposici\u00f3n del torneo sus&#8230;<\/p>\n","protected":false},"author":18,"featured_media":7923,"comment_status":"closed","ping_status":"closed","sticky":false,"template":"","format":"standard","meta":{"footnotes":"","_links_to":"","_links_to_target":""},"categories":[50],"tags":[],"class_list":["post-7915","post","type-post","status-publish","format-standard","has-post-thumbnail","hentry","category-xtc"],"yoast_head":"<!-- This site is optimized with the Yoast SEO plugin v26.3 - https:\/\/yoast.com\/wordpress\/plugins\/seo\/ -->\n<title>Fin de semana de mucho tenis en Girona y Tarragona - Xpress Tennis Cup<\/title>\n<meta name=\"robots\" content=\"index, follow, max-snippet:-1, max-image-preview:large, max-video-preview:-1\" \/>\n<link rel=\"canonical\" href=\"https:\/\/edicion.fundacionoccident.org\/tennis\/wp-json\/wp\/v2\/posts\/7915\" \/>\n<meta property=\"og:locale\" content=\"es_ES\" \/>\n<meta property=\"og:type\" content=\"article\" \/>\n<meta property=\"og:title\" content=\"Fin de semana de mucho tenis en Girona y Tarragona - Xpress Tennis Cup\" \/>\n<meta property=\"og:description\" content=\"Este pasado fin de semana se disputaron las fases provinciales de Girona y Tarragona de la 6\u00aa Edici\u00f3n de la Xpress Tennis Cup. Como en a\u00f1os anteriores, el CT Llafranc y el CT Tarragona fueron los clubs sede respectivamente, poniendo a disposici\u00f3n del torneo sus...\" \/>\n<meta property=\"og:url\" content=\"https:\/\/edicion.fundacionoccident.org\/tennis\/fin-de-semana-de-mucho-tenis-en-girona-y-tarragona\" \/>\n<meta property=\"og:site_name\" content=\"Xpress Tennis Cup\" \/>\n<meta property=\"article:published_time\" content=\"2022-06-14T09:16:14+00:00\" \/>\n<meta property=\"article:modified_time\" content=\"2022-06-23T14:14:54+00:00\" \/>\n<meta property=\"og:image\" content=\"https:\/\/edicion.fundacionoccident.org\/tennis\/wp-content\/uploads\/2022\/06\/tarragona-1.jpg\" \/>\n\t<meta property=\"og:image:width\" content=\"1600\" \/>\n\t<meta property=\"og:image:height\" content=\"1067\" \/>\n\t<meta property=\"og:image:type\" content=\"image\/jpeg\" \/>\n<meta name=\"author\" content=\"sofia\" \/>\n<meta name=\"twitter:card\" content=\"summary_large_image\" \/>\n<meta name=\"twitter:label1\" content=\"Escrito por\" \/>\n\t<meta name=\"twitter:data1\" content=\"sofia\" \/>\n\t<meta name=\"twitter:label2\" content=\"Tiempo de lectura\" \/>\n\t<meta name=\"twitter:data2\" content=\"2 minutos\" \/>\n<script type=\"application\/ld+json\" class=\"yoast-schema-graph\">{\"@context\":\"https:\/\/schema.org\",\"@graph\":[{\"@type\":\"WebPage\",\"@id\":\"https:\/\/edicion.fundacionoccident.org\/tennis\/fin-de-semana-de-mucho-tenis-en-girona-y-tarragona\",\"url\":\"https:\/\/edicion.fundacionoccident.org\/tennis\/fin-de-semana-de-mucho-tenis-en-girona-y-tarragona\",\"name\":\"Fin de semana de mucho tenis en Girona y Tarragona - Xpress Tennis Cup\",\"isPartOf\":{\"@id\":\"https:\/\/edicion.fundacionoccident.org\/tennis\/#website\"},\"primaryImageOfPage\":{\"@id\":\"https:\/\/edicion.fundacionoccident.org\/tennis\/fin-de-semana-de-mucho-tenis-en-girona-y-tarragona#primaryimage\"},\"image\":{\"@id\":\"https:\/\/edicion.fundacionoccident.org\/tennis\/fin-de-semana-de-mucho-tenis-en-girona-y-tarragona#primaryimage\"},\"thumbnailUrl\":\"https:\/\/edicion.fundacionoccident.org\/tennis\/wp-content\/uploads\/2022\/06\/tarragona-1.jpg\",\"datePublished\":\"2022-06-14T09:16:14+00:00\",\"dateModified\":\"2022-06-23T14:14:54+00:00\",\"author\":{\"@id\":\"https:\/\/edicion.fundacionoccident.org\/tennis\/#\/schema\/person\/3998ed957eca855b849039b6a942bfea\"},\"breadcrumb\":{\"@id\":\"https:\/\/edicion.fundacionoccident.org\/tennis\/fin-de-semana-de-mucho-tenis-en-girona-y-tarragona#breadcrumb\"},\"inLanguage\":\"es\",\"potentialAction\":[{\"@type\":\"ReadAction\",\"target\":[\"https:\/\/edicion.fundacionoccident.org\/tennis\/fin-de-semana-de-mucho-tenis-en-girona-y-tarragona\"]}]},{\"@type\":\"ImageObject\",\"inLanguage\":\"es\",\"@id\":\"https:\/\/edicion.fundacionoccident.org\/tennis\/fin-de-semana-de-mucho-tenis-en-girona-y-tarragona#primaryimage\",\"url\":\"https:\/\/edicion.fundacionoccident.org\/tennis\/wp-content\/uploads\/2022\/06\/tarragona-1.jpg\",\"contentUrl\":\"https:\/\/edicion.fundacionoccident.org\/tennis\/wp-content\/uploads\/2022\/06\/tarragona-1.jpg\",\"width\":1600,\"height\":1067},{\"@type\":\"BreadcrumbList\",\"@id\":\"https:\/\/edicion.fundacionoccident.org\/tennis\/fin-de-semana-de-mucho-tenis-en-girona-y-tarragona#breadcrumb\",\"itemListElement\":[{\"@type\":\"ListItem\",\"position\":1,\"name\":\"Portada\",\"item\":\"https:\/\/edicion.fundacionoccident.org\/tennis\/\"},{\"@type\":\"ListItem\",\"position\":2,\"name\":\"Fin de semana de mucho tenis en Girona y Tarragona\"}]},{\"@type\":\"WebSite\",\"@id\":\"https:\/\/edicion.fundacionoccident.org\/tennis\/#website\",\"url\":\"https:\/\/edicion.fundacionoccident.org\/tennis\/\",\"name\":\"Xpress Tennis Cup\",\"description\":\"Fundaci\u00f3 Jes\u00fas Serra\",\"potentialAction\":[{\"@type\":\"SearchAction\",\"target\":{\"@type\":\"EntryPoint\",\"urlTemplate\":\"https:\/\/edicion.fundacionoccident.org\/tennis\/?s={search_term_string}\"},\"query-input\":{\"@type\":\"PropertyValueSpecification\",\"valueRequired\":true,\"valueName\":\"search_term_string\"}}],\"inLanguage\":\"es\"},{\"@type\":\"Person\",\"@id\":\"https:\/\/edicion.fundacionoccident.org\/tennis\/#\/schema\/person\/3998ed957eca855b849039b6a942bfea\",\"name\":\"sofia\",\"url\":\"https:\/\/edicion.fundacionoccident.org\/tennis\/author\/sofia\"}]}<\/script>\n<!-- \/ Yoast SEO plugin. -->","yoast_head_json":{"title":"Fin de semana de mucho tenis en Girona y Tarragona - Xpress Tennis Cup","robots":{"index":"index","follow":"follow","max-snippet":"max-snippet:-1","max-image-preview":"max-image-preview:large","max-video-preview":"max-video-preview:-1"},"canonical":"https:\/\/edicion.fundacionoccident.org\/tennis\/wp-json\/wp\/v2\/posts\/7915","og_locale":"es_ES","og_type":"article","og_title":"Fin de semana de mucho tenis en Girona y Tarragona - Xpress Tennis Cup","og_description":"Este pasado fin de semana se disputaron las fases provinciales de Girona y Tarragona de la 6\u00aa Edici\u00f3n de la Xpress Tennis Cup. Como en a\u00f1os anteriores, el CT Llafranc y el CT Tarragona fueron los clubs sede respectivamente, poniendo a disposici\u00f3n del torneo sus...","og_url":"https:\/\/edicion.fundacionoccident.org\/tennis\/fin-de-semana-de-mucho-tenis-en-girona-y-tarragona","og_site_name":"Xpress Tennis Cup","article_published_time":"2022-06-14T09:16:14+00:00","article_modified_time":"2022-06-23T14:14:54+00:00","og_image":[{"width":1600,"height":1067,"url":"https:\/\/edicion.fundacionoccident.org\/tennis\/wp-content\/uploads\/2022\/06\/tarragona-1.jpg","type":"image\/jpeg"}],"author":"sofia","twitter_card":"summary_large_image","twitter_misc":{"Escrito por":"sofia","Tiempo de lectura":"2 minutos"},"schema":{"@context":"https:\/\/schema.org","@graph":[{"@type":"WebPage","@id":"https:\/\/edicion.fundacionoccident.org\/tennis\/fin-de-semana-de-mucho-tenis-en-girona-y-tarragona","url":"https:\/\/edicion.fundacionoccident.org\/tennis\/fin-de-semana-de-mucho-tenis-en-girona-y-tarragona","name":"Fin de semana de mucho tenis en Girona y Tarragona - Xpress Tennis Cup","isPartOf":{"@id":"https:\/\/edicion.fundacionoccident.org\/tennis\/#website"},"primaryImageOfPage":{"@id":"https:\/\/edicion.fundacionoccident.org\/tennis\/fin-de-semana-de-mucho-tenis-en-girona-y-tarragona#primaryimage"},"image":{"@id":"https:\/\/edicion.fundacionoccident.org\/tennis\/fin-de-semana-de-mucho-tenis-en-girona-y-tarragona#primaryimage"},"thumbnailUrl":"https:\/\/edicion.fundacionoccident.org\/tennis\/wp-content\/uploads\/2022\/06\/tarragona-1.jpg","datePublished":"2022-06-14T09:16:14+00:00","dateModified":"2022-06-23T14:14:54+00:00","author":{"@id":"https:\/\/edicion.fundacionoccident.org\/tennis\/#\/schema\/person\/3998ed957eca855b849039b6a942bfea"},"breadcrumb":{"@id":"https:\/\/edicion.fundacionoccident.org\/tennis\/fin-de-semana-de-mucho-tenis-en-girona-y-tarragona#breadcrumb"},"inLanguage":"es","potentialAction":[{"@type":"ReadAction","target":["https:\/\/edicion.fundacionoccident.org\/tennis\/fin-de-semana-de-mucho-tenis-en-girona-y-tarragona"]}]},{"@type":"ImageObject","inLanguage":"es","@id":"https:\/\/edicion.fundacionoccident.org\/tennis\/fin-de-semana-de-mucho-tenis-en-girona-y-tarragona#primaryimage","url":"https:\/\/edicion.fundacionoccident.org\/tennis\/wp-content\/uploads\/2022\/06\/tarragona-1.jpg","contentUrl":"https:\/\/edicion.fundacionoccident.org\/tennis\/wp-content\/uploads\/2022\/06\/tarragona-1.jpg","width":1600,"height":1067},{"@type":"BreadcrumbList","@id":"https:\/\/edicion.fundacionoccident.org\/tennis\/fin-de-semana-de-mucho-tenis-en-girona-y-tarragona#breadcrumb","itemListElement":[{"@type":"ListItem","position":1,"name":"Portada","item":"https:\/\/edicion.fundacionoccident.org\/tennis\/"},{"@type":"ListItem","position":2,"name":"Fin de semana de mucho tenis en Girona y Tarragona"}]},{"@type":"WebSite","@id":"https:\/\/edicion.fundacionoccident.org\/tennis\/#website","url":"https:\/\/edicion.fundacionoccident.org\/tennis\/","name":"Xpress Tennis Cup","description":"Fundaci\u00f3 Jes\u00fas Serra","potentialAction":[{"@type":"SearchAction","target":{"@type":"EntryPoint","urlTemplate":"https:\/\/edicion.fundacionoccident.org\/tennis\/?s={search_term_string}"},"query-input":{"@type":"PropertyValueSpecification","valueRequired":true,"valueName":"search_term_string"}}],"inLanguage":"es"},{"@type":"Person","@id":"https:\/\/edicion.fundacionoccident.org\/tennis\/#\/schema\/person\/3998ed957eca855b849039b6a942bfea","name":"sofia","url":"https:\/\/edicion.fundacionoccident.org\/tennis\/author\/sofia"}]}},"_links":{"self":[{"href":"https:\/\/edicion.fundacionoccident.org\/tennis\/wp-json\/wp\/v2\/posts\/7915","targetHints":{"allow":["GET"]}}],"collection":[{"href":"https:\/\/edicion.fundacionoccident.org\/tennis\/wp-json\/wp\/v2\/posts"}],"about":[{"href":"https:\/\/edicion.fundacionoccident.org\/tennis\/wp-json\/wp\/v2\/types\/post"}],"author":[{"embeddable":true,"href":"https:\/\/edicion.fundacionoccident.org\/tennis\/wp-json\/wp\/v2\/users\/18"}],"replies":[{"embeddable":true,"href":"https:\/\/edicion.fundacionoccident.org\/tennis\/wp-json\/wp\/v2\/comments?post=7915"}],"version-history":[{"count":3,"href":"https:\/\/edicion.fundacionoccident.org\/tennis\/wp-json\/wp\/v2\/posts\/7915\/revisions"}],"predecessor-version":[{"id":7919,"href":"https:\/\/edicion.fundacionoccident.org\/tennis\/wp-json\/wp\/v2\/posts\/7915\/revisions\/7919"}],"wp:featuredmedia":[{"embeddable":true,"href":"https:\/\/edicion.fundacionoccident.org\/tennis\/wp-json\/wp\/v2\/media\/7923"}],"wp:attachment":[{"href":"https:\/\/edicion.fundacionoccident.org\/tennis\/wp-json\/wp\/v2\/media?parent=7915"}],"wp:term":[{"taxonomy":"category","embeddable":true,"href":"https:\/\/edicion.fundacionoccident.org\/tennis\/wp-json\/wp\/v2\/categories?post=7915"},{"taxonomy":"post_tag","embeddable":true,"href":"https:\/\/edicion.fundacionoccident.org\/tennis\/wp-json\/wp\/v2\/tags?post=7915"}],"curies":[{"name":"wp","href":"https:\/\/api.w.org\/{rel}","templated":true}]}}