{"id":7943,"date":"2022-06-23T15:53:51","date_gmt":"2022-06-23T13:53:51","guid":{"rendered":"https:\/\/edicion.fundacionjesusserra.org\/tennis\/?p=7943"},"modified":"2022-06-23T15:54:42","modified_gmt":"2022-06-23T13:54:42","slug":"gran-fin-de-fiesta-de-la-6a-edicion-del-xpress-tennis-cup","status":"publish","type":"post","link":"https:\/\/edicion.fundacionoccident.org\/tennis\/gran-fin-de-fiesta-de-la-6a-edicion-del-xpress-tennis-cup","title":{"rendered":"Gran fin de fiesta de la 6\u00aa edici\u00f3n del Xpress Tennis Cup"},"content":{"rendered":"<p>Con la fase provincial de Barcelona (18 de junio) y la Gran Final de Catalu\u00f1a (19 de junio), ambas llevadas a cabo en las magn\u00edficas instalaciones del Cercle Sabadell\u00e8s, finaliza una edici\u00f3n m\u00e1s del Xpress Tennis Cup, marcada por la vuelta a la fecha original del torneo y, por supuesto, la gran participaci\u00f3n de j\u00f3venes tenistas. En esta ocasi\u00f3n, m\u00e1s de 1500 participantes disfrutaron de uno de los proyectos deportivos m\u00e1s relevantes del panorama nacional, y que ya es buque insignia de Fundaci\u00f3n Jes\u00fas Serra.<\/p>\n<p>Tras las jornadas iniciales de marzo, se han podido disputar con \u00e9xito casi la totalidad de las fases, con la \u00fanica excepci\u00f3n de la primera jornada en la Comunidad de Madrid por las inclemencias meteorol\u00f3gicas, y que tuvo que unirse a una segunda jornada en la que todos los equipos disfrutaron del tenis base. A pesar de ello, las cifras de esta edici\u00f3n muestran indudablemente el compromiso y la satisfacci\u00f3n de los equipos, clubes, tenistas y familias con el torneo.<\/p>\n<p><strong><u>Fase Barcelona<\/u><\/strong><\/p>\n<p>Como viene siendo habitual, Sabadell acogi\u00f3 el Xpress Tennis Cup con muchas ganas, y m\u00e1s de 160 j\u00f3venes tenistas, procedentes de 8 clubs de la provincia, se dieron cita el s\u00e1bado para disputar la prueba perteneciente a la fase provincial de Barcelona.<\/p>\n<p>El CT Sabadell, CT Torell\u00f3, RCTB, Atl\u00e8tic Terrassa, CT Vilanova, CN Sant Andreu, RC Polo y el Cercle Sabadell\u00e8s fueron los clubs que, con sus equipos, disputaron un torneo en una jornada con altas temperaturas y un gran nivel ten\u00edstico<\/p>\n<p><strong>Cuadro de honor<br \/>\n<\/strong>Todos los ganadores\/as y finalistas de las diferentes categor\u00edas y modalidades. Los equipos finalistas y ganadores han obtenido una plaza para la Gran Final de Catalu\u00f1a.<\/p>\n<p>&nbsp;<\/p>\n<p style=\"text-align: center;\"><strong>Categor\u00eda Sub-10 Femenino<br \/>\n<\/strong>Ganador: Cercle Sabadell\u00e8s<br \/>\nFinalista: Cercle Sabadell\u00e8s \u201cB\u201d<\/p>\n<p style=\"text-align: center;\"><strong>Categor\u00eda Sub-10 Masculino<br \/>\n<\/strong>Ganador: CT Vilanova<br \/>\nFinalista: Cercle Sabadell\u00e8s \u201cB\u201d<\/p>\n<p style=\"text-align: center;\"><strong>Categor\u00eda Sub-12 Femenino<br \/>\n<\/strong>Ganador: CT Torell\u00f3<br \/>\nFinalista: Cercle Sabadell\u00e8s<\/p>\n<p style=\"text-align: center;\"><strong>Categor\u00eda Sub-12 Masculino<br \/>\n<\/strong>Ganador: CN Sant Andreu<br \/>\nFinalista: CT Vilanova<\/p>\n<p style=\"text-align: center;\"><strong>Categor\u00eda Minitenis<br \/>\n<\/strong>Formato no competitivo.<br \/>\nTodos los participantes recibieron una medalla.<\/p>\n<p>&nbsp;<\/p>\n<p><strong><u>Fase final Catalu\u00f1a<\/u><\/strong><\/p>\n<p>Los ganadores de las diferentes fases provinciales de Catalu\u00f1a se citaron el domingo para disputar las finales de esta 6\u00aa Edici\u00f3n del Xpress Tennis Cup. Este fin de fiesta reuni\u00f3 a m\u00e1s de 180 tenistas de las categor\u00edas de Sub-10 y Sub-12, masculino y femenino, que se consagraron como los mejores de la comunidad. Mucha emoci\u00f3n y grandes puntos se pudieron ver en las pistas del Cercle Sabadell\u00e8s, que una vez m\u00e1s ofreci\u00f3 el mejor marco posible para la competici\u00f3n.<\/p>\n<p><strong>Cuadro de honor<br \/>\n<\/strong>Todos los ganadores\/as y finalistas de las diferentes categor\u00edas y modalidades.<\/p>\n<p>&nbsp;<\/p>\n<p style=\"text-align: center;\"><strong>Categor\u00eda Sub-10 Femenino<br \/>\n<\/strong>Ganador: CT Girona<br \/>\nFinalista: CT Tarragona<\/p>\n<p style=\"text-align: center;\"><strong>Categor\u00eda Sub-10 Masculino<br \/>\n<\/strong>Ganador: CT Vilanova<\/p>\n<p style=\"text-align: center;\">Finalista: CT Tarragona<\/p>\n<p style=\"text-align: center;\"><strong>Categor\u00eda Sub-12 Femenino<br \/>\n<\/strong>Ganador: CN Lleida<br \/>\nFinalista: CT Torell\u00f3<\/p>\n<p style=\"text-align: center;\"><strong>Categor\u00eda Sub-12 Masculino<br \/>\n<\/strong>Ganador: CN Sant Andreu<br \/>\nFinalista: CST Cunit<\/p>\n<p>&nbsp;<\/p>\n<p>Muchas gracias a tod@s por formar parte del circuito, os esperamos en la edici\u00f3n de 2023 con m\u00e1s tenis y nuevas sorpresas.<\/p>\n<p>Agradecimiento especial a Wilson como patrocinador oficial del circuito y a los diferentes colaboradores que nos han acompa\u00f1ado: A-Champs, Quely y Aquadeus.<\/p>\n<p>Para estar informado de todas las noticias sobre el Xpress Tennis Cup, \u00a1no te olvides de\u00a0<a href=\"https:\/\/www.instagram.com\/fundacionoccident\">seguir a la Fundaci\u00f3n Jes\u00fas Serra<\/a>!<\/p>\n","protected":false},"excerpt":{"rendered":"<p>Con la fase provincial de Barcelona (18 de junio) y la Gran Final de Catalu\u00f1a (19 de junio), ambas llevadas a cabo en las magn\u00edficas instalaciones del Cercle Sabadell\u00e8s, finaliza una edici\u00f3n m\u00e1s del Xpress Tennis Cup, marcada por la vuelta a la fecha original&#8230;<\/p>\n","protected":false},"author":21,"featured_media":7944,"comment_status":"closed","ping_status":"closed","sticky":false,"template":"","format":"standard","meta":{"footnotes":"","_links_to":"","_links_to_target":""},"categories":[50],"tags":[],"class_list":["post-7943","post","type-post","status-publish","format-standard","has-post-thumbnail","hentry","category-xtc"],"yoast_head":"<!-- This site is optimized with the Yoast SEO plugin v26.3 - https:\/\/yoast.com\/wordpress\/plugins\/seo\/ -->\n<title>Gran fin de fiesta de la 6\u00aa edici\u00f3n del Xpress Tennis Cup - Xpress Tennis Cup<\/title>\n<meta name=\"robots\" content=\"index, follow, max-snippet:-1, max-image-preview:large, max-video-preview:-1\" \/>\n<link rel=\"canonical\" href=\"https:\/\/edicion.fundacionoccident.org\/tennis\/wp-json\/wp\/v2\/posts\/7943\" \/>\n<meta property=\"og:locale\" content=\"es_ES\" \/>\n<meta property=\"og:type\" content=\"article\" \/>\n<meta property=\"og:title\" content=\"Gran fin de fiesta de la 6\u00aa edici\u00f3n del Xpress Tennis Cup - Xpress Tennis Cup\" \/>\n<meta property=\"og:description\" content=\"Con la fase provincial de Barcelona (18 de junio) y la Gran Final de Catalu\u00f1a (19 de junio), ambas llevadas a cabo en las magn\u00edficas instalaciones del Cercle Sabadell\u00e8s, finaliza una edici\u00f3n m\u00e1s del Xpress Tennis Cup, marcada por la vuelta a la fecha original...\" \/>\n<meta property=\"og:url\" content=\"https:\/\/edicion.fundacionoccident.org\/tennis\/gran-fin-de-fiesta-de-la-6a-edicion-del-xpress-tennis-cup\" \/>\n<meta property=\"og:site_name\" content=\"Xpress Tennis Cup\" \/>\n<meta property=\"article:published_time\" content=\"2022-06-23T13:53:51+00:00\" \/>\n<meta property=\"article:modified_time\" content=\"2022-06-23T13:54:42+00:00\" \/>\n<meta property=\"og:image\" content=\"https:\/\/edicion.fundacionoccident.org\/tennis\/wp-content\/uploads\/2022\/06\/SABADELL_DI\u0301A1_CONLGOO-145.jpg\" \/>\n\t<meta property=\"og:image:width\" content=\"1600\" \/>\n\t<meta property=\"og:image:height\" content=\"1067\" \/>\n\t<meta property=\"og:image:type\" content=\"image\/jpeg\" \/>\n<meta name=\"author\" content=\"Andrea Tapia\" \/>\n<meta name=\"twitter:card\" content=\"summary_large_image\" \/>\n<meta name=\"twitter:label1\" content=\"Escrito por\" \/>\n\t<meta name=\"twitter:data1\" content=\"Andrea Tapia\" \/>\n\t<meta name=\"twitter:label2\" content=\"Tiempo de lectura\" \/>\n\t<meta name=\"twitter:data2\" content=\"3 minutos\" \/>\n<script type=\"application\/ld+json\" class=\"yoast-schema-graph\">{\"@context\":\"https:\/\/schema.org\",\"@graph\":[{\"@type\":\"WebPage\",\"@id\":\"https:\/\/edicion.fundacionoccident.org\/tennis\/gran-fin-de-fiesta-de-la-6a-edicion-del-xpress-tennis-cup\",\"url\":\"https:\/\/edicion.fundacionoccident.org\/tennis\/gran-fin-de-fiesta-de-la-6a-edicion-del-xpress-tennis-cup\",\"name\":\"Gran fin de fiesta de la 6\u00aa edici\u00f3n del Xpress Tennis Cup - Xpress Tennis Cup\",\"isPartOf\":{\"@id\":\"https:\/\/edicion.fundacionoccident.org\/tennis\/#website\"},\"primaryImageOfPage\":{\"@id\":\"https:\/\/edicion.fundacionoccident.org\/tennis\/gran-fin-de-fiesta-de-la-6a-edicion-del-xpress-tennis-cup#primaryimage\"},\"image\":{\"@id\":\"https:\/\/edicion.fundacionoccident.org\/tennis\/gran-fin-de-fiesta-de-la-6a-edicion-del-xpress-tennis-cup#primaryimage\"},\"thumbnailUrl\":\"https:\/\/edicion.fundacionoccident.org\/tennis\/wp-content\/uploads\/2022\/06\/SABADELL_DI\u0301A1_CONLGOO-145.jpg\",\"datePublished\":\"2022-06-23T13:53:51+00:00\",\"dateModified\":\"2022-06-23T13:54:42+00:00\",\"author\":{\"@id\":\"https:\/\/edicion.fundacionoccident.org\/tennis\/#\/schema\/person\/a0890376bcf3644578d83b36ed3818c6\"},\"breadcrumb\":{\"@id\":\"https:\/\/edicion.fundacionoccident.org\/tennis\/gran-fin-de-fiesta-de-la-6a-edicion-del-xpress-tennis-cup#breadcrumb\"},\"inLanguage\":\"es\",\"potentialAction\":[{\"@type\":\"ReadAction\",\"target\":[\"https:\/\/edicion.fundacionoccident.org\/tennis\/gran-fin-de-fiesta-de-la-6a-edicion-del-xpress-tennis-cup\"]}]},{\"@type\":\"ImageObject\",\"inLanguage\":\"es\",\"@id\":\"https:\/\/edicion.fundacionoccident.org\/tennis\/gran-fin-de-fiesta-de-la-6a-edicion-del-xpress-tennis-cup#primaryimage\",\"url\":\"https:\/\/edicion.fundacionoccident.org\/tennis\/wp-content\/uploads\/2022\/06\/SABADELL_DI\u0301A1_CONLGOO-145.jpg\",\"contentUrl\":\"https:\/\/edicion.fundacionoccident.org\/tennis\/wp-content\/uploads\/2022\/06\/SABADELL_DI\u0301A1_CONLGOO-145.jpg\",\"width\":1600,\"height\":1067},{\"@type\":\"BreadcrumbList\",\"@id\":\"https:\/\/edicion.fundacionoccident.org\/tennis\/gran-fin-de-fiesta-de-la-6a-edicion-del-xpress-tennis-cup#breadcrumb\",\"itemListElement\":[{\"@type\":\"ListItem\",\"position\":1,\"name\":\"Portada\",\"item\":\"https:\/\/edicion.fundacionoccident.org\/tennis\/\"},{\"@type\":\"ListItem\",\"position\":2,\"name\":\"Gran fin de fiesta de la 6\u00aa edici\u00f3n del Xpress Tennis Cup\"}]},{\"@type\":\"WebSite\",\"@id\":\"https:\/\/edicion.fundacionoccident.org\/tennis\/#website\",\"url\":\"https:\/\/edicion.fundacionoccident.org\/tennis\/\",\"name\":\"Xpress Tennis Cup\",\"description\":\"Fundaci\u00f3 Jes\u00fas Serra\",\"potentialAction\":[{\"@type\":\"SearchAction\",\"target\":{\"@type\":\"EntryPoint\",\"urlTemplate\":\"https:\/\/edicion.fundacionoccident.org\/tennis\/?s={search_term_string}\"},\"query-input\":{\"@type\":\"PropertyValueSpecification\",\"valueRequired\":true,\"valueName\":\"search_term_string\"}}],\"inLanguage\":\"es\"},{\"@type\":\"Person\",\"@id\":\"https:\/\/edicion.fundacionoccident.org\/tennis\/#\/schema\/person\/a0890376bcf3644578d83b36ed3818c6\",\"name\":\"Andrea Tapia\",\"url\":\"https:\/\/edicion.fundacionoccident.org\/tennis\/author\/andrea-tapia\"}]}<\/script>\n<!-- \/ Yoast SEO plugin. -->","yoast_head_json":{"title":"Gran fin de fiesta de la 6\u00aa edici\u00f3n del Xpress Tennis Cup - Xpress Tennis Cup","robots":{"index":"index","follow":"follow","max-snippet":"max-snippet:-1","max-image-preview":"max-image-preview:large","max-video-preview":"max-video-preview:-1"},"canonical":"https:\/\/edicion.fundacionoccident.org\/tennis\/wp-json\/wp\/v2\/posts\/7943","og_locale":"es_ES","og_type":"article","og_title":"Gran fin de fiesta de la 6\u00aa edici\u00f3n del Xpress Tennis Cup - Xpress Tennis Cup","og_description":"Con la fase provincial de Barcelona (18 de junio) y la Gran Final de Catalu\u00f1a (19 de junio), ambas llevadas a cabo en las magn\u00edficas instalaciones del Cercle Sabadell\u00e8s, finaliza una edici\u00f3n m\u00e1s del Xpress Tennis Cup, marcada por la vuelta a la fecha original...","og_url":"https:\/\/edicion.fundacionoccident.org\/tennis\/gran-fin-de-fiesta-de-la-6a-edicion-del-xpress-tennis-cup","og_site_name":"Xpress Tennis Cup","article_published_time":"2022-06-23T13:53:51+00:00","article_modified_time":"2022-06-23T13:54:42+00:00","og_image":[{"width":1600,"height":1067,"url":"https:\/\/edicion.fundacionoccident.org\/tennis\/wp-content\/uploads\/2022\/06\/SABADELL_DI\u0301A1_CONLGOO-145.jpg","type":"image\/jpeg"}],"author":"Andrea Tapia","twitter_card":"summary_large_image","twitter_misc":{"Escrito por":"Andrea Tapia","Tiempo de lectura":"3 minutos"},"schema":{"@context":"https:\/\/schema.org","@graph":[{"@type":"WebPage","@id":"https:\/\/edicion.fundacionoccident.org\/tennis\/gran-fin-de-fiesta-de-la-6a-edicion-del-xpress-tennis-cup","url":"https:\/\/edicion.fundacionoccident.org\/tennis\/gran-fin-de-fiesta-de-la-6a-edicion-del-xpress-tennis-cup","name":"Gran fin de fiesta de la 6\u00aa edici\u00f3n del Xpress Tennis Cup - Xpress Tennis Cup","isPartOf":{"@id":"https:\/\/edicion.fundacionoccident.org\/tennis\/#website"},"primaryImageOfPage":{"@id":"https:\/\/edicion.fundacionoccident.org\/tennis\/gran-fin-de-fiesta-de-la-6a-edicion-del-xpress-tennis-cup#primaryimage"},"image":{"@id":"https:\/\/edicion.fundacionoccident.org\/tennis\/gran-fin-de-fiesta-de-la-6a-edicion-del-xpress-tennis-cup#primaryimage"},"thumbnailUrl":"https:\/\/edicion.fundacionoccident.org\/tennis\/wp-content\/uploads\/2022\/06\/SABADELL_DI\u0301A1_CONLGOO-145.jpg","datePublished":"2022-06-23T13:53:51+00:00","dateModified":"2022-06-23T13:54:42+00:00","author":{"@id":"https:\/\/edicion.fundacionoccident.org\/tennis\/#\/schema\/person\/a0890376bcf3644578d83b36ed3818c6"},"breadcrumb":{"@id":"https:\/\/edicion.fundacionoccident.org\/tennis\/gran-fin-de-fiesta-de-la-6a-edicion-del-xpress-tennis-cup#breadcrumb"},"inLanguage":"es","potentialAction":[{"@type":"ReadAction","target":["https:\/\/edicion.fundacionoccident.org\/tennis\/gran-fin-de-fiesta-de-la-6a-edicion-del-xpress-tennis-cup"]}]},{"@type":"ImageObject","inLanguage":"es","@id":"https:\/\/edicion.fundacionoccident.org\/tennis\/gran-fin-de-fiesta-de-la-6a-edicion-del-xpress-tennis-cup#primaryimage","url":"https:\/\/edicion.fundacionoccident.org\/tennis\/wp-content\/uploads\/2022\/06\/SABADELL_DI\u0301A1_CONLGOO-145.jpg","contentUrl":"https:\/\/edicion.fundacionoccident.org\/tennis\/wp-content\/uploads\/2022\/06\/SABADELL_DI\u0301A1_CONLGOO-145.jpg","width":1600,"height":1067},{"@type":"BreadcrumbList","@id":"https:\/\/edicion.fundacionoccident.org\/tennis\/gran-fin-de-fiesta-de-la-6a-edicion-del-xpress-tennis-cup#breadcrumb","itemListElement":[{"@type":"ListItem","position":1,"name":"Portada","item":"https:\/\/edicion.fundacionoccident.org\/tennis\/"},{"@type":"ListItem","position":2,"name":"Gran fin de fiesta de la 6\u00aa edici\u00f3n del Xpress Tennis Cup"}]},{"@type":"WebSite","@id":"https:\/\/edicion.fundacionoccident.org\/tennis\/#website","url":"https:\/\/edicion.fundacionoccident.org\/tennis\/","name":"Xpress Tennis Cup","description":"Fundaci\u00f3 Jes\u00fas Serra","potentialAction":[{"@type":"SearchAction","target":{"@type":"EntryPoint","urlTemplate":"https:\/\/edicion.fundacionoccident.org\/tennis\/?s={search_term_string}"},"query-input":{"@type":"PropertyValueSpecification","valueRequired":true,"valueName":"search_term_string"}}],"inLanguage":"es"},{"@type":"Person","@id":"https:\/\/edicion.fundacionoccident.org\/tennis\/#\/schema\/person\/a0890376bcf3644578d83b36ed3818c6","name":"Andrea Tapia","url":"https:\/\/edicion.fundacionoccident.org\/tennis\/author\/andrea-tapia"}]}},"_links":{"self":[{"href":"https:\/\/edicion.fundacionoccident.org\/tennis\/wp-json\/wp\/v2\/posts\/7943","targetHints":{"allow":["GET"]}}],"collection":[{"href":"https:\/\/edicion.fundacionoccident.org\/tennis\/wp-json\/wp\/v2\/posts"}],"about":[{"href":"https:\/\/edicion.fundacionoccident.org\/tennis\/wp-json\/wp\/v2\/types\/post"}],"author":[{"embeddable":true,"href":"https:\/\/edicion.fundacionoccident.org\/tennis\/wp-json\/wp\/v2\/users\/21"}],"replies":[{"embeddable":true,"href":"https:\/\/edicion.fundacionoccident.org\/tennis\/wp-json\/wp\/v2\/comments?post=7943"}],"version-history":[{"count":2,"href":"https:\/\/edicion.fundacionoccident.org\/tennis\/wp-json\/wp\/v2\/posts\/7943\/revisions"}],"predecessor-version":[{"id":7946,"href":"https:\/\/edicion.fundacionoccident.org\/tennis\/wp-json\/wp\/v2\/posts\/7943\/revisions\/7946"}],"wp:featuredmedia":[{"embeddable":true,"href":"https:\/\/edicion.fundacionoccident.org\/tennis\/wp-json\/wp\/v2\/media\/7944"}],"wp:attachment":[{"href":"https:\/\/edicion.fundacionoccident.org\/tennis\/wp-json\/wp\/v2\/media?parent=7943"}],"wp:term":[{"taxonomy":"category","embeddable":true,"href":"https:\/\/edicion.fundacionoccident.org\/tennis\/wp-json\/wp\/v2\/categories?post=7943"},{"taxonomy":"post_tag","embeddable":true,"href":"https:\/\/edicion.fundacionoccident.org\/tennis\/wp-json\/wp\/v2\/tags?post=7943"}],"curies":[{"name":"wp","href":"https:\/\/api.w.org\/{rel}","templated":true}]}}