{"id":8084,"date":"2023-03-15T11:31:00","date_gmt":"2023-03-15T10:31:00","guid":{"rendered":"https:\/\/edicion.fundacionjesusserra.org\/tennis\/?p=8084"},"modified":"2023-03-15T11:34:42","modified_gmt":"2023-03-15T10:34:42","slug":"esta-de-vuelta-la-xpress-tennis-cup-celebrando-su-7a-edicion","status":"publish","type":"post","link":"https:\/\/edicion.fundacionoccident.org\/tennis\/esta-de-vuelta-la-xpress-tennis-cup-celebrando-su-7a-edicion","title":{"rendered":"Est\u00e1 de vuelta la XPress Tennis Cup celebrando su 7\u00aa edici\u00f3n"},"content":{"rendered":"<p>Ya est\u00e1 de vuelta la 7\u00aa edici\u00f3n de la Xpress Tennis Cup, el campeonato de tenis de ni\u00f1os y ni\u00f1as de Fundaci\u00f3n Jes\u00fas Serra.<\/p>\n<p>Tres Comunidades Aut\u00f3nomas volver\u00e1n a ser las encargadas de albergar los distintos campeonatos: Catalu\u00f1a, Comunidad Valenciana y Comunidad de Madrid. En las que se celebrar\u00e1n 9 fases provinciales y 2 grandes finales.<\/p>\n<p>La Xpress Tennis Cup tiene como objetivo impulsar los valores deportivos, la diversi\u00f3n y la pasi\u00f3n por el deporte por encima de la competitividad. Es por esta raz\u00f3n que ofrece un formato innovador: se realizan partidos de 40 minutos, individual y dobles, con constantes cambios de jugadores y ser\u00e1n los entrenadores los \u00e1rbitros de los partidos del equipo rival. De esta manera prevalecer\u00e1 el compa\u00f1erismo y el trabajo en equipo en un deporte individual como es el tenis.<\/p>\n<p>El Torneo cuenta con 3 categor\u00edas distintas:<\/p>\n<ul>\n<li>Categor\u00eda Minitenis: Nacidos de 2015 en adelante.<\/li>\n<li>Categor\u00eda sub-10: Nacidos en 2013 y 2014.<\/li>\n<li>Categor\u00eda sub-12: Nacidos en 2011 y 2012.<\/li>\n<\/ul>\n<p>&nbsp;<\/p>\n<p>El objetivo del campeonato es ofrecer una experiencia que va m\u00e1s all\u00e1 del tenis. Se organizar\u00e1n much\u00edsimas actividades fuera de las pistas para que todos los participantes y acompa\u00f1antes puedan disfrutar de un d\u00eda incre\u00edble.<\/p>\n<p>Al finalizar el Torneo, los ganadores recibir\u00e1n sus merecidos trofeos y adem\u00e1s regalos de nuestro colaborador Wilson. Tambi\u00e9n se organizar\u00e1 un sorteo de material t\u00e9cnico Wilson para todos los participantes.<\/p>\n<p>A continuaci\u00f3n podr\u00e9is ver las fechas de las fases y finales de cada comunidad aut\u00f3noma. Como novedad, en esta 7\u00aa edici\u00f3n, la fase organizada en Castell\u00f3n se traslada a Valencia, en la que unificaremos a los equipos de Castell\u00f3n y Valencia.<\/p>\n<p>&nbsp;<\/p>\n<table style=\"height: 825px;\" width=\"588\">\n<tbody>\n<tr>\n<td style=\"text-align: center;\" width=\"189\"><strong>Catalu\u00f1a<\/strong><\/td>\n<td style=\"text-align: center;\" width=\"189\"><strong>Comunidad Valenciana<\/strong><\/td>\n<td style=\"text-align: center;\" width=\"189\"><strong>Comunidad de Madrid<\/strong><\/td>\n<\/tr>\n<tr>\n<td width=\"189\">&nbsp;<\/p>\n<p>Fase provincial: 27 Mayo- Lleida (CN Lleida)<\/td>\n<td width=\"189\">&nbsp;<\/p>\n<p>Fase provincial: 29 Abril- Alicante (Juan Carlos Ferrero &#8211; Equelite Sport Academy)<\/td>\n<td width=\"189\">&nbsp;<\/p>\n<p>Cuadro s\u00e1bado: 15 Abril- Madrid<\/p>\n<p>(Ciudad de la Raqueta)<\/td>\n<\/tr>\n<tr>\n<td width=\"189\">&nbsp;<\/p>\n<p>Fase provincial: 3 Junio- Tarragona<\/p>\n<p>(Club Tenis Tarragona)<\/td>\n<td width=\"189\">&nbsp;<\/p>\n<p>Fase provincial (am): 13 Mayo- Valencia (grupos de Castell\u00f3n)<\/p>\n<p>(Club Espa\u00f1ol de Tenis)<\/td>\n<td width=\"189\">&nbsp;<\/p>\n<p>Cuadro domingo: 16 Abril- Madrid<\/p>\n<p>(Ciudad de la Raqueta)<\/td>\n<\/tr>\n<tr>\n<td width=\"189\">&nbsp;<\/p>\n<p>Fase provincial: 4 Junio- Girona (Club Tenis Llafranc)<\/p>\n<p>&nbsp;<\/td>\n<td width=\"189\">&nbsp;<\/p>\n<p>Fase provincial (pm): 13 Mayo- Valencia (grupos de Valencia)<\/p>\n<p>(Club Espa\u00f1ol de Tenis)<\/td>\n<td width=\"189\"><\/td>\n<\/tr>\n<tr>\n<td width=\"189\">Fase provincial: 17 Junio- Barcelona (Cercle Sabadell\u00e8s)<\/td>\n<td width=\"189\"><\/td>\n<td width=\"189\"><\/td>\n<\/tr>\n<tr>\n<td style=\"text-align: center;\" width=\"189\"><strong>\u00a0<\/strong><\/p>\n<p><strong>Gran final: 18 Junio- Barcelona<\/strong><\/p>\n<p><strong>(Cercle Sabadell\u00e8s)<\/strong><\/td>\n<td style=\"text-align: center;\" width=\"189\"><strong>\u00a0<\/strong><\/p>\n<p><strong>Gran final: 14 Mayo- Valencia<\/strong><\/p>\n<p><strong>(Club Espa\u00f1ol de Tenis)<\/strong><\/td>\n<td style=\"text-align: center;\" width=\"189\"><\/td>\n<\/tr>\n<\/tbody>\n<\/table>\n<p>&nbsp;<\/p>\n<p>Un a\u00f1o m\u00e1s, en la Xpress Tennis Cup estar\u00e1 presente la asociaci\u00f3n ben\u00e9fica Tennis Aid. Todos los asistentes podr\u00e1n llevar el material t\u00e9cnico que no utilicen y depositarlo en cajas Tennis Aid.<\/p>\n<p>Participa y disfruta de una jornada practicando el deporte que m\u00e1s te gusta rodeado de amigos y familia.<\/p>\n<p>&nbsp;<\/p>\n<p>\u00a1Nos vemos en pistas!<\/p>\n","protected":false},"excerpt":{"rendered":"<p>Ya est\u00e1 de vuelta la 7\u00aa edici\u00f3n de la Xpress Tennis Cup, el campeonato de tenis de ni\u00f1os y ni\u00f1as de Fundaci\u00f3n Jes\u00fas Serra. Tres Comunidades Aut\u00f3nomas volver\u00e1n a ser las encargadas de albergar los distintos campeonatos: Catalu\u00f1a, Comunidad Valenciana y Comunidad de Madrid. En&#8230;<\/p>\n","protected":false},"author":22,"featured_media":8086,"comment_status":"closed","ping_status":"closed","sticky":false,"template":"","format":"standard","meta":{"footnotes":"","_links_to":"","_links_to_target":""},"categories":[50],"tags":[],"class_list":["post-8084","post","type-post","status-publish","format-standard","has-post-thumbnail","hentry","category-xtc"],"yoast_head":"<!-- This site is optimized with the Yoast SEO plugin v26.3 - https:\/\/yoast.com\/wordpress\/plugins\/seo\/ -->\n<title>Est\u00e1 de vuelta la XPress Tennis Cup celebrando su 7\u00aa edici\u00f3n - Xpress Tennis Cup<\/title>\n<meta name=\"robots\" content=\"index, follow, max-snippet:-1, max-image-preview:large, max-video-preview:-1\" \/>\n<link rel=\"canonical\" href=\"https:\/\/edicion.fundacionoccident.org\/tennis\/wp-json\/wp\/v2\/posts\/8084\" \/>\n<meta property=\"og:locale\" content=\"es_ES\" \/>\n<meta property=\"og:type\" content=\"article\" \/>\n<meta property=\"og:title\" content=\"Est\u00e1 de vuelta la XPress Tennis Cup celebrando su 7\u00aa edici\u00f3n - Xpress Tennis Cup\" \/>\n<meta property=\"og:description\" content=\"Ya est\u00e1 de vuelta la 7\u00aa edici\u00f3n de la Xpress Tennis Cup, el campeonato de tenis de ni\u00f1os y ni\u00f1as de Fundaci\u00f3n Jes\u00fas Serra. Tres Comunidades Aut\u00f3nomas volver\u00e1n a ser las encargadas de albergar los distintos campeonatos: Catalu\u00f1a, Comunidad Valenciana y Comunidad de Madrid. En...\" \/>\n<meta property=\"og:url\" content=\"https:\/\/edicion.fundacionoccident.org\/tennis\/esta-de-vuelta-la-xpress-tennis-cup-celebrando-su-7a-edicion\" \/>\n<meta property=\"og:site_name\" content=\"Xpress Tennis Cup\" \/>\n<meta property=\"article:published_time\" content=\"2023-03-15T10:31:00+00:00\" \/>\n<meta property=\"article:modified_time\" content=\"2023-03-15T10:34:42+00:00\" \/>\n<meta property=\"og:image\" content=\"https:\/\/edicion.fundacionoccident.org\/tennis\/wp-content\/uploads\/2023\/03\/Foto-1.png\" \/>\n\t<meta property=\"og:image:width\" content=\"1080\" \/>\n\t<meta property=\"og:image:height\" content=\"1080\" \/>\n\t<meta property=\"og:image:type\" content=\"image\/png\" \/>\n<meta name=\"author\" content=\"Erik De la fuente\" \/>\n<meta name=\"twitter:card\" content=\"summary_large_image\" \/>\n<meta name=\"twitter:label1\" content=\"Escrito por\" \/>\n\t<meta name=\"twitter:data1\" content=\"Erik De la fuente\" \/>\n\t<meta name=\"twitter:label2\" content=\"Tiempo de lectura\" \/>\n\t<meta name=\"twitter:data2\" content=\"2 minutos\" \/>\n<script type=\"application\/ld+json\" class=\"yoast-schema-graph\">{\"@context\":\"https:\/\/schema.org\",\"@graph\":[{\"@type\":\"WebPage\",\"@id\":\"https:\/\/edicion.fundacionoccident.org\/tennis\/esta-de-vuelta-la-xpress-tennis-cup-celebrando-su-7a-edicion\",\"url\":\"https:\/\/edicion.fundacionoccident.org\/tennis\/esta-de-vuelta-la-xpress-tennis-cup-celebrando-su-7a-edicion\",\"name\":\"Est\u00e1 de vuelta la XPress Tennis Cup celebrando su 7\u00aa edici\u00f3n - Xpress Tennis Cup\",\"isPartOf\":{\"@id\":\"https:\/\/edicion.fundacionoccident.org\/tennis\/#website\"},\"primaryImageOfPage\":{\"@id\":\"https:\/\/edicion.fundacionoccident.org\/tennis\/esta-de-vuelta-la-xpress-tennis-cup-celebrando-su-7a-edicion#primaryimage\"},\"image\":{\"@id\":\"https:\/\/edicion.fundacionoccident.org\/tennis\/esta-de-vuelta-la-xpress-tennis-cup-celebrando-su-7a-edicion#primaryimage\"},\"thumbnailUrl\":\"https:\/\/edicion.fundacionoccident.org\/tennis\/wp-content\/uploads\/2023\/03\/Foto-1.png\",\"datePublished\":\"2023-03-15T10:31:00+00:00\",\"dateModified\":\"2023-03-15T10:34:42+00:00\",\"author\":{\"@id\":\"https:\/\/edicion.fundacionoccident.org\/tennis\/#\/schema\/person\/15d394139c89086a652baba6d9dac40e\"},\"breadcrumb\":{\"@id\":\"https:\/\/edicion.fundacionoccident.org\/tennis\/esta-de-vuelta-la-xpress-tennis-cup-celebrando-su-7a-edicion#breadcrumb\"},\"inLanguage\":\"es\",\"potentialAction\":[{\"@type\":\"ReadAction\",\"target\":[\"https:\/\/edicion.fundacionoccident.org\/tennis\/esta-de-vuelta-la-xpress-tennis-cup-celebrando-su-7a-edicion\"]}]},{\"@type\":\"ImageObject\",\"inLanguage\":\"es\",\"@id\":\"https:\/\/edicion.fundacionoccident.org\/tennis\/esta-de-vuelta-la-xpress-tennis-cup-celebrando-su-7a-edicion#primaryimage\",\"url\":\"https:\/\/edicion.fundacionoccident.org\/tennis\/wp-content\/uploads\/2023\/03\/Foto-1.png\",\"contentUrl\":\"https:\/\/edicion.fundacionoccident.org\/tennis\/wp-content\/uploads\/2023\/03\/Foto-1.png\",\"width\":1080,\"height\":1080},{\"@type\":\"BreadcrumbList\",\"@id\":\"https:\/\/edicion.fundacionoccident.org\/tennis\/esta-de-vuelta-la-xpress-tennis-cup-celebrando-su-7a-edicion#breadcrumb\",\"itemListElement\":[{\"@type\":\"ListItem\",\"position\":1,\"name\":\"Portada\",\"item\":\"https:\/\/edicion.fundacionoccident.org\/tennis\/\"},{\"@type\":\"ListItem\",\"position\":2,\"name\":\"Est\u00e1 de vuelta la XPress Tennis Cup celebrando su 7\u00aa edici\u00f3n\"}]},{\"@type\":\"WebSite\",\"@id\":\"https:\/\/edicion.fundacionoccident.org\/tennis\/#website\",\"url\":\"https:\/\/edicion.fundacionoccident.org\/tennis\/\",\"name\":\"Xpress Tennis Cup\",\"description\":\"Fundaci\u00f3 Jes\u00fas Serra\",\"potentialAction\":[{\"@type\":\"SearchAction\",\"target\":{\"@type\":\"EntryPoint\",\"urlTemplate\":\"https:\/\/edicion.fundacionoccident.org\/tennis\/?s={search_term_string}\"},\"query-input\":{\"@type\":\"PropertyValueSpecification\",\"valueRequired\":true,\"valueName\":\"search_term_string\"}}],\"inLanguage\":\"es\"},{\"@type\":\"Person\",\"@id\":\"https:\/\/edicion.fundacionoccident.org\/tennis\/#\/schema\/person\/15d394139c89086a652baba6d9dac40e\",\"name\":\"Erik De la fuente\",\"url\":\"https:\/\/edicion.fundacionoccident.org\/tennis\/author\/erik-de-la-fuente\"}]}<\/script>\n<!-- \/ Yoast SEO plugin. -->","yoast_head_json":{"title":"Est\u00e1 de vuelta la XPress Tennis Cup celebrando su 7\u00aa edici\u00f3n - Xpress Tennis Cup","robots":{"index":"index","follow":"follow","max-snippet":"max-snippet:-1","max-image-preview":"max-image-preview:large","max-video-preview":"max-video-preview:-1"},"canonical":"https:\/\/edicion.fundacionoccident.org\/tennis\/wp-json\/wp\/v2\/posts\/8084","og_locale":"es_ES","og_type":"article","og_title":"Est\u00e1 de vuelta la XPress Tennis Cup celebrando su 7\u00aa edici\u00f3n - Xpress Tennis Cup","og_description":"Ya est\u00e1 de vuelta la 7\u00aa edici\u00f3n de la Xpress Tennis Cup, el campeonato de tenis de ni\u00f1os y ni\u00f1as de Fundaci\u00f3n Jes\u00fas Serra. Tres Comunidades Aut\u00f3nomas volver\u00e1n a ser las encargadas de albergar los distintos campeonatos: Catalu\u00f1a, Comunidad Valenciana y Comunidad de Madrid. En...","og_url":"https:\/\/edicion.fundacionoccident.org\/tennis\/esta-de-vuelta-la-xpress-tennis-cup-celebrando-su-7a-edicion","og_site_name":"Xpress Tennis Cup","article_published_time":"2023-03-15T10:31:00+00:00","article_modified_time":"2023-03-15T10:34:42+00:00","og_image":[{"width":1080,"height":1080,"url":"https:\/\/edicion.fundacionoccident.org\/tennis\/wp-content\/uploads\/2023\/03\/Foto-1.png","type":"image\/png"}],"author":"Erik De la fuente","twitter_card":"summary_large_image","twitter_misc":{"Escrito por":"Erik De la fuente","Tiempo de lectura":"2 minutos"},"schema":{"@context":"https:\/\/schema.org","@graph":[{"@type":"WebPage","@id":"https:\/\/edicion.fundacionoccident.org\/tennis\/esta-de-vuelta-la-xpress-tennis-cup-celebrando-su-7a-edicion","url":"https:\/\/edicion.fundacionoccident.org\/tennis\/esta-de-vuelta-la-xpress-tennis-cup-celebrando-su-7a-edicion","name":"Est\u00e1 de vuelta la XPress Tennis Cup celebrando su 7\u00aa edici\u00f3n - Xpress Tennis Cup","isPartOf":{"@id":"https:\/\/edicion.fundacionoccident.org\/tennis\/#website"},"primaryImageOfPage":{"@id":"https:\/\/edicion.fundacionoccident.org\/tennis\/esta-de-vuelta-la-xpress-tennis-cup-celebrando-su-7a-edicion#primaryimage"},"image":{"@id":"https:\/\/edicion.fundacionoccident.org\/tennis\/esta-de-vuelta-la-xpress-tennis-cup-celebrando-su-7a-edicion#primaryimage"},"thumbnailUrl":"https:\/\/edicion.fundacionoccident.org\/tennis\/wp-content\/uploads\/2023\/03\/Foto-1.png","datePublished":"2023-03-15T10:31:00+00:00","dateModified":"2023-03-15T10:34:42+00:00","author":{"@id":"https:\/\/edicion.fundacionoccident.org\/tennis\/#\/schema\/person\/15d394139c89086a652baba6d9dac40e"},"breadcrumb":{"@id":"https:\/\/edicion.fundacionoccident.org\/tennis\/esta-de-vuelta-la-xpress-tennis-cup-celebrando-su-7a-edicion#breadcrumb"},"inLanguage":"es","potentialAction":[{"@type":"ReadAction","target":["https:\/\/edicion.fundacionoccident.org\/tennis\/esta-de-vuelta-la-xpress-tennis-cup-celebrando-su-7a-edicion"]}]},{"@type":"ImageObject","inLanguage":"es","@id":"https:\/\/edicion.fundacionoccident.org\/tennis\/esta-de-vuelta-la-xpress-tennis-cup-celebrando-su-7a-edicion#primaryimage","url":"https:\/\/edicion.fundacionoccident.org\/tennis\/wp-content\/uploads\/2023\/03\/Foto-1.png","contentUrl":"https:\/\/edicion.fundacionoccident.org\/tennis\/wp-content\/uploads\/2023\/03\/Foto-1.png","width":1080,"height":1080},{"@type":"BreadcrumbList","@id":"https:\/\/edicion.fundacionoccident.org\/tennis\/esta-de-vuelta-la-xpress-tennis-cup-celebrando-su-7a-edicion#breadcrumb","itemListElement":[{"@type":"ListItem","position":1,"name":"Portada","item":"https:\/\/edicion.fundacionoccident.org\/tennis\/"},{"@type":"ListItem","position":2,"name":"Est\u00e1 de vuelta la XPress Tennis Cup celebrando su 7\u00aa edici\u00f3n"}]},{"@type":"WebSite","@id":"https:\/\/edicion.fundacionoccident.org\/tennis\/#website","url":"https:\/\/edicion.fundacionoccident.org\/tennis\/","name":"Xpress Tennis Cup","description":"Fundaci\u00f3 Jes\u00fas Serra","potentialAction":[{"@type":"SearchAction","target":{"@type":"EntryPoint","urlTemplate":"https:\/\/edicion.fundacionoccident.org\/tennis\/?s={search_term_string}"},"query-input":{"@type":"PropertyValueSpecification","valueRequired":true,"valueName":"search_term_string"}}],"inLanguage":"es"},{"@type":"Person","@id":"https:\/\/edicion.fundacionoccident.org\/tennis\/#\/schema\/person\/15d394139c89086a652baba6d9dac40e","name":"Erik De la fuente","url":"https:\/\/edicion.fundacionoccident.org\/tennis\/author\/erik-de-la-fuente"}]}},"_links":{"self":[{"href":"https:\/\/edicion.fundacionoccident.org\/tennis\/wp-json\/wp\/v2\/posts\/8084","targetHints":{"allow":["GET"]}}],"collection":[{"href":"https:\/\/edicion.fundacionoccident.org\/tennis\/wp-json\/wp\/v2\/posts"}],"about":[{"href":"https:\/\/edicion.fundacionoccident.org\/tennis\/wp-json\/wp\/v2\/types\/post"}],"author":[{"embeddable":true,"href":"https:\/\/edicion.fundacionoccident.org\/tennis\/wp-json\/wp\/v2\/users\/22"}],"replies":[{"embeddable":true,"href":"https:\/\/edicion.fundacionoccident.org\/tennis\/wp-json\/wp\/v2\/comments?post=8084"}],"version-history":[{"count":3,"href":"https:\/\/edicion.fundacionoccident.org\/tennis\/wp-json\/wp\/v2\/posts\/8084\/revisions"}],"predecessor-version":[{"id":8088,"href":"https:\/\/edicion.fundacionoccident.org\/tennis\/wp-json\/wp\/v2\/posts\/8084\/revisions\/8088"}],"wp:featuredmedia":[{"embeddable":true,"href":"https:\/\/edicion.fundacionoccident.org\/tennis\/wp-json\/wp\/v2\/media\/8086"}],"wp:attachment":[{"href":"https:\/\/edicion.fundacionoccident.org\/tennis\/wp-json\/wp\/v2\/media?parent=8084"}],"wp:term":[{"taxonomy":"category","embeddable":true,"href":"https:\/\/edicion.fundacionoccident.org\/tennis\/wp-json\/wp\/v2\/categories?post=8084"},{"taxonomy":"post_tag","embeddable":true,"href":"https:\/\/edicion.fundacionoccident.org\/tennis\/wp-json\/wp\/v2\/tags?post=8084"}],"curies":[{"name":"wp","href":"https:\/\/api.w.org\/{rel}","templated":true}]}}