{"id":8261,"date":"2023-05-18T10:46:57","date_gmt":"2023-05-18T08:46:57","guid":{"rendered":"https:\/\/edicion.fundacionjesusserra.org\/tennis\/?p=8261"},"modified":"2023-05-18T10:52:57","modified_gmt":"2023-05-18T08:52:57","slug":"la-casa-de-carlitos-alcaraz-acoge-con-exito-la-xpress-tennis-cup-de-alicante","status":"publish","type":"post","link":"https:\/\/edicion.fundacionoccident.org\/tennis\/la-casa-de-carlitos-alcaraz-acoge-con-exito-la-xpress-tennis-cup-de-alicante","title":{"rendered":"La Casa de Carlitos Alcar\u00e1z acoge con \u00e9xito la Xpress Tennis Cup de Alicante"},"content":{"rendered":"<p><strong>El torneo de formaci\u00f3n de Fundaci\u00f3n Jes\u00fas Serra contin\u00faa su circuito. Esta vez, con parada en la JC Ferrero Equelite Sport Academy para celebrar la fase provincial de Alicante. <\/strong><\/p>\n<p>El 29 de abril se celebr\u00f3 la 7\u00aa edici\u00f3n de la Xpress Tennis Cup, el torneo de tenis base impulsado por la Fundaci\u00f3n Jes\u00fas Serra de la mano de Wilson.<\/p>\n<p>La competici\u00f3n reuni\u00f3 a alrededor de 180 ni\u00f1os y ni\u00f1as de 8 clubes distintos con el firme objetivo de impulsar el tenis base y promover la diversi\u00f3n y el disfrute de este deporte. Siempre a partir de su caracter\u00edstico formato innovador de partidos xpress de 20 minutos por equipos, en el que los jugadores se turnan entre ellos en cada punto para fomentar el juego en equipo y el fair play.<\/p>\n<p>Durante toda la jornada los asistentes pudieron disfrutar de emocionantes partidos y de un ambiente lleno de pasi\u00f3n y entusiasmo por el tenis.<\/p>\n<p>Al finalizar los partidos se realiz\u00f3 un desfile en el que se reconoc\u00eda el esfuerzo y buen juego de todos los participantes. A continuaci\u00f3n se hizo el tradicional acto de entrega de premios en el que se dieron obsequios de nuestro patrocinador principal Wilson, y se organiz\u00f3 un gran sorteo entre todos los participantes del torneo.<\/p>\n<p>&nbsp;<\/p>\n<p style=\"text-align: center;\"><strong>Cuadro de Honor<\/strong><\/p>\n<p style=\"text-align: center;\">Todos los ganadores\/as y finalistas de las diferentes categor\u00edas y modalidades:<\/p>\n<p style=\"text-align: center;\"><strong>Categor\u00eda Sub-10 Femenino<\/strong><\/p>\n<p style=\"text-align: center;\">Ganador: Yecla CT<\/p>\n<p style=\"text-align: center;\">Finalista: CT Mon\u00f2ver<\/p>\n<p style=\"text-align: center;\"><strong>Categor\u00eda Sub-10 Masculino<\/strong><\/p>\n<p style=\"text-align: center;\">Ganador: Yecla CT<\/p>\n<p style=\"text-align: center;\">Finalista: Equelite JC Ferrero<\/p>\n<p style=\"text-align: center;\"><strong>Categor\u00eda Sub-12 Femenino<\/strong><\/p>\n<p style=\"text-align: center;\">Ganador: CT Caudete<\/p>\n<p style=\"text-align: center;\">Finalista: CD Tiro Pich\u00f3n Elche<\/p>\n<p style=\"text-align: center;\"><strong>Categor\u00eda Sub-12 Masculino<\/strong><\/p>\n<p style=\"text-align: center;\">Ganador: Yecla CT<\/p>\n<p style=\"text-align: center;\">Finalista: CT Petrer<\/p>\n<p style=\"text-align: center;\"><strong>Categor\u00eda Minitenis<\/strong><\/p>\n<p style=\"text-align: center;\">Formato no competitivo. Todos los participantes recibieron una medalla.<\/p>\n<p>Para completar el circuito de la Xpress Tennis Cup de la Comunidad Valenciana, el pr\u00f3ximo 13 de mayo se celebra la fase provincial de Castell\u00f3n y de Valencia en el Club Espa\u00f1ol de Tenis de Valencia. A continuaci\u00f3n, el domingo 14 de mayo se disputar\u00e1 la gran final de la Comunidad Valenciana, disputada por los ganadores y finalistas de las fases provinciales de Alicante, Castell\u00f3n y Valencia.<\/p>\n","protected":false},"excerpt":{"rendered":"<p>El torneo de formaci\u00f3n de Fundaci\u00f3n Jes\u00fas Serra contin\u00faa su circuito. Esta vez, con parada en la JC Ferrero Equelite Sport Academy para celebrar la fase provincial de Alicante. El 29 de abril se celebr\u00f3 la 7\u00aa edici\u00f3n de la Xpress Tennis Cup, el torneo&#8230;<\/p>\n","protected":false},"author":22,"featured_media":8268,"comment_status":"closed","ping_status":"closed","sticky":false,"template":"","format":"standard","meta":{"footnotes":"","_links_to":"","_links_to_target":""},"categories":[50],"tags":[],"class_list":["post-8261","post","type-post","status-publish","format-standard","has-post-thumbnail","hentry","category-xtc"],"yoast_head":"<!-- This site is optimized with the Yoast SEO plugin v26.3 - https:\/\/yoast.com\/wordpress\/plugins\/seo\/ -->\n<title>La Casa de Carlitos Alcar\u00e1z acoge con \u00e9xito la Xpress Tennis Cup de Alicante - Xpress Tennis Cup<\/title>\n<meta name=\"robots\" content=\"index, follow, max-snippet:-1, max-image-preview:large, max-video-preview:-1\" \/>\n<link rel=\"canonical\" href=\"https:\/\/edicion.fundacionoccident.org\/tennis\/wp-json\/wp\/v2\/posts\/8261\" \/>\n<meta property=\"og:locale\" content=\"es_ES\" \/>\n<meta property=\"og:type\" content=\"article\" \/>\n<meta property=\"og:title\" content=\"La Casa de Carlitos Alcar\u00e1z acoge con \u00e9xito la Xpress Tennis Cup de Alicante - Xpress Tennis Cup\" \/>\n<meta property=\"og:description\" content=\"El torneo de formaci\u00f3n de Fundaci\u00f3n Jes\u00fas Serra contin\u00faa su circuito. Esta vez, con parada en la JC Ferrero Equelite Sport Academy para celebrar la fase provincial de Alicante. El 29 de abril se celebr\u00f3 la 7\u00aa edici\u00f3n de la Xpress Tennis Cup, el torneo...\" \/>\n<meta property=\"og:url\" content=\"https:\/\/edicion.fundacionoccident.org\/tennis\/la-casa-de-carlitos-alcaraz-acoge-con-exito-la-xpress-tennis-cup-de-alicante\" \/>\n<meta property=\"og:site_name\" content=\"Xpress Tennis Cup\" \/>\n<meta property=\"article:published_time\" content=\"2023-05-18T08:46:57+00:00\" \/>\n<meta property=\"article:modified_time\" content=\"2023-05-18T08:52:57+00:00\" \/>\n<meta property=\"og:image\" content=\"https:\/\/edicion.fundacionoccident.org\/tennis\/wp-content\/uploads\/2023\/05\/Captura-de-pantalla-2023-05-18-105113-1024x618.png\" \/>\n\t<meta property=\"og:image:width\" content=\"1024\" \/>\n\t<meta property=\"og:image:height\" content=\"618\" \/>\n\t<meta property=\"og:image:type\" content=\"image\/png\" \/>\n<meta name=\"author\" content=\"Erik De la fuente\" \/>\n<meta name=\"twitter:card\" content=\"summary_large_image\" \/>\n<meta name=\"twitter:label1\" content=\"Escrito por\" \/>\n\t<meta name=\"twitter:data1\" content=\"Erik De la fuente\" \/>\n\t<meta name=\"twitter:label2\" content=\"Tiempo de lectura\" \/>\n\t<meta name=\"twitter:data2\" content=\"2 minutos\" \/>\n<script type=\"application\/ld+json\" class=\"yoast-schema-graph\">{\"@context\":\"https:\/\/schema.org\",\"@graph\":[{\"@type\":\"WebPage\",\"@id\":\"https:\/\/edicion.fundacionoccident.org\/tennis\/la-casa-de-carlitos-alcaraz-acoge-con-exito-la-xpress-tennis-cup-de-alicante\",\"url\":\"https:\/\/edicion.fundacionoccident.org\/tennis\/la-casa-de-carlitos-alcaraz-acoge-con-exito-la-xpress-tennis-cup-de-alicante\",\"name\":\"La Casa de Carlitos Alcar\u00e1z acoge con \u00e9xito la Xpress Tennis Cup de Alicante - Xpress Tennis Cup\",\"isPartOf\":{\"@id\":\"https:\/\/edicion.fundacionoccident.org\/tennis\/#website\"},\"primaryImageOfPage\":{\"@id\":\"https:\/\/edicion.fundacionoccident.org\/tennis\/la-casa-de-carlitos-alcaraz-acoge-con-exito-la-xpress-tennis-cup-de-alicante#primaryimage\"},\"image\":{\"@id\":\"https:\/\/edicion.fundacionoccident.org\/tennis\/la-casa-de-carlitos-alcaraz-acoge-con-exito-la-xpress-tennis-cup-de-alicante#primaryimage\"},\"thumbnailUrl\":\"https:\/\/edicion.fundacionoccident.org\/tennis\/wp-content\/uploads\/2023\/05\/Captura-de-pantalla-2023-05-18-105113.png\",\"datePublished\":\"2023-05-18T08:46:57+00:00\",\"dateModified\":\"2023-05-18T08:52:57+00:00\",\"author\":{\"@id\":\"https:\/\/edicion.fundacionoccident.org\/tennis\/#\/schema\/person\/15d394139c89086a652baba6d9dac40e\"},\"breadcrumb\":{\"@id\":\"https:\/\/edicion.fundacionoccident.org\/tennis\/la-casa-de-carlitos-alcaraz-acoge-con-exito-la-xpress-tennis-cup-de-alicante#breadcrumb\"},\"inLanguage\":\"es\",\"potentialAction\":[{\"@type\":\"ReadAction\",\"target\":[\"https:\/\/edicion.fundacionoccident.org\/tennis\/la-casa-de-carlitos-alcaraz-acoge-con-exito-la-xpress-tennis-cup-de-alicante\"]}]},{\"@type\":\"ImageObject\",\"inLanguage\":\"es\",\"@id\":\"https:\/\/edicion.fundacionoccident.org\/tennis\/la-casa-de-carlitos-alcaraz-acoge-con-exito-la-xpress-tennis-cup-de-alicante#primaryimage\",\"url\":\"https:\/\/edicion.fundacionoccident.org\/tennis\/wp-content\/uploads\/2023\/05\/Captura-de-pantalla-2023-05-18-105113.png\",\"contentUrl\":\"https:\/\/edicion.fundacionoccident.org\/tennis\/wp-content\/uploads\/2023\/05\/Captura-de-pantalla-2023-05-18-105113.png\",\"width\":1210,\"height\":730},{\"@type\":\"BreadcrumbList\",\"@id\":\"https:\/\/edicion.fundacionoccident.org\/tennis\/la-casa-de-carlitos-alcaraz-acoge-con-exito-la-xpress-tennis-cup-de-alicante#breadcrumb\",\"itemListElement\":[{\"@type\":\"ListItem\",\"position\":1,\"name\":\"Portada\",\"item\":\"https:\/\/edicion.fundacionoccident.org\/tennis\/\"},{\"@type\":\"ListItem\",\"position\":2,\"name\":\"La Casa de Carlitos Alcar\u00e1z acoge con \u00e9xito la Xpress Tennis Cup de Alicante\"}]},{\"@type\":\"WebSite\",\"@id\":\"https:\/\/edicion.fundacionoccident.org\/tennis\/#website\",\"url\":\"https:\/\/edicion.fundacionoccident.org\/tennis\/\",\"name\":\"Xpress Tennis Cup\",\"description\":\"Fundaci\u00f3 Jes\u00fas Serra\",\"potentialAction\":[{\"@type\":\"SearchAction\",\"target\":{\"@type\":\"EntryPoint\",\"urlTemplate\":\"https:\/\/edicion.fundacionoccident.org\/tennis\/?s={search_term_string}\"},\"query-input\":{\"@type\":\"PropertyValueSpecification\",\"valueRequired\":true,\"valueName\":\"search_term_string\"}}],\"inLanguage\":\"es\"},{\"@type\":\"Person\",\"@id\":\"https:\/\/edicion.fundacionoccident.org\/tennis\/#\/schema\/person\/15d394139c89086a652baba6d9dac40e\",\"name\":\"Erik De la fuente\",\"url\":\"https:\/\/edicion.fundacionoccident.org\/tennis\/author\/erik-de-la-fuente\"}]}<\/script>\n<!-- \/ Yoast SEO plugin. -->","yoast_head_json":{"title":"La Casa de Carlitos Alcar\u00e1z acoge con \u00e9xito la Xpress Tennis Cup de Alicante - Xpress Tennis Cup","robots":{"index":"index","follow":"follow","max-snippet":"max-snippet:-1","max-image-preview":"max-image-preview:large","max-video-preview":"max-video-preview:-1"},"canonical":"https:\/\/edicion.fundacionoccident.org\/tennis\/wp-json\/wp\/v2\/posts\/8261","og_locale":"es_ES","og_type":"article","og_title":"La Casa de Carlitos Alcar\u00e1z acoge con \u00e9xito la Xpress Tennis Cup de Alicante - Xpress Tennis Cup","og_description":"El torneo de formaci\u00f3n de Fundaci\u00f3n Jes\u00fas Serra contin\u00faa su circuito. Esta vez, con parada en la JC Ferrero Equelite Sport Academy para celebrar la fase provincial de Alicante. El 29 de abril se celebr\u00f3 la 7\u00aa edici\u00f3n de la Xpress Tennis Cup, el torneo...","og_url":"https:\/\/edicion.fundacionoccident.org\/tennis\/la-casa-de-carlitos-alcaraz-acoge-con-exito-la-xpress-tennis-cup-de-alicante","og_site_name":"Xpress Tennis Cup","article_published_time":"2023-05-18T08:46:57+00:00","article_modified_time":"2023-05-18T08:52:57+00:00","og_image":[{"width":1024,"height":618,"url":"https:\/\/edicion.fundacionoccident.org\/tennis\/wp-content\/uploads\/2023\/05\/Captura-de-pantalla-2023-05-18-105113-1024x618.png","type":"image\/png"}],"author":"Erik De la fuente","twitter_card":"summary_large_image","twitter_misc":{"Escrito por":"Erik De la fuente","Tiempo de lectura":"2 minutos"},"schema":{"@context":"https:\/\/schema.org","@graph":[{"@type":"WebPage","@id":"https:\/\/edicion.fundacionoccident.org\/tennis\/la-casa-de-carlitos-alcaraz-acoge-con-exito-la-xpress-tennis-cup-de-alicante","url":"https:\/\/edicion.fundacionoccident.org\/tennis\/la-casa-de-carlitos-alcaraz-acoge-con-exito-la-xpress-tennis-cup-de-alicante","name":"La Casa de Carlitos Alcar\u00e1z acoge con \u00e9xito la Xpress Tennis Cup de Alicante - Xpress Tennis Cup","isPartOf":{"@id":"https:\/\/edicion.fundacionoccident.org\/tennis\/#website"},"primaryImageOfPage":{"@id":"https:\/\/edicion.fundacionoccident.org\/tennis\/la-casa-de-carlitos-alcaraz-acoge-con-exito-la-xpress-tennis-cup-de-alicante#primaryimage"},"image":{"@id":"https:\/\/edicion.fundacionoccident.org\/tennis\/la-casa-de-carlitos-alcaraz-acoge-con-exito-la-xpress-tennis-cup-de-alicante#primaryimage"},"thumbnailUrl":"https:\/\/edicion.fundacionoccident.org\/tennis\/wp-content\/uploads\/2023\/05\/Captura-de-pantalla-2023-05-18-105113.png","datePublished":"2023-05-18T08:46:57+00:00","dateModified":"2023-05-18T08:52:57+00:00","author":{"@id":"https:\/\/edicion.fundacionoccident.org\/tennis\/#\/schema\/person\/15d394139c89086a652baba6d9dac40e"},"breadcrumb":{"@id":"https:\/\/edicion.fundacionoccident.org\/tennis\/la-casa-de-carlitos-alcaraz-acoge-con-exito-la-xpress-tennis-cup-de-alicante#breadcrumb"},"inLanguage":"es","potentialAction":[{"@type":"ReadAction","target":["https:\/\/edicion.fundacionoccident.org\/tennis\/la-casa-de-carlitos-alcaraz-acoge-con-exito-la-xpress-tennis-cup-de-alicante"]}]},{"@type":"ImageObject","inLanguage":"es","@id":"https:\/\/edicion.fundacionoccident.org\/tennis\/la-casa-de-carlitos-alcaraz-acoge-con-exito-la-xpress-tennis-cup-de-alicante#primaryimage","url":"https:\/\/edicion.fundacionoccident.org\/tennis\/wp-content\/uploads\/2023\/05\/Captura-de-pantalla-2023-05-18-105113.png","contentUrl":"https:\/\/edicion.fundacionoccident.org\/tennis\/wp-content\/uploads\/2023\/05\/Captura-de-pantalla-2023-05-18-105113.png","width":1210,"height":730},{"@type":"BreadcrumbList","@id":"https:\/\/edicion.fundacionoccident.org\/tennis\/la-casa-de-carlitos-alcaraz-acoge-con-exito-la-xpress-tennis-cup-de-alicante#breadcrumb","itemListElement":[{"@type":"ListItem","position":1,"name":"Portada","item":"https:\/\/edicion.fundacionoccident.org\/tennis\/"},{"@type":"ListItem","position":2,"name":"La Casa de Carlitos Alcar\u00e1z acoge con \u00e9xito la Xpress Tennis Cup de Alicante"}]},{"@type":"WebSite","@id":"https:\/\/edicion.fundacionoccident.org\/tennis\/#website","url":"https:\/\/edicion.fundacionoccident.org\/tennis\/","name":"Xpress Tennis Cup","description":"Fundaci\u00f3 Jes\u00fas Serra","potentialAction":[{"@type":"SearchAction","target":{"@type":"EntryPoint","urlTemplate":"https:\/\/edicion.fundacionoccident.org\/tennis\/?s={search_term_string}"},"query-input":{"@type":"PropertyValueSpecification","valueRequired":true,"valueName":"search_term_string"}}],"inLanguage":"es"},{"@type":"Person","@id":"https:\/\/edicion.fundacionoccident.org\/tennis\/#\/schema\/person\/15d394139c89086a652baba6d9dac40e","name":"Erik De la fuente","url":"https:\/\/edicion.fundacionoccident.org\/tennis\/author\/erik-de-la-fuente"}]}},"_links":{"self":[{"href":"https:\/\/edicion.fundacionoccident.org\/tennis\/wp-json\/wp\/v2\/posts\/8261","targetHints":{"allow":["GET"]}}],"collection":[{"href":"https:\/\/edicion.fundacionoccident.org\/tennis\/wp-json\/wp\/v2\/posts"}],"about":[{"href":"https:\/\/edicion.fundacionoccident.org\/tennis\/wp-json\/wp\/v2\/types\/post"}],"author":[{"embeddable":true,"href":"https:\/\/edicion.fundacionoccident.org\/tennis\/wp-json\/wp\/v2\/users\/22"}],"replies":[{"embeddable":true,"href":"https:\/\/edicion.fundacionoccident.org\/tennis\/wp-json\/wp\/v2\/comments?post=8261"}],"version-history":[{"count":4,"href":"https:\/\/edicion.fundacionoccident.org\/tennis\/wp-json\/wp\/v2\/posts\/8261\/revisions"}],"predecessor-version":[{"id":8266,"href":"https:\/\/edicion.fundacionoccident.org\/tennis\/wp-json\/wp\/v2\/posts\/8261\/revisions\/8266"}],"wp:featuredmedia":[{"embeddable":true,"href":"https:\/\/edicion.fundacionoccident.org\/tennis\/wp-json\/wp\/v2\/media\/8268"}],"wp:attachment":[{"href":"https:\/\/edicion.fundacionoccident.org\/tennis\/wp-json\/wp\/v2\/media?parent=8261"}],"wp:term":[{"taxonomy":"category","embeddable":true,"href":"https:\/\/edicion.fundacionoccident.org\/tennis\/wp-json\/wp\/v2\/categories?post=8261"},{"taxonomy":"post_tag","embeddable":true,"href":"https:\/\/edicion.fundacionoccident.org\/tennis\/wp-json\/wp\/v2\/tags?post=8261"}],"curies":[{"name":"wp","href":"https:\/\/api.w.org\/{rel}","templated":true}]}}