{"id":8366,"date":"2023-06-09T10:49:26","date_gmt":"2023-06-09T08:49:26","guid":{"rendered":"https:\/\/edicion.fundacionjesusserra.org\/tennis\/?p=8366"},"modified":"2023-06-29T10:57:09","modified_gmt":"2023-06-29T08:57:09","slug":"la-xpress-tennis-cup-deja-huella-en-cataluna-este-fin-de-semana-impulsando-el-tenis-base","status":"publish","type":"post","link":"https:\/\/edicion.fundacionoccident.org\/tennis\/la-xpress-tennis-cup-deja-huella-en-cataluna-este-fin-de-semana-impulsando-el-tenis-base","title":{"rendered":"La Xpress Tennis Cup deja huella en Catalu\u00f1a este fin de semana impulsando el tenis base"},"content":{"rendered":"<p><b><span data-contrast=\"auto\">Durante el pasado fin de semana, se llevaron a cabo con gran \u00e9xito las fases provinciales de Tarragona y Girona de la 7\u00aa edici\u00f3n de la Xpress Tennis Cup, el torneo de tenis base impulsado por Fundaci\u00f3n Jes\u00fas Serra de GCO.<\/span><\/b><span data-ccp-props=\"{&quot;201341983&quot;:0,&quot;335551550&quot;:6,&quot;335551620&quot;:6,&quot;335559739&quot;:160,&quot;335559740&quot;:259}\">\u00a0<\/span><\/p>\n<p><span data-ccp-props=\"{&quot;201341983&quot;:0,&quot;335551550&quot;:6,&quot;335551620&quot;:6,&quot;335559739&quot;:160,&quot;335559740&quot;:259}\">\u00a0<\/span><\/p>\n<p><span data-contrast=\"auto\">El Club de Tenis Llafranc y el Club de Tenis Tarragona, reconocidos por sus magn\u00edficas instalaciones, fueron los anfitriones de este evento un a\u00f1o m\u00e1s.<\/span> <span data-contrast=\"auto\">Los ni\u00f1os y ni\u00f1as participantes no solo disfrutaron de emocionantes competiciones, sino tambi\u00e9n de diversas actividades en la Fun Zone, creando una experiencia inolvidable en dos soleadas jornadas.\u00a0<\/span><span data-ccp-props=\"{&quot;201341983&quot;:0,&quot;335551550&quot;:6,&quot;335551620&quot;:6,&quot;335559739&quot;:160,&quot;335559740&quot;:259}\">\u00a0<\/span><\/p>\n<p><span data-ccp-props=\"{&quot;201341983&quot;:0,&quot;335551550&quot;:6,&quot;335551620&quot;:6,&quot;335559739&quot;:160,&quot;335559740&quot;:259}\">\u00a0<\/span><\/p>\n<p><b><span data-contrast=\"auto\">Fase provincial de Tarragona<\/span><\/b><span data-ccp-props=\"{&quot;201341983&quot;:0,&quot;335551550&quot;:6,&quot;335551620&quot;:6,&quot;335559739&quot;:160,&quot;335559740&quot;:259}\">\u00a0<\/span><\/p>\n<p><span data-contrast=\"auto\">El pasado s\u00e1bado 3 de junio, el Club de Tenis Tarragona alberg\u00f3 la fase provincial de Tarragona, que cont\u00f3 con una destacada participaci\u00f3n de 190 j\u00f3venes tenistas provenientes de los siguientes clubs: CPT Riudoms, CT Reus Monterols, CT Torredembarra, CT Tarragona, CT Bar\u00e0, El Catllar, CEE Constant\u00ed, CT Cunit y CT N\u00e0stic. Los participantes demostraron su habilidad y pasi\u00f3n en cada encuentro.<\/span><span data-ccp-props=\"{&quot;201341983&quot;:0,&quot;335551550&quot;:6,&quot;335551620&quot;:6,&quot;335559739&quot;:160,&quot;335559740&quot;:259}\">\u00a0<\/span><\/p>\n<p><b><span data-contrast=\"auto\">Cuadro de honor<\/span><\/b><span data-ccp-props=\"{&quot;201341983&quot;:0,&quot;335551550&quot;:2,&quot;335551620&quot;:2,&quot;335559739&quot;:160,&quot;335559740&quot;:259}\">\u00a0<\/span><\/p>\n<p><span data-contrast=\"auto\">Todos los ganadores\/as y finalistas de las diferentes categor\u00edas y modalidades. Los equipos finalistas y ganadores han obtenido una plaza para la Gran Final de Catalu\u00f1a.<\/span><span data-ccp-props=\"{&quot;201341983&quot;:0,&quot;335551550&quot;:2,&quot;335551620&quot;:2,&quot;335559739&quot;:160,&quot;335559740&quot;:259}\">\u00a0<\/span><\/p>\n<p><span data-ccp-props=\"{&quot;201341983&quot;:0,&quot;335551550&quot;:2,&quot;335551620&quot;:2,&quot;335559739&quot;:160,&quot;335559740&quot;:259}\">\u00a0<\/span><\/p>\n<p style=\"text-align: center;\"><b><span data-contrast=\"auto\">Categor\u00eda Sub-10 Femenino<\/span><\/b><span data-ccp-props=\"{&quot;201341983&quot;:0,&quot;335551550&quot;:2,&quot;335551620&quot;:2,&quot;335559739&quot;:160,&quot;335559740&quot;:259}\">\u00a0<\/span><\/p>\n<p style=\"text-align: center;\"><span data-contrast=\"auto\">Ganador: CT Tarragona<\/span><span data-ccp-props=\"{&quot;201341983&quot;:0,&quot;335551550&quot;:2,&quot;335551620&quot;:2,&quot;335559739&quot;:160,&quot;335559740&quot;:259}\">\u00a0<\/span><\/p>\n<p style=\"text-align: center;\"><span data-contrast=\"auto\">Finalista: CT Monterols<\/span><span data-ccp-props=\"{&quot;201341983&quot;:0,&quot;335551550&quot;:2,&quot;335551620&quot;:2,&quot;335559739&quot;:160,&quot;335559740&quot;:259}\">\u00a0<\/span><\/p>\n<p style=\"text-align: center;\"><span data-ccp-props=\"{&quot;201341983&quot;:0,&quot;335551550&quot;:2,&quot;335551620&quot;:2,&quot;335559739&quot;:160,&quot;335559740&quot;:259}\">\u00a0<\/span><\/p>\n<p style=\"text-align: center;\"><b><span data-contrast=\"auto\">Categor\u00eda Sub-12 Femenino<\/span><\/b><span data-ccp-props=\"{&quot;201341983&quot;:0,&quot;335551550&quot;:2,&quot;335551620&quot;:2,&quot;335559739&quot;:160,&quot;335559740&quot;:259}\">\u00a0<\/span><\/p>\n<p style=\"text-align: center;\"><span data-contrast=\"auto\">Ganador: CT Monterols<\/span><span data-ccp-props=\"{&quot;201341983&quot;:0,&quot;335551550&quot;:2,&quot;335551620&quot;:2,&quot;335559739&quot;:160,&quot;335559740&quot;:259}\">\u00a0<\/span><\/p>\n<p style=\"text-align: center;\"><span data-contrast=\"auto\">Finalista: CT Cunit<\/span><span data-ccp-props=\"{&quot;201341983&quot;:0,&quot;335551550&quot;:2,&quot;335551620&quot;:2,&quot;335559739&quot;:160,&quot;335559740&quot;:259}\">\u00a0<\/span><\/p>\n<p style=\"text-align: center;\"><span data-ccp-props=\"{&quot;201341983&quot;:0,&quot;335551550&quot;:2,&quot;335551620&quot;:2,&quot;335559739&quot;:160,&quot;335559740&quot;:259}\">\u00a0<\/span><\/p>\n<p style=\"text-align: center;\"><b><span data-contrast=\"auto\">Categor\u00eda Sub-10 Masculino<\/span><\/b><span data-ccp-props=\"{&quot;201341983&quot;:0,&quot;335551550&quot;:2,&quot;335551620&quot;:2,&quot;335559739&quot;:160,&quot;335559740&quot;:259}\">\u00a0<\/span><\/p>\n<p style=\"text-align: center;\"><span data-contrast=\"auto\">Ganador: CT Monterols<\/span><span data-ccp-props=\"{&quot;201341983&quot;:0,&quot;335551550&quot;:2,&quot;335551620&quot;:2,&quot;335559739&quot;:160,&quot;335559740&quot;:259}\">\u00a0<\/span><\/p>\n<p style=\"text-align: center;\"><span data-contrast=\"auto\">Finalista: CT Cunit\u00a0<\/span><span data-ccp-props=\"{&quot;201341983&quot;:0,&quot;335551550&quot;:2,&quot;335551620&quot;:2,&quot;335559739&quot;:160,&quot;335559740&quot;:259}\">\u00a0<\/span><\/p>\n<p style=\"text-align: center;\"><span data-ccp-props=\"{&quot;201341983&quot;:0,&quot;335551550&quot;:2,&quot;335551620&quot;:2,&quot;335559739&quot;:160,&quot;335559740&quot;:259}\">\u00a0<\/span><\/p>\n<p style=\"text-align: center;\"><b><span data-contrast=\"auto\">Categor\u00eda Sub-12 Masculino<\/span><\/b><span data-ccp-props=\"{&quot;201341983&quot;:0,&quot;335551550&quot;:2,&quot;335551620&quot;:2,&quot;335559739&quot;:160,&quot;335559740&quot;:259}\">\u00a0<\/span><\/p>\n<p style=\"text-align: center;\"><span data-contrast=\"auto\">Ganador: CT Tarragona<\/span><span data-ccp-props=\"{&quot;201341983&quot;:0,&quot;335551550&quot;:2,&quot;335551620&quot;:2,&quot;335559739&quot;:160,&quot;335559740&quot;:259}\">\u00a0<\/span><\/p>\n<p style=\"text-align: center;\"><span data-contrast=\"auto\">Finalista: CT Monterols<\/span><span data-ccp-props=\"{&quot;201341983&quot;:0,&quot;335551550&quot;:2,&quot;335551620&quot;:2,&quot;335559739&quot;:160,&quot;335559740&quot;:259}\">\u00a0<\/span><\/p>\n<p style=\"text-align: center;\"><span data-ccp-props=\"{&quot;201341983&quot;:0,&quot;335551550&quot;:2,&quot;335551620&quot;:2,&quot;335559739&quot;:160,&quot;335559740&quot;:259}\">\u00a0<\/span><\/p>\n<p style=\"text-align: center;\"><b><span data-contrast=\"auto\">Categor\u00eda Minitenis<\/span><\/b><span data-ccp-props=\"{&quot;201341983&quot;:0,&quot;335551550&quot;:2,&quot;335551620&quot;:2,&quot;335559739&quot;:160,&quot;335559740&quot;:259}\">\u00a0<\/span><\/p>\n<p style=\"text-align: center;\"><span data-contrast=\"auto\">Formato no competitivo. Todos los participantes recibieron una medalla.<\/span><span data-ccp-props=\"{&quot;201341983&quot;:0,&quot;335551550&quot;:2,&quot;335551620&quot;:2,&quot;335559739&quot;:160,&quot;335559740&quot;:259}\">\u00a0<\/span><\/p>\n<p><span data-ccp-props=\"{&quot;201341983&quot;:0,&quot;335559739&quot;:160,&quot;335559740&quot;:259}\">\u00a0<\/span><\/p>\n<p><b><span data-contrast=\"auto\">Fase provincial de Girona<\/span><\/b><span data-ccp-props=\"{&quot;201341983&quot;:0,&quot;335559739&quot;:160,&quot;335559740&quot;:259}\">\u00a0<\/span><\/p>\n<p><span data-contrast=\"auto\">El domingo 4 de junio, se llev\u00f3 a cabo con entusiasmo la fase provincial de Girona. El torneo cont\u00f3 con la participaci\u00f3n de 110 ni\u00f1os y ni\u00f1as, quienes disfrutaron de una jornada inolvidable repleta de tenis y actividades complementarias. Los clubs participantes fueron Topten Tenis Club, el CT Baix Empord\u00e0, CT Llafranc, CT Girona, TAC-TIC Tennis Club, CT Besal\u00fa.<\/span><span data-ccp-props=\"{&quot;201341983&quot;:0,&quot;335551550&quot;:6,&quot;335551620&quot;:6,&quot;335559739&quot;:160,&quot;335559740&quot;:259}\">\u00a0<\/span><\/p>\n<p><span data-ccp-props=\"{&quot;201341983&quot;:0,&quot;335559739&quot;:160,&quot;335559740&quot;:259}\">\u00a0<\/span><\/p>\n<p><b><span data-contrast=\"auto\">Cuadro de honor<\/span><\/b><span data-ccp-props=\"{&quot;201341983&quot;:0,&quot;335551550&quot;:2,&quot;335551620&quot;:2,&quot;335559739&quot;:160,&quot;335559740&quot;:259}\">\u00a0<\/span><\/p>\n<p><span data-contrast=\"auto\">Todos los ganadores\/as y finalistas de las diferentes categor\u00edas y modalidades. Los equipos finalistas y ganadores han obtenido una plaza para la Gran Final de Catalu\u00f1a.<\/span><span data-ccp-props=\"{&quot;201341983&quot;:0,&quot;335551550&quot;:2,&quot;335551620&quot;:2,&quot;335559739&quot;:160,&quot;335559740&quot;:259}\">\u00a0<\/span><\/p>\n<p><span data-ccp-props=\"{&quot;201341983&quot;:0,&quot;335551550&quot;:2,&quot;335551620&quot;:2,&quot;335559739&quot;:160,&quot;335559740&quot;:259}\">\u00a0<\/span><\/p>\n<p style=\"text-align: center;\"><b><span data-contrast=\"auto\">Categor\u00eda Sub-10 Femenino<\/span><\/b><span data-ccp-props=\"{&quot;201341983&quot;:0,&quot;335551550&quot;:2,&quot;335551620&quot;:2,&quot;335559739&quot;:160,&quot;335559740&quot;:259}\">\u00a0<\/span><\/p>\n<p style=\"text-align: center;\"><span data-contrast=\"auto\">Ganador: CT Girona<\/span><span data-ccp-props=\"{&quot;201341983&quot;:0,&quot;335551550&quot;:2,&quot;335551620&quot;:2,&quot;335559739&quot;:160,&quot;335559740&quot;:259}\">\u00a0<\/span><\/p>\n<p style=\"text-align: center;\"><span data-contrast=\"auto\">Finalista: Topten Tennis Club<\/span><span data-ccp-props=\"{&quot;201341983&quot;:0,&quot;335551550&quot;:2,&quot;335551620&quot;:2,&quot;335559739&quot;:160,&quot;335559740&quot;:259}\">\u00a0<\/span><\/p>\n<p style=\"text-align: center;\"><span data-ccp-props=\"{&quot;201341983&quot;:0,&quot;335551550&quot;:2,&quot;335551620&quot;:2,&quot;335559739&quot;:160,&quot;335559740&quot;:259}\">\u00a0<\/span><\/p>\n<p style=\"text-align: center;\"><b><span data-contrast=\"auto\">Categor\u00eda Sub-12 Femenino<\/span><\/b><span data-ccp-props=\"{&quot;201341983&quot;:0,&quot;335551550&quot;:2,&quot;335551620&quot;:2,&quot;335559739&quot;:160,&quot;335559740&quot;:259}\">\u00a0<\/span><\/p>\n<p style=\"text-align: center;\"><span data-contrast=\"auto\">Ganador: CT Girona<\/span><span data-ccp-props=\"{&quot;201341983&quot;:0,&quot;335551550&quot;:2,&quot;335551620&quot;:2,&quot;335559739&quot;:160,&quot;335559740&quot;:259}\">\u00a0<\/span><\/p>\n<p style=\"text-align: center;\"><span data-contrast=\"auto\">Finalista: Topten Tennis Club<\/span><span data-ccp-props=\"{&quot;201341983&quot;:0,&quot;335551550&quot;:2,&quot;335551620&quot;:2,&quot;335559739&quot;:160,&quot;335559740&quot;:259}\">\u00a0<\/span><\/p>\n<p style=\"text-align: center;\"><span data-ccp-props=\"{&quot;201341983&quot;:0,&quot;335551550&quot;:2,&quot;335551620&quot;:2,&quot;335559739&quot;:160,&quot;335559740&quot;:259}\">\u00a0<\/span><\/p>\n<p style=\"text-align: center;\"><b><span data-contrast=\"auto\">Categor\u00eda Sub-10 Masculino<\/span><\/b><span data-ccp-props=\"{&quot;201341983&quot;:0,&quot;335551550&quot;:2,&quot;335551620&quot;:2,&quot;335559739&quot;:160,&quot;335559740&quot;:259}\">\u00a0<\/span><\/p>\n<p style=\"text-align: center;\"><span data-contrast=\"auto\">Ganador: Topten Tennis Club<\/span><span data-ccp-props=\"{&quot;201341983&quot;:0,&quot;335551550&quot;:2,&quot;335551620&quot;:2,&quot;335559739&quot;:160,&quot;335559740&quot;:259}\">\u00a0<\/span><\/p>\n<p style=\"text-align: center;\"><span data-contrast=\"auto\">Finalista: CT Girona\u00a0<\/span><span data-ccp-props=\"{&quot;201341983&quot;:0,&quot;335551550&quot;:2,&quot;335551620&quot;:2,&quot;335559739&quot;:160,&quot;335559740&quot;:259}\">\u00a0<\/span><\/p>\n<p style=\"text-align: center;\"><span data-ccp-props=\"{&quot;201341983&quot;:0,&quot;335551550&quot;:2,&quot;335551620&quot;:2,&quot;335559739&quot;:160,&quot;335559740&quot;:259}\">\u00a0<\/span><\/p>\n<p style=\"text-align: center;\"><b><span data-contrast=\"auto\">Categor\u00eda Sub-12 Masculino<\/span><\/b><span data-ccp-props=\"{&quot;201341983&quot;:0,&quot;335551550&quot;:2,&quot;335551620&quot;:2,&quot;335559739&quot;:160,&quot;335559740&quot;:259}\">\u00a0<\/span><\/p>\n<p style=\"text-align: center;\"><span data-contrast=\"auto\">Ganador: Topten Tennis Club<\/span><span data-ccp-props=\"{&quot;201341983&quot;:0,&quot;335551550&quot;:2,&quot;335551620&quot;:2,&quot;335559739&quot;:160,&quot;335559740&quot;:259}\">\u00a0<\/span><\/p>\n<p style=\"text-align: center;\"><span data-contrast=\"auto\">Finalista: CT Girona<\/span><span data-ccp-props=\"{&quot;201341983&quot;:0,&quot;335551550&quot;:2,&quot;335551620&quot;:2,&quot;335559739&quot;:160,&quot;335559740&quot;:259}\">\u00a0<\/span><\/p>\n<p style=\"text-align: center;\"><span data-ccp-props=\"{&quot;201341983&quot;:0,&quot;335551550&quot;:2,&quot;335551620&quot;:2,&quot;335559739&quot;:160,&quot;335559740&quot;:259}\">\u00a0<\/span><\/p>\n<p style=\"text-align: center;\"><b><span data-contrast=\"auto\">Categor\u00eda Minitenis<\/span><\/b><span data-ccp-props=\"{&quot;201341983&quot;:0,&quot;335551550&quot;:2,&quot;335551620&quot;:2,&quot;335559739&quot;:160,&quot;335559740&quot;:259}\">\u00a0<\/span><\/p>\n<p style=\"text-align: center;\"><span data-contrast=\"auto\">Formato no competitivo. Todos los participantes recibieron una medalla.<\/span><span data-ccp-props=\"{&quot;201341983&quot;:0,&quot;335551550&quot;:2,&quot;335551620&quot;:2,&quot;335559739&quot;:160,&quot;335559740&quot;:259}\">\u00a0<\/span><\/p>\n<p><span data-ccp-props=\"{&quot;201341983&quot;:0,&quot;335559739&quot;:160,&quot;335559740&quot;:259}\">\u00a0<\/span><\/p>\n<p><span data-contrast=\"auto\">La \u00faltima fase provincial de esta edici\u00f3n de la Xpress Tennis Cup est\u00e1 programada para el 17 de junio en el Cercle Sabadell\u00e8s, con la celebraci\u00f3n de la fase provincial de Barcelona. Los equipos ganadores y finalistas de las fases provinciales de Lleida, Tarragona, Girona y Barcelona competir\u00e1n en la gran final de Catalunya el domingo 18 de junio en el Cercle Sabadell\u00e8s.\u00a0<\/span><span data-ccp-props=\"{&quot;201341983&quot;:0,&quot;335551550&quot;:6,&quot;335551620&quot;:6,&quot;335559739&quot;:160,&quot;335559740&quot;:259}\">\u00a0<\/span><\/p>\n","protected":false},"excerpt":{"rendered":"<p>Durante el pasado fin de semana, se llevaron a cabo con gran \u00e9xito las fases provinciales de Tarragona y Girona de la 7\u00aa edici\u00f3n de la Xpress Tennis Cup, el torneo de tenis base impulsado por Fundaci\u00f3n Jes\u00fas Serra de GCO.\u00a0 \u00a0 El Club de&#8230;<\/p>\n","protected":false},"author":22,"featured_media":8368,"comment_status":"closed","ping_status":"closed","sticky":false,"template":"","format":"standard","meta":{"footnotes":"","_links_to":"","_links_to_target":""},"categories":[50],"tags":[],"class_list":["post-8366","post","type-post","status-publish","format-standard","has-post-thumbnail","hentry","category-xtc"],"yoast_head":"<!-- This site is optimized with the Yoast SEO plugin v26.3 - https:\/\/yoast.com\/wordpress\/plugins\/seo\/ -->\n<title>La Xpress Tennis Cup deja huella en Catalu\u00f1a este fin de semana impulsando el tenis base - Xpress Tennis Cup<\/title>\n<meta name=\"robots\" content=\"index, follow, max-snippet:-1, max-image-preview:large, max-video-preview:-1\" \/>\n<link rel=\"canonical\" href=\"https:\/\/edicion.fundacionoccident.org\/tennis\/wp-json\/wp\/v2\/posts\/8366\" \/>\n<meta property=\"og:locale\" content=\"es_ES\" \/>\n<meta property=\"og:type\" content=\"article\" \/>\n<meta property=\"og:title\" content=\"La Xpress Tennis Cup deja huella en Catalu\u00f1a este fin de semana impulsando el tenis base - Xpress Tennis Cup\" \/>\n<meta property=\"og:description\" content=\"Durante el pasado fin de semana, se llevaron a cabo con gran \u00e9xito las fases provinciales de Tarragona y Girona de la 7\u00aa edici\u00f3n de la Xpress Tennis Cup, el torneo de tenis base impulsado por Fundaci\u00f3n Jes\u00fas Serra de GCO.\u00a0 \u00a0 El Club de...\" \/>\n<meta property=\"og:url\" content=\"https:\/\/edicion.fundacionoccident.org\/tennis\/la-xpress-tennis-cup-deja-huella-en-cataluna-este-fin-de-semana-impulsando-el-tenis-base\" \/>\n<meta property=\"og:site_name\" content=\"Xpress Tennis Cup\" \/>\n<meta property=\"article:published_time\" content=\"2023-06-09T08:49:26+00:00\" \/>\n<meta property=\"article:modified_time\" content=\"2023-06-29T08:57:09+00:00\" \/>\n<meta property=\"og:image\" content=\"https:\/\/edicion.fundacionoccident.org\/tennis\/wp-content\/uploads\/2023\/06\/Captura.png\" \/>\n\t<meta property=\"og:image:width\" content=\"1327\" \/>\n\t<meta property=\"og:image:height\" content=\"766\" \/>\n\t<meta property=\"og:image:type\" content=\"image\/png\" \/>\n<meta name=\"author\" content=\"Erik De la fuente\" \/>\n<meta name=\"twitter:card\" content=\"summary_large_image\" \/>\n<meta name=\"twitter:label1\" content=\"Escrito por\" \/>\n\t<meta name=\"twitter:data1\" content=\"Erik De la fuente\" \/>\n\t<meta name=\"twitter:label2\" content=\"Tiempo de lectura\" \/>\n\t<meta name=\"twitter:data2\" content=\"2 minutos\" \/>\n<script type=\"application\/ld+json\" class=\"yoast-schema-graph\">{\"@context\":\"https:\/\/schema.org\",\"@graph\":[{\"@type\":\"WebPage\",\"@id\":\"https:\/\/edicion.fundacionoccident.org\/tennis\/la-xpress-tennis-cup-deja-huella-en-cataluna-este-fin-de-semana-impulsando-el-tenis-base\",\"url\":\"https:\/\/edicion.fundacionoccident.org\/tennis\/la-xpress-tennis-cup-deja-huella-en-cataluna-este-fin-de-semana-impulsando-el-tenis-base\",\"name\":\"La Xpress Tennis Cup deja huella en Catalu\u00f1a este fin de semana impulsando el tenis base - Xpress Tennis Cup\",\"isPartOf\":{\"@id\":\"https:\/\/edicion.fundacionoccident.org\/tennis\/#website\"},\"primaryImageOfPage\":{\"@id\":\"https:\/\/edicion.fundacionoccident.org\/tennis\/la-xpress-tennis-cup-deja-huella-en-cataluna-este-fin-de-semana-impulsando-el-tenis-base#primaryimage\"},\"image\":{\"@id\":\"https:\/\/edicion.fundacionoccident.org\/tennis\/la-xpress-tennis-cup-deja-huella-en-cataluna-este-fin-de-semana-impulsando-el-tenis-base#primaryimage\"},\"thumbnailUrl\":\"https:\/\/edicion.fundacionoccident.org\/tennis\/wp-content\/uploads\/2023\/06\/Captura.png\",\"datePublished\":\"2023-06-09T08:49:26+00:00\",\"dateModified\":\"2023-06-29T08:57:09+00:00\",\"author\":{\"@id\":\"https:\/\/edicion.fundacionoccident.org\/tennis\/#\/schema\/person\/15d394139c89086a652baba6d9dac40e\"},\"breadcrumb\":{\"@id\":\"https:\/\/edicion.fundacionoccident.org\/tennis\/la-xpress-tennis-cup-deja-huella-en-cataluna-este-fin-de-semana-impulsando-el-tenis-base#breadcrumb\"},\"inLanguage\":\"es\",\"potentialAction\":[{\"@type\":\"ReadAction\",\"target\":[\"https:\/\/edicion.fundacionoccident.org\/tennis\/la-xpress-tennis-cup-deja-huella-en-cataluna-este-fin-de-semana-impulsando-el-tenis-base\"]}]},{\"@type\":\"ImageObject\",\"inLanguage\":\"es\",\"@id\":\"https:\/\/edicion.fundacionoccident.org\/tennis\/la-xpress-tennis-cup-deja-huella-en-cataluna-este-fin-de-semana-impulsando-el-tenis-base#primaryimage\",\"url\":\"https:\/\/edicion.fundacionoccident.org\/tennis\/wp-content\/uploads\/2023\/06\/Captura.png\",\"contentUrl\":\"https:\/\/edicion.fundacionoccident.org\/tennis\/wp-content\/uploads\/2023\/06\/Captura.png\",\"width\":1327,\"height\":766},{\"@type\":\"BreadcrumbList\",\"@id\":\"https:\/\/edicion.fundacionoccident.org\/tennis\/la-xpress-tennis-cup-deja-huella-en-cataluna-este-fin-de-semana-impulsando-el-tenis-base#breadcrumb\",\"itemListElement\":[{\"@type\":\"ListItem\",\"position\":1,\"name\":\"Portada\",\"item\":\"https:\/\/edicion.fundacionoccident.org\/tennis\/\"},{\"@type\":\"ListItem\",\"position\":2,\"name\":\"La Xpress Tennis Cup deja huella en Catalu\u00f1a este fin de semana impulsando el tenis base\"}]},{\"@type\":\"WebSite\",\"@id\":\"https:\/\/edicion.fundacionoccident.org\/tennis\/#website\",\"url\":\"https:\/\/edicion.fundacionoccident.org\/tennis\/\",\"name\":\"Xpress Tennis Cup\",\"description\":\"Fundaci\u00f3 Jes\u00fas Serra\",\"potentialAction\":[{\"@type\":\"SearchAction\",\"target\":{\"@type\":\"EntryPoint\",\"urlTemplate\":\"https:\/\/edicion.fundacionoccident.org\/tennis\/?s={search_term_string}\"},\"query-input\":{\"@type\":\"PropertyValueSpecification\",\"valueRequired\":true,\"valueName\":\"search_term_string\"}}],\"inLanguage\":\"es\"},{\"@type\":\"Person\",\"@id\":\"https:\/\/edicion.fundacionoccident.org\/tennis\/#\/schema\/person\/15d394139c89086a652baba6d9dac40e\",\"name\":\"Erik De la fuente\",\"url\":\"https:\/\/edicion.fundacionoccident.org\/tennis\/author\/erik-de-la-fuente\"}]}<\/script>\n<!-- \/ Yoast SEO plugin. -->","yoast_head_json":{"title":"La Xpress Tennis Cup deja huella en Catalu\u00f1a este fin de semana impulsando el tenis base - Xpress Tennis Cup","robots":{"index":"index","follow":"follow","max-snippet":"max-snippet:-1","max-image-preview":"max-image-preview:large","max-video-preview":"max-video-preview:-1"},"canonical":"https:\/\/edicion.fundacionoccident.org\/tennis\/wp-json\/wp\/v2\/posts\/8366","og_locale":"es_ES","og_type":"article","og_title":"La Xpress Tennis Cup deja huella en Catalu\u00f1a este fin de semana impulsando el tenis base - Xpress Tennis Cup","og_description":"Durante el pasado fin de semana, se llevaron a cabo con gran \u00e9xito las fases provinciales de Tarragona y Girona de la 7\u00aa edici\u00f3n de la Xpress Tennis Cup, el torneo de tenis base impulsado por Fundaci\u00f3n Jes\u00fas Serra de GCO.\u00a0 \u00a0 El Club de...","og_url":"https:\/\/edicion.fundacionoccident.org\/tennis\/la-xpress-tennis-cup-deja-huella-en-cataluna-este-fin-de-semana-impulsando-el-tenis-base","og_site_name":"Xpress Tennis Cup","article_published_time":"2023-06-09T08:49:26+00:00","article_modified_time":"2023-06-29T08:57:09+00:00","og_image":[{"width":1327,"height":766,"url":"https:\/\/edicion.fundacionoccident.org\/tennis\/wp-content\/uploads\/2023\/06\/Captura.png","type":"image\/png"}],"author":"Erik De la fuente","twitter_card":"summary_large_image","twitter_misc":{"Escrito por":"Erik De la fuente","Tiempo de lectura":"2 minutos"},"schema":{"@context":"https:\/\/schema.org","@graph":[{"@type":"WebPage","@id":"https:\/\/edicion.fundacionoccident.org\/tennis\/la-xpress-tennis-cup-deja-huella-en-cataluna-este-fin-de-semana-impulsando-el-tenis-base","url":"https:\/\/edicion.fundacionoccident.org\/tennis\/la-xpress-tennis-cup-deja-huella-en-cataluna-este-fin-de-semana-impulsando-el-tenis-base","name":"La Xpress Tennis Cup deja huella en Catalu\u00f1a este fin de semana impulsando el tenis base - Xpress Tennis Cup","isPartOf":{"@id":"https:\/\/edicion.fundacionoccident.org\/tennis\/#website"},"primaryImageOfPage":{"@id":"https:\/\/edicion.fundacionoccident.org\/tennis\/la-xpress-tennis-cup-deja-huella-en-cataluna-este-fin-de-semana-impulsando-el-tenis-base#primaryimage"},"image":{"@id":"https:\/\/edicion.fundacionoccident.org\/tennis\/la-xpress-tennis-cup-deja-huella-en-cataluna-este-fin-de-semana-impulsando-el-tenis-base#primaryimage"},"thumbnailUrl":"https:\/\/edicion.fundacionoccident.org\/tennis\/wp-content\/uploads\/2023\/06\/Captura.png","datePublished":"2023-06-09T08:49:26+00:00","dateModified":"2023-06-29T08:57:09+00:00","author":{"@id":"https:\/\/edicion.fundacionoccident.org\/tennis\/#\/schema\/person\/15d394139c89086a652baba6d9dac40e"},"breadcrumb":{"@id":"https:\/\/edicion.fundacionoccident.org\/tennis\/la-xpress-tennis-cup-deja-huella-en-cataluna-este-fin-de-semana-impulsando-el-tenis-base#breadcrumb"},"inLanguage":"es","potentialAction":[{"@type":"ReadAction","target":["https:\/\/edicion.fundacionoccident.org\/tennis\/la-xpress-tennis-cup-deja-huella-en-cataluna-este-fin-de-semana-impulsando-el-tenis-base"]}]},{"@type":"ImageObject","inLanguage":"es","@id":"https:\/\/edicion.fundacionoccident.org\/tennis\/la-xpress-tennis-cup-deja-huella-en-cataluna-este-fin-de-semana-impulsando-el-tenis-base#primaryimage","url":"https:\/\/edicion.fundacionoccident.org\/tennis\/wp-content\/uploads\/2023\/06\/Captura.png","contentUrl":"https:\/\/edicion.fundacionoccident.org\/tennis\/wp-content\/uploads\/2023\/06\/Captura.png","width":1327,"height":766},{"@type":"BreadcrumbList","@id":"https:\/\/edicion.fundacionoccident.org\/tennis\/la-xpress-tennis-cup-deja-huella-en-cataluna-este-fin-de-semana-impulsando-el-tenis-base#breadcrumb","itemListElement":[{"@type":"ListItem","position":1,"name":"Portada","item":"https:\/\/edicion.fundacionoccident.org\/tennis\/"},{"@type":"ListItem","position":2,"name":"La Xpress Tennis Cup deja huella en Catalu\u00f1a este fin de semana impulsando el tenis base"}]},{"@type":"WebSite","@id":"https:\/\/edicion.fundacionoccident.org\/tennis\/#website","url":"https:\/\/edicion.fundacionoccident.org\/tennis\/","name":"Xpress Tennis Cup","description":"Fundaci\u00f3 Jes\u00fas Serra","potentialAction":[{"@type":"SearchAction","target":{"@type":"EntryPoint","urlTemplate":"https:\/\/edicion.fundacionoccident.org\/tennis\/?s={search_term_string}"},"query-input":{"@type":"PropertyValueSpecification","valueRequired":true,"valueName":"search_term_string"}}],"inLanguage":"es"},{"@type":"Person","@id":"https:\/\/edicion.fundacionoccident.org\/tennis\/#\/schema\/person\/15d394139c89086a652baba6d9dac40e","name":"Erik De la fuente","url":"https:\/\/edicion.fundacionoccident.org\/tennis\/author\/erik-de-la-fuente"}]}},"_links":{"self":[{"href":"https:\/\/edicion.fundacionoccident.org\/tennis\/wp-json\/wp\/v2\/posts\/8366","targetHints":{"allow":["GET"]}}],"collection":[{"href":"https:\/\/edicion.fundacionoccident.org\/tennis\/wp-json\/wp\/v2\/posts"}],"about":[{"href":"https:\/\/edicion.fundacionoccident.org\/tennis\/wp-json\/wp\/v2\/types\/post"}],"author":[{"embeddable":true,"href":"https:\/\/edicion.fundacionoccident.org\/tennis\/wp-json\/wp\/v2\/users\/22"}],"replies":[{"embeddable":true,"href":"https:\/\/edicion.fundacionoccident.org\/tennis\/wp-json\/wp\/v2\/comments?post=8366"}],"version-history":[{"count":1,"href":"https:\/\/edicion.fundacionoccident.org\/tennis\/wp-json\/wp\/v2\/posts\/8366\/revisions"}],"predecessor-version":[{"id":8367,"href":"https:\/\/edicion.fundacionoccident.org\/tennis\/wp-json\/wp\/v2\/posts\/8366\/revisions\/8367"}],"wp:featuredmedia":[{"embeddable":true,"href":"https:\/\/edicion.fundacionoccident.org\/tennis\/wp-json\/wp\/v2\/media\/8368"}],"wp:attachment":[{"href":"https:\/\/edicion.fundacionoccident.org\/tennis\/wp-json\/wp\/v2\/media?parent=8366"}],"wp:term":[{"taxonomy":"category","embeddable":true,"href":"https:\/\/edicion.fundacionoccident.org\/tennis\/wp-json\/wp\/v2\/categories?post=8366"},{"taxonomy":"post_tag","embeddable":true,"href":"https:\/\/edicion.fundacionoccident.org\/tennis\/wp-json\/wp\/v2\/tags?post=8366"}],"curies":[{"name":"wp","href":"https:\/\/api.w.org\/{rel}","templated":true}]}}