{"id":8372,"date":"2023-06-25T11:05:44","date_gmt":"2023-06-25T09:05:44","guid":{"rendered":"https:\/\/edicion.fundacionjesusserra.org\/tennis\/?p=8372"},"modified":"2023-06-29T11:09:04","modified_gmt":"2023-06-29T09:09:04","slug":"se-celebra-la-fase-provincial-de-barcelona-de-la-xpress-tennis-cup-en-el-cercle-sabadelles-y-se-pospone-la-gran-final-de-catalunya-al-1-de-julio","status":"publish","type":"post","link":"https:\/\/edicion.fundacionoccident.org\/tennis\/se-celebra-la-fase-provincial-de-barcelona-de-la-xpress-tennis-cup-en-el-cercle-sabadelles-y-se-pospone-la-gran-final-de-catalunya-al-1-de-julio","title":{"rendered":"Se celebra la fase provincial de Barcelona de la Xpress Tennis Cup en el Cercle Sabadell\u00e8s y se pospone la gran final de Catalunya al 1 de julio"},"content":{"rendered":"<p><b><span data-contrast=\"auto\">La Xpress Tennis Cup, el prestigioso torneo de tenis base organizado por Fundaci\u00f3n Jes\u00fas Serra de GCO, tuvo lugar el fin de semana del 17 y 18 de junio en el Cercle Sabadell\u00e8s. El evento comenz\u00f3 el s\u00e1bado con la emocionante fase provincial de Barcelona y estaba programado para culminar el domingo con la gran final de Catalunya, que se vio interrumpida por la lluvia.<\/span><\/b><span data-ccp-props=\"{&quot;201341983&quot;:0,&quot;335551550&quot;:6,&quot;335551620&quot;:6,&quot;335559739&quot;:160,&quot;335559740&quot;:259}\">\u00a0<\/span><\/p>\n<p><span data-contrast=\"auto\">Lamentablemente, debido a las adversas condiciones meteorol\u00f3gicas experimentadas el domingo, la gran final tuvo que ser cancelada por motivos de seguridad. Con el objetivo de asegurar la integridad de los jugadores y el correcto desarrollo del torneo, se decidi\u00f3 posponer la final al pr\u00f3ximo 1 de julio, que se llevar\u00e1 a cabo en las instalaciones del Cercle Sabadell\u00e8s.<\/span><span data-ccp-props=\"{&quot;201341983&quot;:0,&quot;335551550&quot;:6,&quot;335551620&quot;:6,&quot;335559739&quot;:160,&quot;335559740&quot;:259}\">\u00a0<\/span><\/p>\n<p><span data-contrast=\"auto\">La fase provincial de Barcelona, celebrada el s\u00e1bado, fue un gran \u00e9xito. Jugadores j\u00f3venes y talentosos demostraron su destreza y pasi\u00f3n por el tenis, compitiendo en un ambiente deportivo y amistoso.\u00a0<\/span><span data-ccp-props=\"{&quot;201341983&quot;:0,&quot;335551550&quot;:6,&quot;335551620&quot;:6,&quot;335559739&quot;:160,&quot;335559740&quot;:259}\">\u00a0<\/span><\/p>\n<p><span data-contrast=\"auto\">La fanzone se convirti\u00f3 en el epicentro de la diversi\u00f3n, presentando interesantes novedades en esta 7\u00aa edici\u00f3n. Entre ellas, destacaron la emocionante ruleta Wilson, que mantuvo a todos los participantes en vilo con cada giro, y el radar de velocidad, que desafi\u00f3 a los j\u00f3venes atletas a medir su potencia y precisi\u00f3n en cada saque. Adem\u00e1s, los juegos de mesa de PLAKKS (el de f\u00fatbol y minigolf) fueron la sensaci\u00f3n entre\u202flos ni\u00f1os, manteni\u00e9ndolos completamente absortos y brind\u00e1ndoles momentos de pura alegr\u00eda.<\/span><span data-ccp-props=\"{&quot;201341983&quot;:0,&quot;335551550&quot;:6,&quot;335551620&quot;:6,&quot;335559739&quot;:160,&quot;335559740&quot;:259}\">\u00a0<\/span><\/p>\n<p><span data-contrast=\"auto\">Desde mediados de esta edici\u00f3n de Xpress Tennis Cup y Xpress Padel Cup, Plakks ha comenzado a ser colaborador de ambos torneos en los que los participantes pueden disfrutar de sus juegos deportivos y sostenibles Made in Spain.<\/span><span data-ccp-props=\"{&quot;201341983&quot;:0,&quot;335551550&quot;:6,&quot;335551620&quot;:6,&quot;335559739&quot;:160,&quot;335559740&quot;:259}\">\u00a0<\/span><\/p>\n<p><span data-contrast=\"auto\">El torneo cont\u00f3 con la participaci\u00f3n de 185 ni\u00f1os y ni\u00f1as, quienes disfrutaron de una jornada inolvidable repleta de tenis. Los clubs participantes, verdaderos pilares de este torneo, fueron: CN Sant Cugat, CT Vilanova, Cercle Sabadell\u00e8s, RCT Barcelona, CT Torell\u00f3, City Sport, CT Sabadell y Barber\u00e0 Tennis Club.\u00a0<\/span><span data-ccp-props=\"{&quot;201341983&quot;:0,&quot;335551550&quot;:6,&quot;335551620&quot;:6,&quot;335559739&quot;:160,&quot;335559740&quot;:259}\">\u00a0<\/span><\/p>\n<p><span data-ccp-props=\"{&quot;201341983&quot;:0,&quot;335551550&quot;:6,&quot;335551620&quot;:6,&quot;335559739&quot;:160,&quot;335559740&quot;:259}\">\u00a0<\/span><\/p>\n<p><b><span data-contrast=\"auto\">Cuadro de honor<\/span><\/b><span data-ccp-props=\"{&quot;201341983&quot;:0,&quot;335551550&quot;:2,&quot;335551620&quot;:2,&quot;335559685&quot;:360,&quot;335559739&quot;:160,&quot;335559740&quot;:259}\">\u00a0<\/span><\/p>\n<p><span data-contrast=\"auto\">Todos los ganadores\/as y finalistas de las diferentes categor\u00edas y modalidades. Los equipos finalistas y ganadores han obtenido una plaza para la Gran Final de Catalu\u00f1a.<\/span><span data-ccp-props=\"{&quot;201341983&quot;:0,&quot;335551550&quot;:2,&quot;335551620&quot;:2,&quot;335559685&quot;:360,&quot;335559739&quot;:160,&quot;335559740&quot;:259}\">\u00a0<\/span><\/p>\n<p><span data-ccp-props=\"{&quot;201341983&quot;:0,&quot;335551550&quot;:2,&quot;335551620&quot;:2,&quot;335559685&quot;:360,&quot;335559739&quot;:160,&quot;335559740&quot;:259}\">\u00a0<\/span><\/p>\n<p style=\"text-align: center;\"><b><span data-contrast=\"auto\">Categor\u00eda Sub-10 Femenino<\/span><\/b><span data-ccp-props=\"{&quot;201341983&quot;:0,&quot;335551550&quot;:2,&quot;335551620&quot;:2,&quot;335559685&quot;:360,&quot;335559739&quot;:160,&quot;335559740&quot;:259}\">\u00a0<\/span><\/p>\n<p style=\"text-align: center;\"><span data-contrast=\"auto\">Ganador: CT Torell\u00f3<\/span><span data-ccp-props=\"{&quot;201341983&quot;:0,&quot;335551550&quot;:2,&quot;335551620&quot;:2,&quot;335559685&quot;:360,&quot;335559739&quot;:160,&quot;335559740&quot;:259}\">\u00a0<\/span><\/p>\n<p style=\"text-align: center;\"><span data-contrast=\"auto\">Finalista: Cercle Sabadell\u00e8s<\/span><span data-ccp-props=\"{&quot;201341983&quot;:0,&quot;335551550&quot;:2,&quot;335551620&quot;:2,&quot;335559685&quot;:360,&quot;335559739&quot;:160,&quot;335559740&quot;:259}\">\u00a0<\/span><\/p>\n<p style=\"text-align: center;\"><span data-ccp-props=\"{&quot;201341983&quot;:0,&quot;335551550&quot;:2,&quot;335551620&quot;:2,&quot;335559685&quot;:360,&quot;335559739&quot;:160,&quot;335559740&quot;:259}\">\u00a0<\/span><\/p>\n<p style=\"text-align: center;\"><b><span data-contrast=\"auto\">Categor\u00eda Sub-10 Masculino<\/span><\/b><span data-ccp-props=\"{&quot;201341983&quot;:0,&quot;335551550&quot;:2,&quot;335551620&quot;:2,&quot;335559685&quot;:360,&quot;335559739&quot;:160,&quot;335559740&quot;:259}\">\u00a0<\/span><\/p>\n<p style=\"text-align: center;\"><span data-contrast=\"auto\">Ganador: CT Torell\u00f3<\/span><span data-ccp-props=\"{&quot;201341983&quot;:0,&quot;335551550&quot;:2,&quot;335551620&quot;:2,&quot;335559685&quot;:360,&quot;335559739&quot;:160,&quot;335559740&quot;:259}\">\u00a0<\/span><\/p>\n<p style=\"text-align: center;\"><span data-contrast=\"auto\">Finalista: Cercle Sabadell\u00e8s<\/span><span data-ccp-props=\"{&quot;201341983&quot;:0,&quot;335551550&quot;:2,&quot;335551620&quot;:2,&quot;335559685&quot;:360,&quot;335559739&quot;:160,&quot;335559740&quot;:259}\">\u00a0<\/span><\/p>\n<p style=\"text-align: center;\"><span data-ccp-props=\"{&quot;201341983&quot;:0,&quot;335551550&quot;:2,&quot;335551620&quot;:2,&quot;335559685&quot;:360,&quot;335559739&quot;:160,&quot;335559740&quot;:259}\">\u00a0<\/span><\/p>\n<p style=\"text-align: center;\"><b><span data-contrast=\"auto\">Categor\u00eda Sub-12 Femenino<\/span><\/b><span data-ccp-props=\"{&quot;201341983&quot;:0,&quot;335551550&quot;:2,&quot;335551620&quot;:2,&quot;335559685&quot;:360,&quot;335559739&quot;:160,&quot;335559740&quot;:259}\">\u00a0<\/span><\/p>\n<p style=\"text-align: center;\"><span data-contrast=\"auto\">Ganador: RCT Barcelona<\/span><span data-ccp-props=\"{&quot;201341983&quot;:0,&quot;335551550&quot;:2,&quot;335551620&quot;:2,&quot;335559685&quot;:360,&quot;335559739&quot;:160,&quot;335559740&quot;:259}\">\u00a0<\/span><\/p>\n<p style=\"text-align: center;\"><span data-contrast=\"auto\">Finalista: Cercle Sabadell\u00e8s<\/span><span data-ccp-props=\"{&quot;201341983&quot;:0,&quot;335551550&quot;:2,&quot;335551620&quot;:2,&quot;335559685&quot;:360,&quot;335559739&quot;:160,&quot;335559740&quot;:259}\">\u00a0<\/span><\/p>\n<p style=\"text-align: center;\"><span data-ccp-props=\"{&quot;201341983&quot;:0,&quot;335551550&quot;:2,&quot;335551620&quot;:2,&quot;335559685&quot;:360,&quot;335559739&quot;:160,&quot;335559740&quot;:259}\">\u00a0<\/span><\/p>\n<p style=\"text-align: center;\"><b><span data-contrast=\"auto\">Categor\u00eda Sub-12 Masculino<\/span><\/b><span data-ccp-props=\"{&quot;201341983&quot;:0,&quot;335551550&quot;:2,&quot;335551620&quot;:2,&quot;335559685&quot;:360,&quot;335559739&quot;:160,&quot;335559740&quot;:259}\">\u00a0<\/span><\/p>\n<p style=\"text-align: center;\"><span data-contrast=\"auto\">Ganador: RCT Barcelona<\/span><span data-ccp-props=\"{&quot;201341983&quot;:0,&quot;335551550&quot;:2,&quot;335551620&quot;:2,&quot;335559685&quot;:360,&quot;335559739&quot;:160,&quot;335559740&quot;:259}\">\u00a0<\/span><\/p>\n<p style=\"text-align: center;\"><span data-contrast=\"auto\">Finalista: CT Vilanova<\/span><span data-ccp-props=\"{&quot;201341983&quot;:0,&quot;335551550&quot;:2,&quot;335551620&quot;:2,&quot;335559685&quot;:360,&quot;335559739&quot;:160,&quot;335559740&quot;:259}\">\u00a0<\/span><\/p>\n<p style=\"text-align: center;\"><span data-ccp-props=\"{&quot;201341983&quot;:0,&quot;335551550&quot;:2,&quot;335551620&quot;:2,&quot;335559685&quot;:360,&quot;335559739&quot;:160,&quot;335559740&quot;:259}\">\u00a0<\/span><\/p>\n<p style=\"text-align: center;\"><b><span data-contrast=\"auto\">Categor\u00eda Minitenis<\/span><\/b><span data-ccp-props=\"{&quot;201341983&quot;:0,&quot;335551550&quot;:2,&quot;335551620&quot;:2,&quot;335559685&quot;:360,&quot;335559739&quot;:160,&quot;335559740&quot;:259}\">\u00a0<\/span><\/p>\n<p style=\"text-align: center;\"><span data-contrast=\"auto\">Formato no competitivo. Todos los participantes recibieron una medalla.<\/span><span data-ccp-props=\"{&quot;201341983&quot;:0,&quot;335551550&quot;:2,&quot;335551620&quot;:2,&quot;335559685&quot;:360,&quot;335559739&quot;:160,&quot;335559740&quot;:259}\">\u00a0<\/span><\/p>\n<p><span data-ccp-props=\"{&quot;201341983&quot;:0,&quot;335551550&quot;:6,&quot;335551620&quot;:6,&quot;335559739&quot;:160,&quot;335559740&quot;:259}\">\u00a0<\/span><\/p>\n<p><span data-contrast=\"auto\">Los ganadores y finalistas de las fases provinciales de Lleida, Girona, Tarragona y Barcelona tendr\u00e1n la oportunidad de competir en la gran final de Catalu\u00f1a el 1 de julio en el Cercle Sabadell\u00e8s. Ser\u00e1 un emocionante evento donde se coronar\u00e1 al campe\u00f3n de esta edici\u00f3n de la Xpress Tennis Cup de Catalu\u00f1a.\u00a0<\/span><span data-ccp-props=\"{&quot;201341983&quot;:0,&quot;335551550&quot;:6,&quot;335551620&quot;:6,&quot;335559739&quot;:160,&quot;335559740&quot;:259}\">\u00a0<\/span><\/p>\n<p><span data-contrast=\"auto\">Adem\u00e1s, en la misma sede y el mismo d\u00eda, se llevar\u00e1 a cabo la Xpress Padel Cup de Catalu\u00f1a, ofreciendo a los entusiastas del p\u00e1del la oportunidad de participar. A\u00fan puedes apuntarte en la p\u00e1gina web: <\/span><a href=\"https:\/\/www.fundacionoccident.org\/xpress-tennis-cup\/torneo-xpress-padel-cup\/participa-xpress-padel-cup\"><span data-contrast=\"none\">https:\/\/www.fundacionoccident.org\/xpress-tennis-cup\/torneo-xpress-padel-cup\/participa-xpress-padel-cup<\/span><\/a><span data-contrast=\"auto\">\u00a0 y formar parte de esta experiencia deportiva \u00fanica.<\/span><span data-ccp-props=\"{&quot;201341983&quot;:0,&quot;335551550&quot;:6,&quot;335551620&quot;:6,&quot;335559739&quot;:160,&quot;335559740&quot;:259}\">\u00a0<\/span><\/p>\n","protected":false},"excerpt":{"rendered":"<p>La Xpress Tennis Cup, el prestigioso torneo de tenis base organizado por Fundaci\u00f3n Jes\u00fas Serra de GCO, tuvo lugar el fin de semana del 17 y 18 de junio en el Cercle Sabadell\u00e8s. El evento comenz\u00f3 el s\u00e1bado con la emocionante fase provincial de Barcelona&#8230;<\/p>\n","protected":false},"author":22,"featured_media":8373,"comment_status":"closed","ping_status":"closed","sticky":false,"template":"","format":"standard","meta":{"footnotes":"","_links_to":"","_links_to_target":""},"categories":[50],"tags":[],"class_list":["post-8372","post","type-post","status-publish","format-standard","has-post-thumbnail","hentry","category-xtc"],"yoast_head":"<!-- This site is optimized with the Yoast SEO plugin v26.3 - https:\/\/yoast.com\/wordpress\/plugins\/seo\/ -->\n<title>Se celebra la fase provincial de Barcelona de la Xpress Tennis Cup en el Cercle Sabadell\u00e8s y se pospone la gran final de Catalunya al 1 de julio - Xpress Tennis Cup<\/title>\n<meta name=\"robots\" content=\"index, follow, max-snippet:-1, max-image-preview:large, max-video-preview:-1\" \/>\n<link rel=\"canonical\" href=\"https:\/\/edicion.fundacionoccident.org\/tennis\/wp-json\/wp\/v2\/posts\/8372\" \/>\n<meta property=\"og:locale\" content=\"es_ES\" \/>\n<meta property=\"og:type\" content=\"article\" \/>\n<meta property=\"og:title\" content=\"Se celebra la fase provincial de Barcelona de la Xpress Tennis Cup en el Cercle Sabadell\u00e8s y se pospone la gran final de Catalunya al 1 de julio - Xpress Tennis Cup\" \/>\n<meta property=\"og:description\" content=\"La Xpress Tennis Cup, el prestigioso torneo de tenis base organizado por Fundaci\u00f3n Jes\u00fas Serra de GCO, tuvo lugar el fin de semana del 17 y 18 de junio en el Cercle Sabadell\u00e8s. El evento comenz\u00f3 el s\u00e1bado con la emocionante fase provincial de Barcelona...\" \/>\n<meta property=\"og:url\" content=\"https:\/\/edicion.fundacionoccident.org\/tennis\/se-celebra-la-fase-provincial-de-barcelona-de-la-xpress-tennis-cup-en-el-cercle-sabadelles-y-se-pospone-la-gran-final-de-catalunya-al-1-de-julio\" \/>\n<meta property=\"og:site_name\" content=\"Xpress Tennis Cup\" \/>\n<meta property=\"article:published_time\" content=\"2023-06-25T09:05:44+00:00\" \/>\n<meta property=\"article:modified_time\" content=\"2023-06-29T09:09:04+00:00\" \/>\n<meta property=\"og:image\" content=\"https:\/\/edicion.fundacionoccident.org\/tennis\/wp-content\/uploads\/2023\/06\/0b40eb11-1278-4de9-b66c-1101e37eabed.jpeg\" \/>\n\t<meta property=\"og:image:width\" content=\"1330\" \/>\n\t<meta property=\"og:image:height\" content=\"887\" \/>\n\t<meta property=\"og:image:type\" content=\"image\/jpeg\" \/>\n<meta name=\"author\" content=\"Erik De la fuente\" \/>\n<meta name=\"twitter:card\" content=\"summary_large_image\" \/>\n<meta name=\"twitter:label1\" content=\"Escrito por\" \/>\n\t<meta name=\"twitter:data1\" content=\"Erik De la fuente\" \/>\n\t<meta name=\"twitter:label2\" content=\"Tiempo de lectura\" \/>\n\t<meta name=\"twitter:data2\" content=\"3 minutos\" \/>\n<script type=\"application\/ld+json\" class=\"yoast-schema-graph\">{\"@context\":\"https:\/\/schema.org\",\"@graph\":[{\"@type\":\"WebPage\",\"@id\":\"https:\/\/edicion.fundacionoccident.org\/tennis\/se-celebra-la-fase-provincial-de-barcelona-de-la-xpress-tennis-cup-en-el-cercle-sabadelles-y-se-pospone-la-gran-final-de-catalunya-al-1-de-julio\",\"url\":\"https:\/\/edicion.fundacionoccident.org\/tennis\/se-celebra-la-fase-provincial-de-barcelona-de-la-xpress-tennis-cup-en-el-cercle-sabadelles-y-se-pospone-la-gran-final-de-catalunya-al-1-de-julio\",\"name\":\"Se celebra la fase provincial de Barcelona de la Xpress Tennis Cup en el Cercle Sabadell\u00e8s y se pospone la gran final de Catalunya al 1 de julio - Xpress Tennis Cup\",\"isPartOf\":{\"@id\":\"https:\/\/edicion.fundacionoccident.org\/tennis\/#website\"},\"primaryImageOfPage\":{\"@id\":\"https:\/\/edicion.fundacionoccident.org\/tennis\/se-celebra-la-fase-provincial-de-barcelona-de-la-xpress-tennis-cup-en-el-cercle-sabadelles-y-se-pospone-la-gran-final-de-catalunya-al-1-de-julio#primaryimage\"},\"image\":{\"@id\":\"https:\/\/edicion.fundacionoccident.org\/tennis\/se-celebra-la-fase-provincial-de-barcelona-de-la-xpress-tennis-cup-en-el-cercle-sabadelles-y-se-pospone-la-gran-final-de-catalunya-al-1-de-julio#primaryimage\"},\"thumbnailUrl\":\"https:\/\/edicion.fundacionoccident.org\/tennis\/wp-content\/uploads\/2023\/06\/0b40eb11-1278-4de9-b66c-1101e37eabed.jpeg\",\"datePublished\":\"2023-06-25T09:05:44+00:00\",\"dateModified\":\"2023-06-29T09:09:04+00:00\",\"author\":{\"@id\":\"https:\/\/edicion.fundacionoccident.org\/tennis\/#\/schema\/person\/15d394139c89086a652baba6d9dac40e\"},\"breadcrumb\":{\"@id\":\"https:\/\/edicion.fundacionoccident.org\/tennis\/se-celebra-la-fase-provincial-de-barcelona-de-la-xpress-tennis-cup-en-el-cercle-sabadelles-y-se-pospone-la-gran-final-de-catalunya-al-1-de-julio#breadcrumb\"},\"inLanguage\":\"es\",\"potentialAction\":[{\"@type\":\"ReadAction\",\"target\":[\"https:\/\/edicion.fundacionoccident.org\/tennis\/se-celebra-la-fase-provincial-de-barcelona-de-la-xpress-tennis-cup-en-el-cercle-sabadelles-y-se-pospone-la-gran-final-de-catalunya-al-1-de-julio\"]}]},{\"@type\":\"ImageObject\",\"inLanguage\":\"es\",\"@id\":\"https:\/\/edicion.fundacionoccident.org\/tennis\/se-celebra-la-fase-provincial-de-barcelona-de-la-xpress-tennis-cup-en-el-cercle-sabadelles-y-se-pospone-la-gran-final-de-catalunya-al-1-de-julio#primaryimage\",\"url\":\"https:\/\/edicion.fundacionoccident.org\/tennis\/wp-content\/uploads\/2023\/06\/0b40eb11-1278-4de9-b66c-1101e37eabed.jpeg\",\"contentUrl\":\"https:\/\/edicion.fundacionoccident.org\/tennis\/wp-content\/uploads\/2023\/06\/0b40eb11-1278-4de9-b66c-1101e37eabed.jpeg\",\"width\":1330,\"height\":887},{\"@type\":\"BreadcrumbList\",\"@id\":\"https:\/\/edicion.fundacionoccident.org\/tennis\/se-celebra-la-fase-provincial-de-barcelona-de-la-xpress-tennis-cup-en-el-cercle-sabadelles-y-se-pospone-la-gran-final-de-catalunya-al-1-de-julio#breadcrumb\",\"itemListElement\":[{\"@type\":\"ListItem\",\"position\":1,\"name\":\"Portada\",\"item\":\"https:\/\/edicion.fundacionoccident.org\/tennis\/\"},{\"@type\":\"ListItem\",\"position\":2,\"name\":\"Se celebra la fase provincial de Barcelona de la Xpress Tennis Cup en el Cercle Sabadell\u00e8s y se pospone la gran final de Catalunya al 1 de julio\"}]},{\"@type\":\"WebSite\",\"@id\":\"https:\/\/edicion.fundacionoccident.org\/tennis\/#website\",\"url\":\"https:\/\/edicion.fundacionoccident.org\/tennis\/\",\"name\":\"Xpress Tennis Cup\",\"description\":\"Fundaci\u00f3 Jes\u00fas Serra\",\"potentialAction\":[{\"@type\":\"SearchAction\",\"target\":{\"@type\":\"EntryPoint\",\"urlTemplate\":\"https:\/\/edicion.fundacionoccident.org\/tennis\/?s={search_term_string}\"},\"query-input\":{\"@type\":\"PropertyValueSpecification\",\"valueRequired\":true,\"valueName\":\"search_term_string\"}}],\"inLanguage\":\"es\"},{\"@type\":\"Person\",\"@id\":\"https:\/\/edicion.fundacionoccident.org\/tennis\/#\/schema\/person\/15d394139c89086a652baba6d9dac40e\",\"name\":\"Erik De la fuente\",\"url\":\"https:\/\/edicion.fundacionoccident.org\/tennis\/author\/erik-de-la-fuente\"}]}<\/script>\n<!-- \/ Yoast SEO plugin. -->","yoast_head_json":{"title":"Se celebra la fase provincial de Barcelona de la Xpress Tennis Cup en el Cercle Sabadell\u00e8s y se pospone la gran final de Catalunya al 1 de julio - Xpress Tennis Cup","robots":{"index":"index","follow":"follow","max-snippet":"max-snippet:-1","max-image-preview":"max-image-preview:large","max-video-preview":"max-video-preview:-1"},"canonical":"https:\/\/edicion.fundacionoccident.org\/tennis\/wp-json\/wp\/v2\/posts\/8372","og_locale":"es_ES","og_type":"article","og_title":"Se celebra la fase provincial de Barcelona de la Xpress Tennis Cup en el Cercle Sabadell\u00e8s y se pospone la gran final de Catalunya al 1 de julio - Xpress Tennis Cup","og_description":"La Xpress Tennis Cup, el prestigioso torneo de tenis base organizado por Fundaci\u00f3n Jes\u00fas Serra de GCO, tuvo lugar el fin de semana del 17 y 18 de junio en el Cercle Sabadell\u00e8s. El evento comenz\u00f3 el s\u00e1bado con la emocionante fase provincial de Barcelona...","og_url":"https:\/\/edicion.fundacionoccident.org\/tennis\/se-celebra-la-fase-provincial-de-barcelona-de-la-xpress-tennis-cup-en-el-cercle-sabadelles-y-se-pospone-la-gran-final-de-catalunya-al-1-de-julio","og_site_name":"Xpress Tennis Cup","article_published_time":"2023-06-25T09:05:44+00:00","article_modified_time":"2023-06-29T09:09:04+00:00","og_image":[{"width":1330,"height":887,"url":"https:\/\/edicion.fundacionoccident.org\/tennis\/wp-content\/uploads\/2023\/06\/0b40eb11-1278-4de9-b66c-1101e37eabed.jpeg","type":"image\/jpeg"}],"author":"Erik De la fuente","twitter_card":"summary_large_image","twitter_misc":{"Escrito por":"Erik De la fuente","Tiempo de lectura":"3 minutos"},"schema":{"@context":"https:\/\/schema.org","@graph":[{"@type":"WebPage","@id":"https:\/\/edicion.fundacionoccident.org\/tennis\/se-celebra-la-fase-provincial-de-barcelona-de-la-xpress-tennis-cup-en-el-cercle-sabadelles-y-se-pospone-la-gran-final-de-catalunya-al-1-de-julio","url":"https:\/\/edicion.fundacionoccident.org\/tennis\/se-celebra-la-fase-provincial-de-barcelona-de-la-xpress-tennis-cup-en-el-cercle-sabadelles-y-se-pospone-la-gran-final-de-catalunya-al-1-de-julio","name":"Se celebra la fase provincial de Barcelona de la Xpress Tennis Cup en el Cercle Sabadell\u00e8s y se pospone la gran final de Catalunya al 1 de julio - Xpress Tennis Cup","isPartOf":{"@id":"https:\/\/edicion.fundacionoccident.org\/tennis\/#website"},"primaryImageOfPage":{"@id":"https:\/\/edicion.fundacionoccident.org\/tennis\/se-celebra-la-fase-provincial-de-barcelona-de-la-xpress-tennis-cup-en-el-cercle-sabadelles-y-se-pospone-la-gran-final-de-catalunya-al-1-de-julio#primaryimage"},"image":{"@id":"https:\/\/edicion.fundacionoccident.org\/tennis\/se-celebra-la-fase-provincial-de-barcelona-de-la-xpress-tennis-cup-en-el-cercle-sabadelles-y-se-pospone-la-gran-final-de-catalunya-al-1-de-julio#primaryimage"},"thumbnailUrl":"https:\/\/edicion.fundacionoccident.org\/tennis\/wp-content\/uploads\/2023\/06\/0b40eb11-1278-4de9-b66c-1101e37eabed.jpeg","datePublished":"2023-06-25T09:05:44+00:00","dateModified":"2023-06-29T09:09:04+00:00","author":{"@id":"https:\/\/edicion.fundacionoccident.org\/tennis\/#\/schema\/person\/15d394139c89086a652baba6d9dac40e"},"breadcrumb":{"@id":"https:\/\/edicion.fundacionoccident.org\/tennis\/se-celebra-la-fase-provincial-de-barcelona-de-la-xpress-tennis-cup-en-el-cercle-sabadelles-y-se-pospone-la-gran-final-de-catalunya-al-1-de-julio#breadcrumb"},"inLanguage":"es","potentialAction":[{"@type":"ReadAction","target":["https:\/\/edicion.fundacionoccident.org\/tennis\/se-celebra-la-fase-provincial-de-barcelona-de-la-xpress-tennis-cup-en-el-cercle-sabadelles-y-se-pospone-la-gran-final-de-catalunya-al-1-de-julio"]}]},{"@type":"ImageObject","inLanguage":"es","@id":"https:\/\/edicion.fundacionoccident.org\/tennis\/se-celebra-la-fase-provincial-de-barcelona-de-la-xpress-tennis-cup-en-el-cercle-sabadelles-y-se-pospone-la-gran-final-de-catalunya-al-1-de-julio#primaryimage","url":"https:\/\/edicion.fundacionoccident.org\/tennis\/wp-content\/uploads\/2023\/06\/0b40eb11-1278-4de9-b66c-1101e37eabed.jpeg","contentUrl":"https:\/\/edicion.fundacionoccident.org\/tennis\/wp-content\/uploads\/2023\/06\/0b40eb11-1278-4de9-b66c-1101e37eabed.jpeg","width":1330,"height":887},{"@type":"BreadcrumbList","@id":"https:\/\/edicion.fundacionoccident.org\/tennis\/se-celebra-la-fase-provincial-de-barcelona-de-la-xpress-tennis-cup-en-el-cercle-sabadelles-y-se-pospone-la-gran-final-de-catalunya-al-1-de-julio#breadcrumb","itemListElement":[{"@type":"ListItem","position":1,"name":"Portada","item":"https:\/\/edicion.fundacionoccident.org\/tennis\/"},{"@type":"ListItem","position":2,"name":"Se celebra la fase provincial de Barcelona de la Xpress Tennis Cup en el Cercle Sabadell\u00e8s y se pospone la gran final de Catalunya al 1 de julio"}]},{"@type":"WebSite","@id":"https:\/\/edicion.fundacionoccident.org\/tennis\/#website","url":"https:\/\/edicion.fundacionoccident.org\/tennis\/","name":"Xpress Tennis Cup","description":"Fundaci\u00f3 Jes\u00fas Serra","potentialAction":[{"@type":"SearchAction","target":{"@type":"EntryPoint","urlTemplate":"https:\/\/edicion.fundacionoccident.org\/tennis\/?s={search_term_string}"},"query-input":{"@type":"PropertyValueSpecification","valueRequired":true,"valueName":"search_term_string"}}],"inLanguage":"es"},{"@type":"Person","@id":"https:\/\/edicion.fundacionoccident.org\/tennis\/#\/schema\/person\/15d394139c89086a652baba6d9dac40e","name":"Erik De la fuente","url":"https:\/\/edicion.fundacionoccident.org\/tennis\/author\/erik-de-la-fuente"}]}},"_links":{"self":[{"href":"https:\/\/edicion.fundacionoccident.org\/tennis\/wp-json\/wp\/v2\/posts\/8372","targetHints":{"allow":["GET"]}}],"collection":[{"href":"https:\/\/edicion.fundacionoccident.org\/tennis\/wp-json\/wp\/v2\/posts"}],"about":[{"href":"https:\/\/edicion.fundacionoccident.org\/tennis\/wp-json\/wp\/v2\/types\/post"}],"author":[{"embeddable":true,"href":"https:\/\/edicion.fundacionoccident.org\/tennis\/wp-json\/wp\/v2\/users\/22"}],"replies":[{"embeddable":true,"href":"https:\/\/edicion.fundacionoccident.org\/tennis\/wp-json\/wp\/v2\/comments?post=8372"}],"version-history":[{"count":1,"href":"https:\/\/edicion.fundacionoccident.org\/tennis\/wp-json\/wp\/v2\/posts\/8372\/revisions"}],"predecessor-version":[{"id":8374,"href":"https:\/\/edicion.fundacionoccident.org\/tennis\/wp-json\/wp\/v2\/posts\/8372\/revisions\/8374"}],"wp:featuredmedia":[{"embeddable":true,"href":"https:\/\/edicion.fundacionoccident.org\/tennis\/wp-json\/wp\/v2\/media\/8373"}],"wp:attachment":[{"href":"https:\/\/edicion.fundacionoccident.org\/tennis\/wp-json\/wp\/v2\/media?parent=8372"}],"wp:term":[{"taxonomy":"category","embeddable":true,"href":"https:\/\/edicion.fundacionoccident.org\/tennis\/wp-json\/wp\/v2\/categories?post=8372"},{"taxonomy":"post_tag","embeddable":true,"href":"https:\/\/edicion.fundacionoccident.org\/tennis\/wp-json\/wp\/v2\/tags?post=8372"}],"curies":[{"name":"wp","href":"https:\/\/api.w.org\/{rel}","templated":true}]}}